{"id":546834,"date":"2025-11-20T12:43:19","date_gmt":"2025-11-20T12:43:19","guid":{"rendered":"https:\/\/www.europesays.com\/fr\/546834\/"},"modified":"2025-11-20T12:43:19","modified_gmt":"2025-11-20T12:43:19","slug":"les-jokers-de-cergy-pontoise-prives-de-leur-ultras-contre-rouen","status":"publish","type":"post","link":"https:\/\/www.europesays.com\/fr\/546834\/","title":{"rendered":"les Jokers de Cergy-Pontoise priv\u00e9s de leur \u00a0\u00bb ultras \u00a0\u00bb contre Rouen"},"content":{"rendered":"<p>                    Par<br \/>\n        <strong><br \/>\n            <a href=\"https:\/\/actu.fr\/auteur\/joseph-canu\" title=\"Consulter tous les articles de Joseph CANU\" rel=\"nofollow noopener\" target=\"_blank\">Joseph CANU<\/a><br \/>\n                    <\/strong><\/p>\n<p>        Publi\u00e9 le<\/p>\n<p>            20 nov. 2025 \u00e0 12h54        <\/p>\n<p>En raison de l\u2019usage d\u2019un fumig\u00e8ne lors du premier match du championnat face aux <b>Gothiques d\u2019Amiens<\/b>, samedi 13 septembre 2025, les <b>Jokers <\/b>se sont vu infliger une sanction par la <b>commission disciplinair<\/b>e de premi\u00e8re instance de la <b>F\u00e9d\u00e9ration fran\u00e7aise de hockey sur glace<\/b> (Ffh). Ils devront se passer de leur \u00e9nergique <b>Tribune K <\/b>de supporters pendant les deux prochains matchs, ce qu\u2019on appelle des \u00ab <b>huis clos partiels cibl\u00e9s<\/b> \u00bb.<\/p>\n<p class=\" wall-content\">Le club risque \u00e9galement deux matchs \u00e0 <b>huis clos complet<\/b> si les faits se reproduisent d\u2019ici \u00e0 un an, en raison d\u2019un sursis. Il tient, par ailleurs, \u00e0 rappeler que \u00ab l\u2019usage de fumig\u00e8ne ou de tout autre dispositif pyrotechnique est interdit dans une enceinte sportive et donc \u00e9videmment \u00e0 l\u2019<b>Aren\u2019Ice<\/b>. Ces pratiques pr\u00e9sentant des risques importants pour la s\u00e9curit\u00e9 du public et des acteurs du jeu \u00bb.<\/p>\n<p class=\" wall-content\">Les Jokers devront donc se passer de leur Tribune K pour la<a href=\"https:\/\/actu.fr\/ile-de-france\/cergy_95127\/hockey-les-jokers-de-cergy-pontoise-retrouvent-le-chemin-de-la-victoire_63456874.html\" rel=\"nofollow noopener\" target=\"_blank\"> rencontre face aux <b>Dragons de Rouen<\/b> <\/a>(Seine-Maritime) \u00e0 l\u2019Aren\u2019ice, ce <b>vendredi 21 novembre<\/b>, \u00e0 20h30, avant celle de <b>dimanche 23 novembre<\/b>, \u00e0 15h, contre les Spartiates de\u00a0<b>Marseilles\u00a0<\/b>(Bouches-du-Rh\u00f4ne). La rencontre sera diffus\u00e9e sur\u00a0<b>Magnus.tv<\/b>, plateforme d\u00e9di\u00e9e qui d\u00e9tient les droits de l\u2019int\u00e9gralit\u00e9 de la Ligue Magnus pour la saison.<\/p>\n<p class=\" wall-content\">Ils devront \u00e9galement compter sans deux de leurs joueurs, <b>Antoine Addamo<\/b> et <b>Oscar Gustafsson<\/b>, <b>suspendus<\/b>.<\/p>\n<p>    <a href=\"https:\/\/www.facebook.com\/plugins\/post.php?href=https%3A%2F%2Fwww.facebook.com%2FInfosjokers%2Fposts%2Fpfbid06j7zKGrsk372qDPTxRAsKUoE4pnExT36YjBe5f8W4L9HE5w9Nay2CWMCWoQQxUcwl&amp;show_text=true&amp;width=350\" title=\"Ouvrie le lien\" rel=\"nofollow noopener\" target=\"_blank\">Cliquez ici pour visualiser le contenu<\/a><\/p>\n<p>Encore quelques places \u00e0 gagner<\/p>\n<p class=\" wall-content\">Fid\u00e8les partenaires des Jokers,\u00a0<b>La Gazette du Val-d\u2019Oise\u00a0<\/b>et\u00a0<b>L\u2019\u00c9cho, le R\u00e9gional\u00a0<\/b>offrent toujours la possibilit\u00e9 \u00e0 cinq de leurs lecteurs de gagner chacun deux places pour assister \u00e0 chacune des deux prochaines rencontres \u00e0 domicile. Si certaines ont d\u00e9j\u00e0 \u00e9t\u00e9 remport\u00e9es, il en reste encore quelque \u2018unes. Avis aux int\u00e9ress\u00e9s.<\/p>\n<p>Vid\u00e9os : en ce moment sur Actu<\/p>\n<p class=\" wall-content\">Les dix lecteurs qui r\u00e9pondront le plus rapidement \u00e0 la question suivante : \u00a0\u00bb\u00a0<b>dans quelle \u00e9mission de la cha\u00eene M6 les Jokers ont-ils fait l\u2019objet d\u2019un reportage dimanche 15\u00a0novembre ?<\/b> \u00ab\u00a0, se verront offrir chacun deux invitations.\u00a0Pour participer, il vous suffit de faire parvenir votre r\u00e9ponse \u00e0\u00a0<b><a href=\"https:\/\/actu.fr\/cdn-cgi\/l\/email-protection\" class=\"__cf_email__\" data-cfemail=\"0d67627e687d65236e6c63784d6c6e7978236b7f\" rel=\"nofollow noopener\" target=\"_blank\">[email\u00a0protected]<\/a><\/b>, en pr\u00e9cisant vos nom, pr\u00e9nom, num\u00e9ro de t\u00e9l\u00e9phone et adresse mail pour pouvoir \u00eatre pr\u00e9venus, ainsi que la rencontre \u00e0 laquelle vous souhaitez assister. \u00c0 vous de jouer !<\/p>\n<p class=\" wall-content\">Personnalisez votre actualit\u00e9 en ajoutant vos villes et m\u00e9dias en favori avec <a href=\"https:\/\/moncompte.actu.fr\" title=\"D\u00e9couvez Mon Actu\" rel=\"nofollow noopener\" data-trk=\"{&quot;cta&quot;:{&quot;action&quot;:&quot;https:\\\/\\\/moncompte.actu.fr&quot;,&quot;category&quot;:&quot;mon compte&quot;,&quot;from&quot;:&quot;article footer&quot;,&quot;name&quot;:&quot;Mon actu&quot;,&quot;type&quot;:&quot;cta&quot;}}\" target=\"_blank\">Mon Actu<\/a>.<\/p>\n","protected":false},"excerpt":{"rendered":"Par Joseph CANU Publi\u00e9 le 20 nov. 2025 \u00e0 12h54 En raison de l\u2019usage d\u2019un fumig\u00e8ne lors du&hellip;\n","protected":false},"author":2,"featured_media":546835,"comment_status":"","ping_status":"","sticky":false,"template":"","format":"standard","meta":{"footnotes":""},"categories":[9587],"tags":[1111,11,1777,674,1011,27,12,5161,25,9590,60],"class_list":{"0":"post-546834","1":"post","2":"type-post","3":"status-publish","4":"format-standard","5":"has-post-thumbnail","7":"category-rouen","8":"tag-actu","9":"tag-actualites","10":"tag-eu","11":"tag-europe","12":"tag-fr","13":"tag-france","14":"tag-news","15":"tag-normandie","16":"tag-republique-francaise","17":"tag-rouen","18":"tag-sports"},"share_on_mastodon":{"url":"https:\/\/pubeurope.com\/@fr\/115582088344442170","error":""},"_links":{"self":[{"href":"https:\/\/www.europesays.com\/fr\/wp-json\/wp\/v2\/posts\/546834","targetHints":{"allow":["GET"]}}],"collection":[{"href":"https:\/\/www.europesays.com\/fr\/wp-json\/wp\/v2\/posts"}],"about":[{"href":"https:\/\/www.europesays.com\/fr\/wp-json\/wp\/v2\/types\/post"}],"author":[{"embeddable":true,"href":"https:\/\/www.europesays.com\/fr\/wp-json\/wp\/v2\/users\/2"}],"replies":[{"embeddable":true,"href":"https:\/\/www.europesays.com\/fr\/wp-json\/wp\/v2\/comments?post=546834"}],"version-history":[{"count":0,"href":"https:\/\/www.europesays.com\/fr\/wp-json\/wp\/v2\/posts\/546834\/revisions"}],"wp:featuredmedia":[{"embeddable":true,"href":"https:\/\/www.europesays.com\/fr\/wp-json\/wp\/v2\/media\/546835"}],"wp:attachment":[{"href":"https:\/\/www.europesays.com\/fr\/wp-json\/wp\/v2\/media?parent=546834"}],"wp:term":[{"taxonomy":"category","embeddable":true,"href":"https:\/\/www.europesays.com\/fr\/wp-json\/wp\/v2\/categories?post=546834"},{"taxonomy":"post_tag","embeddable":true,"href":"https:\/\/www.europesays.com\/fr\/wp-json\/wp\/v2\/tags?post=546834"}],"curies":[{"name":"wp","href":"https:\/\/api.w.org\/{rel}","templated":true}]}}