{"id":546836,"date":"2025-11-20T12:44:10","date_gmt":"2025-11-20T12:44:10","guid":{"rendered":"https:\/\/www.europesays.com\/fr\/546836\/"},"modified":"2025-11-20T12:44:10","modified_gmt":"2025-11-20T12:44:10","slug":"horaires-programmation-ce-quil-faut-savoir","status":"publish","type":"post","link":"https:\/\/www.europesays.com\/fr\/546836\/","title":{"rendered":"horaires, programmation, ce qu&rsquo;il faut savoir"},"content":{"rendered":"<p>                    Par<br \/>\n        <strong><br \/>\n            <a href=\"https:\/\/actu.fr\/auteur\/lisa-rodrigues\" title=\"Consulter tous les articles de Lisa Rodrigues\" rel=\"nofollow noopener\" target=\"_blank\">Lisa Rodrigues<\/a><br \/>\n                    <\/strong><\/p>\n<p>        Publi\u00e9 le<\/p>\n<p>            20 nov. 2025 \u00e0 13h07        <\/p>\n<p>Plus que 35 dodos, et c\u2019est No\u00ebl ! Pour patienter, vendredi 21 novembre s\u2019ouvre \u00e0 <a href=\"https:\/\/actu.fr\/auvergne-rhone-alpes\/grenoble_38185\" rel=\"nofollow noopener\" target=\"_blank\">Grenoble<\/a> le traditionnel <strong>march\u00e9 de No\u00ebl<\/strong>, et ce, jusqu\u2019au mercredi 24 d\u00e9cembre inclus.<\/p>\n<p class=\" wall-content\">Comme chaque ann\u00e9e, les visiteurs vont y trouver des stands des commer\u00e7ants et artisans pour faire leurs achats de No\u00ebl, des espaces restauration et buvettes, ainsi que des animations pour petits et grands.\u00a0<\/p>\n<p class=\" wall-content\">Voici ce qu\u2019il faut savoir sur cette \u00e9dition 2025.<\/p>\n<p>73 stands sur le march\u00e9<\/p>\n<p class=\" wall-content\">Le march\u00e9 de No\u00ebl revient sur la place Victor-Hugo <strong>de 10 heures \u00e0 20 heures<\/strong> du dimanche au mercredi, et de 10 heures \u00e0 21 heures du jeudi au samedi (fermeture \u00e0 17 heures le 24 d\u00e9cembre).<\/p>\n<p>    <a href=\"https:\/\/www.google.com\/maps\/embed?pb=!1m18!1m12!1m3!1d2811.888352862632!2d5.721607375922708!3d45.18935625173537!2m3!1f0!2f0!3f0!3m2!1i1024!2i768!4f13.1!3m3!1m2!1s0x478af48ed524b72b%3A0xf53f94cb1892e64c!2sPl.%20Victor%20Hugo%2C%2038000%20Grenoble!5e0!3m2!1sfr!2sfr!4v1763636097500!5m2!1sfr!2sfr\" title=\"Ouvrie le lien\" rel=\"nofollow noopener\" target=\"_blank\">Cliquez ici pour visualiser le contenu<\/a><\/p>\n<p class=\" wall-content\">La zone restauration ferme, elle, \u00e0 22 heures tous les jours. Un espace de restauration assise en salle est aussi propos\u00e9.<\/p>\n<p class=\" wall-content\">Plus de <strong>70 professionnels<\/strong> vont \u00eatre pr\u00e9sents tout au long du march\u00e9 pour proposer objets de d\u00e9coration et d\u2019art, bijoux, accessoires et v\u00eatements ou confiseries. Des associations vont aussi \u00eatre pr\u00e9sentes, \u00e0 l\u2019image du Secours populaire qui propose d\u2019emballer les cadeaux des visiteurs.<\/p>\n<p>Votre r\u00e9gion, votre actu !<\/p>\n<p>Recevez chaque jour les infos qui comptent pour vous.<\/p>\n<p>\t<a href=\"https:\/\/actu.fr\/newsletter\" class=\"ac-btn ac-btn--corner ac-btn--medium ac-btn--blue800\" rel=\"nofollow noopener\" target=\"_blank\">S&rsquo;incrire<\/a><\/p>\n<p class=\" wall-content\">Pour l\u2019occasion, la fontaine de la place <a href=\"https:\/\/actu.fr\/auvergne-rhone-alpes\/grenoble_38185\/grenoble-cette-fontaine-tres-appreciee-va-etre-relancee-voici-quand_62361851.html\" rel=\"nofollow noopener\" target=\"_blank\">qui a \u00e9t\u00e9 r\u00e9habilit\u00e9e<\/a> \u00ab\u00a0sera mise en lumi\u00e8re pour l\u2019occasion\u00a0\u00bb, ajoute la Ville de Grenoble.\u00a0<\/p>\n<p>Des man\u00e8ges pour les enfants dans le centre<\/p>\n<p class=\" wall-content\">Pour les plus petits, des man\u00e8ges vont \u00eatre install\u00e9s sur <strong>la place Victor-Hugo<\/strong> le temps du march\u00e9 de No\u00ebl, ainsi que sur <strong>la place Grenette<\/strong> du 20 novembre au 4 janvier et sur <strong>la place F\u00e9lix-Poulat<\/strong> du 18 d\u00e9cembre au 6 janvier.<\/p>\n<p class=\" wall-content\">Un march\u00e9 aux sapins va \u00e9galement se tenir boulevard Clemenceau du 6 au 24 d\u00e9cembre, de 8 heures \u00e0 19 heures.<\/p>\n<p>Des animations programm\u00e9es<\/p>\n<p class=\" wall-content\">C\u00f4t\u00e9 animations au sein de march\u00e9 de No\u00ebl, la Ville a pr\u00e9vu plusieurs rendez-vous et temps forts.\u00a0<\/p>\n<p class=\" wall-content\">Pour l\u2019ouverture, vendredi 21 d\u00e9cembre, un DJ set est programm\u00e9 de 18h30 \u00e0 20h45. D\u2019autres artistes se produiront le soir, notamment les week-ends, jusqu\u2019en d\u00e9cembre.<\/p>\n<p class=\" wall-content\">Divers ateliers de maquillage et d\u2019arts cr\u00e9atifs sont organis\u00e9s pour les enfants, en particulier les mercredis. La M\u00e8re No\u00ebl va aussi conter des histoires aux tout-petits les dimanches.<\/p>\n<p class=\" wall-content\">Et bien s\u00fbr, il est possible de rencontrer <a href=\"https:\/\/actu.fr\/societe\/le-secretariat-du-pere-noel-ouvre-comment-envoyer-sa-lettre-en-2025-et-recevoir-une-reponse_63453972.html\" rel=\"nofollow noopener\" target=\"_blank\">le P\u00e8re No\u00ebl<\/a> en personne les mercredis, samedis et dimanches de 14 heures \u00e0 19 heures, ainsi que le lundi 22 et le mardi 23 d\u00e9cembre.<\/p>\n<p class=\" wall-content\">Personnalisez votre actualit\u00e9 en ajoutant vos villes et m\u00e9dias en favori avec <a href=\"https:\/\/moncompte.actu.fr\" title=\"D\u00e9couvez Mon Actu\" rel=\"nofollow noopener\" data-trk=\"{&quot;cta&quot;:{&quot;action&quot;:&quot;https:\\\/\\\/moncompte.actu.fr&quot;,&quot;category&quot;:&quot;mon compte&quot;,&quot;from&quot;:&quot;article footer&quot;,&quot;name&quot;:&quot;Mon actu&quot;,&quot;type&quot;:&quot;cta&quot;}}\" target=\"_blank\">Mon Actu<\/a>.<\/p>\n","protected":false},"excerpt":{"rendered":"Par Lisa Rodrigues Publi\u00e9 le 20 nov. 2025 \u00e0 13h07 Plus que 35 dodos, et c\u2019est No\u00ebl !&hellip;\n","protected":false},"author":2,"featured_media":546837,"comment_status":"","ping_status":"","sticky":false,"template":"","format":"standard","meta":{"footnotes":""},"categories":[9566],"tags":[1111,11,2430,1777,674,1011,27,2731,1652,2089,12,15830,25],"class_list":{"0":"post-546836","1":"post","2":"type-post","3":"status-publish","4":"format-standard","5":"has-post-thumbnail","7":"category-grenoble","8":"tag-actu","9":"tag-actualites","10":"tag-auvergne-rhone-alpes","11":"tag-eu","12":"tag-europe","13":"tag-fr","14":"tag-france","15":"tag-grenoble","16":"tag-loisirs-culture","17":"tag-marche","18":"tag-news","19":"tag-noel","20":"tag-republique-francaise"},"share_on_mastodon":{"url":"https:\/\/pubeurope.com\/@fr\/115582092176651280","error":""},"_links":{"self":[{"href":"https:\/\/www.europesays.com\/fr\/wp-json\/wp\/v2\/posts\/546836","targetHints":{"allow":["GET"]}}],"collection":[{"href":"https:\/\/www.europesays.com\/fr\/wp-json\/wp\/v2\/posts"}],"about":[{"href":"https:\/\/www.europesays.com\/fr\/wp-json\/wp\/v2\/types\/post"}],"author":[{"embeddable":true,"href":"https:\/\/www.europesays.com\/fr\/wp-json\/wp\/v2\/users\/2"}],"replies":[{"embeddable":true,"href":"https:\/\/www.europesays.com\/fr\/wp-json\/wp\/v2\/comments?post=546836"}],"version-history":[{"count":0,"href":"https:\/\/www.europesays.com\/fr\/wp-json\/wp\/v2\/posts\/546836\/revisions"}],"wp:featuredmedia":[{"embeddable":true,"href":"https:\/\/www.europesays.com\/fr\/wp-json\/wp\/v2\/media\/546837"}],"wp:attachment":[{"href":"https:\/\/www.europesays.com\/fr\/wp-json\/wp\/v2\/media?parent=546836"}],"wp:term":[{"taxonomy":"category","embeddable":true,"href":"https:\/\/www.europesays.com\/fr\/wp-json\/wp\/v2\/categories?post=546836"},{"taxonomy":"post_tag","embeddable":true,"href":"https:\/\/www.europesays.com\/fr\/wp-json\/wp\/v2\/tags?post=546836"}],"curies":[{"name":"wp","href":"https:\/\/api.w.org\/{rel}","templated":true}]}}