{"id":546840,"date":"2025-11-20T12:46:29","date_gmt":"2025-11-20T12:46:29","guid":{"rendered":"https:\/\/www.europesays.com\/fr\/546840\/"},"modified":"2025-11-20T12:46:29","modified_gmt":"2025-11-20T12:46:29","slug":"crevin-rennes-ma-reine-une-exposition-photographique","status":"publish","type":"post","link":"https:\/\/www.europesays.com\/fr\/546840\/","title":{"rendered":"Crevin. Rennes, Ma reine\u00a0: une exposition photographique"},"content":{"rendered":"<p>Exer\u00e7ant la profession d\u2019infirmier anesth\u00e9siste au CHU de Rennes, Adrien Painchaud nourrit depuis deux ans une passion grandissante pour la photographie. Dans la rue, il aime <strong>\u00ab\u00a0se balader, observer, aller \u00e0 la rencontre des gens\u00a0\u00bb<\/strong>.\u00a0Avec Rennes, Ma reine, le public est invit\u00e9 \u00e0 d\u00e9couvrir une exposition mettant en sc\u00e8ne une ville vivante, vibrante, travers\u00e9e par le regard d\u2019un photographe passionn\u00e9 qui place l\u2019humain au centre de son travail. Pour lui, la photographie de rue est une pratique <strong>\u00ab\u00a0humainement tr\u00e8s enrichissante\u00a0\u00bb<\/strong>, qui permet de capturer la spontan\u00e9it\u00e9 et la v\u00e9rit\u00e9 des rencontres.<\/p>\n<p>Son m\u00e9tier influence naturellement son regard. Attir\u00e9 par les univers du soin, il d\u00e9veloppe plusieurs projets en parall\u00e8le\u00a0: un reportage photographique r\u00e9alis\u00e9 au bloc op\u00e9ratoire du CHU de Rennes et, prochainement, un travail en r\u00e9animation chirurgicale.<\/p>\n<p>Son ambition\u00a0: mettre en lumi\u00e8re les professionnels de sant\u00e9. <strong>\u00ab\u00a0J\u2019ai \u00e0 c\u0153ur de valoriser le travail des coll\u00e8gues soignants\u00a0\u00bb<\/strong>, explique-t-il. \u00c0 travers ses images, il souhaite \u00e9galement <strong>\u00ab\u00a0ouvrir les portes d\u2019un environnement ferm\u00e9 et d\u00e9dramatiser des lieux qui peuvent impressionner\u00a0\u00bb<\/strong>.<\/p>\n<p>Adrien Painchaud explore aussi d\u2019autres horizons artistiques. Il m\u00e8ne actuellement un projet consacr\u00e9 aux artisans, ces m\u00e9tiers qui <strong>\u00ab\u00a0transforment, travaillent, cr\u00e9ent avec les mains\u00a0\u00bb<\/strong>. Il a d\u00e9j\u00e0 photographi\u00e9 un restaurateur \u00e9toil\u00e9 et un luthier, et cherche aujourd\u2019hui de nouveaux artisans \u00e0 rencontrer. \u00c0 chacun, il offre un tirage en remerciement de leur participation.<\/p>\n<p>Jusqu\u2019au 31\u00a0d\u00e9cembre, exposition Rennes, ma Reine, au centre culturel Jeu 2\u00a0Mots.<\/p>\n<p>\u00a0<\/p>\n","protected":false},"excerpt":{"rendered":"Exer\u00e7ant la profession d\u2019infirmier anesth\u00e9siste au CHU de Rennes, Adrien Painchaud nourrit depuis deux ans une passion grandissante&hellip;\n","protected":false},"author":2,"featured_media":546841,"comment_status":"","ping_status":"","sticky":false,"template":"","format":"standard","meta":{"footnotes":""},"categories":[2821],"tags":[1111,11,829,65226,1777,674,3293,1011,27,12,47664,12483,584,25],"class_list":{"0":"post-546840","1":"post","2":"type-post","3":"status-publish","4":"format-standard","5":"has-post-thumbnail","7":"category-rennes","8":"tag-actu","9":"tag-actualites","10":"tag-bretagne","11":"tag-crevin","12":"tag-eu","13":"tag-europe","14":"tag-exposition","15":"tag-fr","16":"tag-france","17":"tag-news","18":"tag-photographique","19":"tag-reine","20":"tag-rennes","21":"tag-republique-francaise"},"share_on_mastodon":{"url":"https:\/\/pubeurope.com\/@fr\/115582099999544337","error":""},"_links":{"self":[{"href":"https:\/\/www.europesays.com\/fr\/wp-json\/wp\/v2\/posts\/546840","targetHints":{"allow":["GET"]}}],"collection":[{"href":"https:\/\/www.europesays.com\/fr\/wp-json\/wp\/v2\/posts"}],"about":[{"href":"https:\/\/www.europesays.com\/fr\/wp-json\/wp\/v2\/types\/post"}],"author":[{"embeddable":true,"href":"https:\/\/www.europesays.com\/fr\/wp-json\/wp\/v2\/users\/2"}],"replies":[{"embeddable":true,"href":"https:\/\/www.europesays.com\/fr\/wp-json\/wp\/v2\/comments?post=546840"}],"version-history":[{"count":0,"href":"https:\/\/www.europesays.com\/fr\/wp-json\/wp\/v2\/posts\/546840\/revisions"}],"wp:featuredmedia":[{"embeddable":true,"href":"https:\/\/www.europesays.com\/fr\/wp-json\/wp\/v2\/media\/546841"}],"wp:attachment":[{"href":"https:\/\/www.europesays.com\/fr\/wp-json\/wp\/v2\/media?parent=546840"}],"wp:term":[{"taxonomy":"category","embeddable":true,"href":"https:\/\/www.europesays.com\/fr\/wp-json\/wp\/v2\/categories?post=546840"},{"taxonomy":"post_tag","embeddable":true,"href":"https:\/\/www.europesays.com\/fr\/wp-json\/wp\/v2\/tags?post=546840"}],"curies":[{"name":"wp","href":"https:\/\/api.w.org\/{rel}","templated":true}]}}