{"id":546844,"date":"2025-11-20T12:50:15","date_gmt":"2025-11-20T12:50:15","guid":{"rendered":"https:\/\/www.europesays.com\/fr\/546844\/"},"modified":"2025-11-20T12:50:15","modified_gmt":"2025-11-20T12:50:15","slug":"une-centaine-deleves-et-etudiants-denoncent-le-genocide-au-soudan","status":"publish","type":"post","link":"https:\/\/www.europesays.com\/fr\/546844\/","title":{"rendered":"une centaine d\u2019\u00e9l\u00e8ves et \u00e9tudiants d\u00e9noncent le g\u00e9nocide au Soudan"},"content":{"rendered":"<p>Une centaine de lyc\u00e9ens de Pontonniers et de Fustel de Coulanges ont bloqu\u00e9 ce jeudi 20 novembre au matin l\u2019entr\u00e9e de leur \u00e9tablissement \u00e0 l\u2019appel des LASCAR (Lyc\u00e9en\u00b7nes Autonomes de Strasbourg contre l\u2019autorit\u00e9 r\u00e9pressive) pour d\u00e9noncer <a href=\"https:\/\/www.dna.fr\/faits-divers-justice\/2025\/11\/08\/c-est-inhumain-devant-le-parlement-europeen-un-rassemblement-contre-le-genocide-ignore-au-soudan\" target=\"_blank\" rel=\"nofollow noopener\">le g\u00e9nocide qui se d\u00e9roule au Soudan<\/a> et apporter leur soutien \u00e0 tous les peuples opprim\u00e9s. Ils appellent, dans une ambiance festive, \u00e0 \u00ab d\u00e9coloniser \u00bb pour \u00ab r\u00e9parer \u00bb. \u00ab\u00a0Nous sommes rassembl\u00e9s pour d\u00e9noncer tous les g\u00e9nocides en cours, \u00e0 Gaza, au Soudan\u2026 et l&rsquo;absence de r\u00e9action des Etats occidentaux, particuli\u00e8rement l&rsquo;\u00c9tat fran\u00e7ais\u00a0\u00bb, expose un adolescent de 17 ans.<\/p>\n<p>  Les jeunes militants repouss\u00e9s par la police<\/p>\n<p>Vers 6h45, barri\u00e8res, poubelles et banderoles ont \u00e9t\u00e9 plac\u00e9es devant les entr\u00e9es principales des deux lyc\u00e9es strasbourgeois, emp\u00eachant l\u2019entr\u00e9e en classe des \u00e9l\u00e8ves \u00e0 8h. Si l\u2019acc\u00e8s au lyc\u00e9e Fustel de Coulanges a \u00e9t\u00e9 totalement bloqu\u00e9, \u00e0 Pontonniers ceux voulant aller en cours ont \u00e9t\u00e9 autoris\u00e9s \u00e0 entrer par la porte arri\u00e8re \u00e0 partir de 10h.<\/p>\n<p>Un peu avant 11h, les jeunes militants ont \u00e9t\u00e9 repouss\u00e9s par la police. Les acc\u00e8s ont \u00e9t\u00e9 d\u00e9gag\u00e9s. Les manifestants se sont regroup\u00e9s en face du lyc\u00e9e avant de partir en cort\u00e8ge.\u00a0Un jeune a \u00e9t\u00e9 embarqu\u00e9 au niveau de la rue Saint-Etienne. Ils ont \u00e9t\u00e9 dispers\u00e9s par la police aux alentours de midi.\u00a0<\/p>\n<p>Deux militants du NPA sont \u00e9galement sur place en soutien aux manifestants jugeant \u00ab\u00a0important que les adultes soient l\u00e0 pour att\u00e9nuer les violences polici\u00e8res.\u00a0\u00bb Une partie de l&rsquo;\u00e9quipe enseignante est l\u00e0 aussi pour \u00ab\u00a0observer\u00a0\u00bb.<\/p>\n<p>  Une quinzaine d\u2019\u00e9tudiants sur le campus de l\u2019Esplanade<\/p>\n<p>Une quinzaine d\u2019\u00e9tudiants ont bloqu\u00e9 le Patio, sur le campus de l\u2019Esplanade, juste avant son ouverture. Ils entendaient alerter sur ce qui se passe en Palestine et au Soudan, de m\u00eame que\u00a0d\u00e9noncer l\u2019exclusion de deux \u00e9tudiantes par une commission de discipline, le 22\u00a0septembre.<\/p>\n<p>Cette commission s\u2019\u00e9tait r\u00e9unie suite \u00e0 des \u00e9chauffour\u00e9es entre \u00e9tudiants. \u00ab\u00a0Les deux \u00e9tudiantes mentionn\u00e9es font partie du Comit\u00e9 Palestine et c\u2019est une atteinte \u00e0 notre capacit\u00e9 \u00e0 nous mobiliser pour ces peuples opprim\u00e9s\u00a0\u00bb, d\u00e9nonce une porte-parole des manifestants.<\/p>\n<p>\u00ab Risque de trouble \u00e0 l\u2019ordre public \u00bb<\/p>\n<p>Les forces de l\u2019ordre sont intervenues aux environs de 10 h, avec pour cons\u00e9quence l\u2019ouverture du b\u00e2timent. Les \u00e9tudiants ont d\u00e9nonc\u00e9 \u00ab\u00a0les contr\u00f4les d\u2019identit\u00e9 et une situation grave de r\u00e9pression alors que le blocage \u00e9tait calme\u00a0\u00bb.<\/p>\n<p>L\u2019intervention sur le campus a n\u00e9cessit\u00e9 l\u2019assentiment de l\u2019universit\u00e9 de Strasbourg. Si cette derni\u00e8re ne souhaite pas commenter plus avant, elle confirme avoir fait appel aux forces de l\u2019ordre en raison du \u00ab\u00a0risque de trouble \u00e0 l\u2019ordre public\u00a0\u00bb.<\/p>\n<p>Cet \u00e9pisode fait suite \u00e0\u00a0plusieurs mois de mobilisations \u00e0 Science Po, sur le campus universitaire mais aussi dans les lyc\u00e9es, dans le contexte du conflit isra\u00e9lo-palestinien. Aux revendications pour la Palestine s\u2019ajoute le g\u00e9nocide au Soudan.<\/p>\n","protected":false},"excerpt":{"rendered":"Une centaine de lyc\u00e9ens de Pontonniers et de Fustel de Coulanges ont bloqu\u00e9 ce jeudi 20 novembre au&hellip;\n","protected":false},"author":2,"featured_media":546845,"comment_status":"","ping_status":"","sticky":false,"template":"","format":"standard","meta":{"footnotes":""},"categories":[2820],"tags":[1111,11,2880,1057,1777,674,274,107,1011,27,775,12,316,25,104,640],"class_list":{"0":"post-546844","1":"post","2":"type-post","3":"status-publish","4":"format-standard","5":"has-post-thumbnail","7":"category-strasbourg","8":"tag-actu","9":"tag-actualites","10":"tag-edition-strasbourg","11":"tag-education","12":"tag-eu","13":"tag-europe","14":"tag-faits-divers-justice","15":"tag-fil-info","16":"tag-fr","17":"tag-france","18":"tag-grand-est","19":"tag-news","20":"tag-politique","21":"tag-republique-francaise","22":"tag-societe","23":"tag-strasbourg"},"share_on_mastodon":{"url":"https:\/\/pubeurope.com\/@fr\/115582115814957068","error":""},"_links":{"self":[{"href":"https:\/\/www.europesays.com\/fr\/wp-json\/wp\/v2\/posts\/546844","targetHints":{"allow":["GET"]}}],"collection":[{"href":"https:\/\/www.europesays.com\/fr\/wp-json\/wp\/v2\/posts"}],"about":[{"href":"https:\/\/www.europesays.com\/fr\/wp-json\/wp\/v2\/types\/post"}],"author":[{"embeddable":true,"href":"https:\/\/www.europesays.com\/fr\/wp-json\/wp\/v2\/users\/2"}],"replies":[{"embeddable":true,"href":"https:\/\/www.europesays.com\/fr\/wp-json\/wp\/v2\/comments?post=546844"}],"version-history":[{"count":0,"href":"https:\/\/www.europesays.com\/fr\/wp-json\/wp\/v2\/posts\/546844\/revisions"}],"wp:featuredmedia":[{"embeddable":true,"href":"https:\/\/www.europesays.com\/fr\/wp-json\/wp\/v2\/media\/546845"}],"wp:attachment":[{"href":"https:\/\/www.europesays.com\/fr\/wp-json\/wp\/v2\/media?parent=546844"}],"wp:term":[{"taxonomy":"category","embeddable":true,"href":"https:\/\/www.europesays.com\/fr\/wp-json\/wp\/v2\/categories?post=546844"},{"taxonomy":"post_tag","embeddable":true,"href":"https:\/\/www.europesays.com\/fr\/wp-json\/wp\/v2\/tags?post=546844"}],"curies":[{"name":"wp","href":"https:\/\/api.w.org\/{rel}","templated":true}]}}