{"id":546850,"date":"2025-11-20T12:53:10","date_gmt":"2025-11-20T12:53:10","guid":{"rendered":"https:\/\/www.europesays.com\/fr\/546850\/"},"modified":"2025-11-20T12:53:10","modified_gmt":"2025-11-20T12:53:10","slug":"pres-de-nice-une-legende-du-mma-debarque-dans-cette-petite-salle-une-incroyable-surprise-merci-la-vie","status":"publish","type":"post","link":"https:\/\/www.europesays.com\/fr\/546850\/","title":{"rendered":"Pr\u00e8s de Nice. Une l\u00e9gende du MMA d\u00e9barque dans cette petite salle, une incroyable surprise : \u00ab\u00a0Merci la vie\u00a0\u00bb"},"content":{"rendered":"<p>                    Par<br \/>\n        <strong><br \/>\n            <a href=\"https:\/\/actu.fr\/auteur\/arthur-frand\" title=\"Consulter tous les articles de Arthur Frand\" target=\"_blank\" rel=\"noopener\">Arthur Frand<\/a><br \/>\n                    <\/strong><\/p>\n<p>        Publi\u00e9 le<\/p>\n<p>            20 nov. 2025 \u00e0 13h42        <\/p>\n<p>Il y a des jours qui restent grav\u00e9s \u00e0 vie. Les membres de l\u2019Antibes Fight Academy, club d\u2019arts martiaux, \u00e0 Antibes, dans les Alpes-Maritimes, ne <strong>s\u2019y attendaient pas<\/strong> mais ils ont \u00e9t\u00e9 combl\u00e9s. Il y a quelques jours, en plein mois de novembre\u00a02025, ils ont re\u00e7u la visite surprise d\u2019une l\u00e9gende du MMA, Conor McGregor, surnomm\u00e9 \u00ab\u00a0The Notorious\u2009\u00bb. Ce dernier s\u2019est entra\u00een\u00e9 <strong>dans la salle de l\u2019Antibes Fight Academy<\/strong>, situ\u00e9e 170 chemin de l\u2019Orangerie et a m\u00eame donn\u00e9 une le\u00e7on \u00e0 quelques privil\u00e9gi\u00e9s. Une exp\u00e9rience inoubliable.<\/p>\n<p>Une star internationale<\/p>\n<p class=\" wall-content\">Combattant talentueux et extravagant, Conor McGregor, quintuple champion de l\u2019UFC (principale organisation mondiale de MMA), a <strong>contribu\u00e9 \u00e0 d\u00e9mocratiser<\/strong> une discipline longtemps interdite en Europe et en France.\u00a0Il a \u00e9t\u00e9 le premier combattant de l\u2019UFC \u00e0 d\u00e9tenir deux titres mondiaux (poids plumes, poids l\u00e9gers) dans deux cat\u00e9gories diff\u00e9rentes simultan\u00e9ment.<\/p>\n<p class=\" wall-content\">En 2018, il a disput\u00e9 le combat le <strong>plus regard\u00e9 et le plus lucratif<\/strong> de l\u2019histoire du MMA face \u00e0 Khabib Nurmagomedov. Sportif le mieux pay\u00e9 du monde selon le magazine Forbes en 2020, il s\u2019est, depuis, mis en retrait de la comp\u00e9tition.<\/p>\n<p>\u00ab\u2009Il cherchait une salle avec ses amis\u2009\u00bb<\/p>\n<p class=\" wall-content\">De passage dans le sud de la France, l\u2019Irlandais de 37\u00a0ans (22 victoires, 6 d\u00e9faites en MMA) s\u2019est retrouv\u00e9 \u00e0 Antibes, pr\u00e8s de Nice. \u00ab\u2009Il cherchait une salle pour partager un moment avec ses amis. Son manager m\u2019a contact\u00e9. Je <strong>pensais que c\u2019\u00e9tait une blague\u00a0\u00bb<\/strong>, a expliqu\u00e9 sur les r\u00e9seaux sociaux Samir Sa\u00efdi, coach de l\u2019Antibes Fight Academy, o\u00f9 plusieurs disciplines sont enseign\u00e9es\u2009: boxe anglaise, MMA, Ju Jitsu, Muey Thai.<\/p>\n<p>    <a href=\"https:\/\/www.google.com\/maps\/embed?pb=!1m18!1m12!1m3!1d2888.8560258870098!2d7.105384476387868!3d43.60953925525323!2m3!1f0!2f0!3f0!3m2!1i1024!2i768!4f13.1!3m3!1m2!1s0x12cdd5944a4ee9b1%3A0x835a1074a52d12e6!2sAntibes%20Fight%20Academy!5e0!3m2!1sfr!2sfr!4v1763637326087!5m2!1sfr!2sfr\" title=\"Ouvrie le lien\" target=\"_blank\" rel=\"noopener\">Cliquez ici pour visualiser le contenu<\/a><\/p>\n<p class=\" wall-content\">Ce jour-l\u00e0, le champion de MMA n\u2019est pas rest\u00e9 dans son coin. Loin de l\u00e0. Il s\u2019est montr\u00e9 tr\u00e8s ouvert, accessible et de bon conseil.<\/p>\n<p>\u00ab\u2009Un moment suspendu, magique\u2009\u00bb<\/p>\n<p class=\" wall-content\">\u00ab\u2009Apr\u00e8s s\u2019\u00eatre mis d\u2019accord avec lui, j\u2019ai pu inviter quelques coachs et \u00e9l\u00e8ves pour participer \u00e0 la s\u00e9ance. Il a mis une musique d\u2019ambiance celtique et a montr\u00e9 quelques exercices. Nous avons v\u00e9cu un moment suspendu, avec <strong>un mec exceptionnel de gentillesse et de bienveillance<\/strong>\u2009\u00bb, livre Samir Sa\u00efdi.<\/p>\n<p>Votre r\u00e9gion, votre actu !<\/p>\n<p>Recevez chaque jour les infos qui comptent pour vous.<\/p>\n<p>\t<a href=\"https:\/\/actu.fr\/newsletter\" class=\"ac-btn ac-btn--corner ac-btn--medium ac-btn--blue800\" target=\"_blank\" rel=\"noopener\">S&rsquo;incrire<\/a><\/p>\n<p class=\" wall-content\">Ce dernier s\u2019est senti <strong>tr\u00e8s privil\u00e9gi\u00e9.<\/strong><\/p>\n<blockquote class=\"ac-article-quote wall-content\">\n<p>Le moment avec Conor \u00e9tait tout simplement magique. Il m\u2019appelait sans cesse coach, c\u2019\u00e9tait touchant et tr\u00e8s respectueux venant de sa part. Lors de nos \u00e9changes de fin, il a dit avoir appr\u00e9ci\u00e9 la salle, l\u2019\u00e9nergie et notre simplicit\u00e9.<\/p>\n<p>    <strong>Samir Sa\u00efdi<\/strong><br \/>\n        Coach principal de l\u2019Antibes Fight Academy    <\/p><\/blockquote>\n<p class=\" wall-content\"><a href=\"https:\/\/www.instagram.com\/p\/DQ9eylEjKVR\/embed\" title=\"Ouvrir le lien sur Instagram\" target=\"_blank\" rel=\"noopener\">Visualiser le contenu sur Instagram<\/a><\/p>\n<p class=\" wall-content\">La star irlandaise avait pr\u00e9vu de revenir le lendemain mais cela ne s\u2019est finalement pas fait. \u00ab\u2009Il <strong>reviendra bient\u00f4t<\/strong>, je vous l\u2019annonce d\u00e9j\u00e0. Nous sommes chanceux, pour un petit club comme le n\u00f4tre. Merci Conor, et merci la vie\u2009\u00bb, s\u2019exclame Samir Sa\u00efdi.<\/p>\n<p class=\" wall-content\">Personnalisez votre actualit\u00e9 en ajoutant vos villes et m\u00e9dias en favori avec <a href=\"https:\/\/moncompte.actu.fr\" title=\"D\u00e9couvez Mon Actu\" rel=\"nofollow noopener\" data-trk=\"{&quot;cta&quot;:{&quot;action&quot;:&quot;https:\\\/\\\/moncompte.actu.fr&quot;,&quot;category&quot;:&quot;mon compte&quot;,&quot;from&quot;:&quot;article footer&quot;,&quot;name&quot;:&quot;Mon actu&quot;,&quot;type&quot;:&quot;cta&quot;}}\" target=\"_blank\">Mon Actu<\/a>.<\/p>\n<p>                    <script async src=\"\/\/www.instagram.com\/embed.js\"><\/script><\/p>\n","protected":false},"excerpt":{"rendered":"Par Arthur Frand Publi\u00e9 le 20 nov. 2025 \u00e0 13h42 Il y a des jours qui restent grav\u00e9s&hellip;\n","protected":false},"author":2,"featured_media":546851,"comment_status":"","ping_status":"","sticky":false,"template":"","format":"standard","meta":{"footnotes":""},"categories":[2819],"tags":[1111,11,1777,674,1011,27,1757,1847,12,2401,882,25],"class_list":{"0":"post-546850","1":"post","2":"type-post","3":"status-publish","4":"format-standard","5":"has-post-thumbnail","7":"category-nice","8":"tag-actu","9":"tag-actualites","10":"tag-eu","11":"tag-europe","12":"tag-fr","13":"tag-france","14":"tag-insolite","15":"tag-mma","16":"tag-news","17":"tag-nice","18":"tag-provence-alpes-cote-dazur","19":"tag-republique-francaise"},"share_on_mastodon":{"url":"https:\/\/pubeurope.com\/@fr\/115582127578377975","error":""},"_links":{"self":[{"href":"https:\/\/www.europesays.com\/fr\/wp-json\/wp\/v2\/posts\/546850","targetHints":{"allow":["GET"]}}],"collection":[{"href":"https:\/\/www.europesays.com\/fr\/wp-json\/wp\/v2\/posts"}],"about":[{"href":"https:\/\/www.europesays.com\/fr\/wp-json\/wp\/v2\/types\/post"}],"author":[{"embeddable":true,"href":"https:\/\/www.europesays.com\/fr\/wp-json\/wp\/v2\/users\/2"}],"replies":[{"embeddable":true,"href":"https:\/\/www.europesays.com\/fr\/wp-json\/wp\/v2\/comments?post=546850"}],"version-history":[{"count":0,"href":"https:\/\/www.europesays.com\/fr\/wp-json\/wp\/v2\/posts\/546850\/revisions"}],"wp:featuredmedia":[{"embeddable":true,"href":"https:\/\/www.europesays.com\/fr\/wp-json\/wp\/v2\/media\/546851"}],"wp:attachment":[{"href":"https:\/\/www.europesays.com\/fr\/wp-json\/wp\/v2\/media?parent=546850"}],"wp:term":[{"taxonomy":"category","embeddable":true,"href":"https:\/\/www.europesays.com\/fr\/wp-json\/wp\/v2\/categories?post=546850"},{"taxonomy":"post_tag","embeddable":true,"href":"https:\/\/www.europesays.com\/fr\/wp-json\/wp\/v2\/tags?post=546850"}],"curies":[{"name":"wp","href":"https:\/\/api.w.org\/{rel}","templated":true}]}}