{"id":546854,"date":"2025-11-20T12:55:33","date_gmt":"2025-11-20T12:55:33","guid":{"rendered":"https:\/\/www.europesays.com\/fr\/546854\/"},"modified":"2025-11-20T12:55:33","modified_gmt":"2025-11-20T12:55:33","slug":"lom-et-le-psg-se-larrachent-il-choisit-nantes","status":"publish","type":"post","link":"https:\/\/www.europesays.com\/fr\/546854\/","title":{"rendered":"L\u2019OM et le PSG se l\u2019arrachent, il choisit Nantes"},"content":{"rendered":"<p><b>Titulaire indiscutable au FC Nantes \u00e0 seulement 17 ans, le jeune Tylel Tati est d\u00e9j\u00e0 dans le viseur de l\u2019OM et du <a href=\"https:\/\/www.foot01.com\/paris\" title=\"PSG\" target=\"_blank\" rel=\"noopener\">PSG<\/a>. Mais un d\u00e9part d\u00e8s l\u2019\u00e9t\u00e9 prochain n\u2019est pas forc\u00e9ment la meilleure option pour l\u2019espoir des Canaris.<\/b>Malgr\u00e9 une situation sportive globalement difficile avec un club qui se bat pour ne pas descendre en Ligue 2 chaque ann\u00e9e, le FC Nantes continue de sortir des grands talents de son centre de formation. Nathan Z\u00e9z\u00e9 en est l\u2019un des meilleurs exemples r\u00e9cents, avec un transfert en Arabie Saoudite qui a rapport\u00e9 20 millions d\u2019euros aux Canaris. <a href=\"https:\/\/www.foot01.com\/marseille\/lom-prepare-une-offre-inouie-pour-ce-defenseur\" target=\"_self\" rel=\"noopener\">Tylel Tati marche sur ses pas<\/a>. A seulement 17 ans, le joueur s\u2019est impos\u00e9 comme un titulaire indiscutable en d\u00e9fense centrale aux yeux de son entra\u00eeneur Luis Castro.<\/p>\n<p>Tati a un potentiel immense et les clubs europ\u00e9ens sont d\u00e9j\u00e0 nombreux \u00e0 s\u2019int\u00e9resser \u00e0 lui puisque son nom a \u00e9t\u00e9 associ\u00e9 au PSG, \u00e0 l\u2019OM ou encore au FC Barcelone. Mais pour le journaliste Bastien Aubert, un d\u00e9part d\u00e8s la saison prochaine dans un gros club n\u2019est pas forc\u00e9ment la meilleure option pour Tylel Tati, lequel a au contraire tout int\u00e9r\u00eat \u00e0 rester au moins une saison de plus du c\u00f4t\u00e9 de la Beaujoire. \u00ab Tylel Tati doit imp\u00e9rativement rester au FC Nantes cette saison, car c\u2019est le seul environnement qui lui garantit du temps de jeu r\u00e9gulier et une progression structur\u00e9e\u00a0\u00bb explique notre confr\u00e8re sur But avant de poursuivre.<\/p>\n<p>Tylel Tati doit privil\u00e9gier Nantes\u00a0\u00ab \u00c0 son \u00e2ge (17 ans), partir dans un club comme le PSG, le FC Barcelone ou m\u00eame l\u2019OM, o\u00f9 la concurrence est f\u00e9roce et o\u00f9 la pression imm\u00e9diate du r\u00e9sultat prime sur le d\u00e9veloppement individuel, pourrait freiner son \u00e9volution. \u00c0 Nantes, le d\u00e9fenseur b\u00e9n\u00e9ficie d\u2019un cadre de confiance, d\u2019un r\u00f4le central dans le projet sportif et d\u2019un staff qui le conna\u00eet parfaitement\u00a0\u00bb estime-t-il. Reste \u00e0 savoir si du c\u00f4t\u00e9 de la direction nantaise, la r\u00e9flexion sera la m\u00eame ou pas. En cas de proposition similaire \u00e0 celle re\u00e7ue pour Nathan Z\u00e9z\u00e9 l\u2019\u00e9t\u00e9 dernier, \u00e0 savoir environ 20 millions d\u2019euros, il y a fort \u00e0 parier que le FC Nantes ne retiendra pas Tylel Tati l\u2019\u00e9t\u00e9 prochain lors du <a href=\"https:\/\/www.foot01.com\/mercato\" title=\"Mercato\" target=\"_blank\" rel=\"noopener\">mercato<\/a>.<\/p>\n","protected":false},"excerpt":{"rendered":"Titulaire indiscutable au FC Nantes \u00e0 seulement 17 ans, le jeune Tylel Tati est d\u00e9j\u00e0 dans le viseur&hellip;\n","protected":false},"author":2,"featured_media":546855,"comment_status":"","ping_status":"","sticky":false,"template":"","format":"standard","meta":{"footnotes":""},"categories":[2818],"tags":[1111,11,1777,674,462,1011,27,66,1434,766,12,149,2636,93,25],"class_list":{"0":"post-546854","1":"post","2":"type-post","3":"status-publish","4":"format-standard","5":"has-post-thumbnail","7":"category-nantes","8":"tag-actu","9":"tag-actualites","10":"tag-eu","11":"tag-europe","12":"tag-fc-nantes","13":"tag-fr","14":"tag-france","15":"tag-ligue-1","16":"tag-mercato","17":"tag-nantes","18":"tag-news","19":"tag-om","20":"tag-pays-de-la-loire","21":"tag-psg","22":"tag-republique-francaise"},"share_on_mastodon":{"url":"https:\/\/pubeurope.com\/@fr\/115582135453130495","error":""},"_links":{"self":[{"href":"https:\/\/www.europesays.com\/fr\/wp-json\/wp\/v2\/posts\/546854","targetHints":{"allow":["GET"]}}],"collection":[{"href":"https:\/\/www.europesays.com\/fr\/wp-json\/wp\/v2\/posts"}],"about":[{"href":"https:\/\/www.europesays.com\/fr\/wp-json\/wp\/v2\/types\/post"}],"author":[{"embeddable":true,"href":"https:\/\/www.europesays.com\/fr\/wp-json\/wp\/v2\/users\/2"}],"replies":[{"embeddable":true,"href":"https:\/\/www.europesays.com\/fr\/wp-json\/wp\/v2\/comments?post=546854"}],"version-history":[{"count":0,"href":"https:\/\/www.europesays.com\/fr\/wp-json\/wp\/v2\/posts\/546854\/revisions"}],"wp:featuredmedia":[{"embeddable":true,"href":"https:\/\/www.europesays.com\/fr\/wp-json\/wp\/v2\/media\/546855"}],"wp:attachment":[{"href":"https:\/\/www.europesays.com\/fr\/wp-json\/wp\/v2\/media?parent=546854"}],"wp:term":[{"taxonomy":"category","embeddable":true,"href":"https:\/\/www.europesays.com\/fr\/wp-json\/wp\/v2\/categories?post=546854"},{"taxonomy":"post_tag","embeddable":true,"href":"https:\/\/www.europesays.com\/fr\/wp-json\/wp\/v2\/tags?post=546854"}],"curies":[{"name":"wp","href":"https:\/\/api.w.org\/{rel}","templated":true}]}}