{"id":546865,"date":"2025-11-20T13:03:15","date_gmt":"2025-11-20T13:03:15","guid":{"rendered":"https:\/\/www.europesays.com\/fr\/546865\/"},"modified":"2025-11-20T13:03:15","modified_gmt":"2025-11-20T13:03:15","slug":"verif-a-lille-leau-est-elle-impropre-a-la-consommation-pour-les-bebes-sans-reaction-des-autorites","status":"publish","type":"post","link":"https:\/\/www.europesays.com\/fr\/546865\/","title":{"rendered":"V\u00c9RIF&rsquo; &#8211; \u00c0 Lille, l&rsquo;eau est-elle \u00ab\u00a0impropre \u00e0 la consommation\u00a0\u00bb pour les b\u00e9b\u00e9s, sans r\u00e9action des autorit\u00e9s ?"},"content":{"rendered":"<ul class=\"jsx-862013697 ArticleChapo__List\">\n<li class=\"jsx-862013697 ArticleChapo__List_Item flex\">Des d\u00e9put\u00e9s LFI s&rsquo;inqui\u00e8tent de la qualit\u00e9 de l&rsquo;eau du robinet dans l&rsquo;agglom\u00e9ration lilloise.<\/li>\n<li class=\"jsx-862013697 ArticleChapo__List_Item flex\">Elle ferait l&rsquo;objet d&rsquo;une pollution qui la rendrait \u00ab\u00a0impropre \u00e0 la consommation pour les nourrissons\u00a0\u00bb, sans que les autorit\u00e9s alertent les populations.<\/li>\n<li class=\"jsx-862013697 ArticleChapo__List_Item flex\">Des taux de perchlorates sup\u00e9rieurs aux recommandations sont bien enregistr\u00e9s, mais l&rsquo;on constate que les autorit\u00e9s locales partagent des mises en garde depuis 2019.<\/li>\n<\/ul>\n<p><a href=\"https:\/\/www.tf1info.fr\/actualite\/les-verificateurs-12325\/\" rel=\"noopener\" class=\"jsx-484472199 Link jsx-1428418400 jsx-1910851033\" target=\"_blank\"><\/p>\n<p style=\"font-weight:400\" class=\"jsx-1837267516\">Suivez la couverture compl\u00e8te<\/p>\n<p style=\"font-weight:800\" class=\"jsx-1837267516\">L&rsquo;info pass\u00e9e au crible des V\u00e9rificateurs<\/p>\n<p><\/a><\/p>\n<p data-module=\"article-paragraph\" class=\"jsx-3046738180 Paragraph Paragraph__End\">D\u00e9put\u00e9 du Nord, Aur\u00e9lien Le Coq a <a href=\"https:\/\/archive.vn\/ld3gk\" target=\"_blank\" rel=\"nofollow noopener\">repartag\u00e9 (nouvelle fen\u00eatre)<\/a> sur X un communiqu\u00e9 de Lahouaria Addouche, t\u00eate de liste LFI pour les \u00e9lections municipales \u00e0 Lille. Une \u00ab\u00a0alerte aux autorit\u00e9s\u00a0\u00bb, qui concerne un probl\u00e8me d&rsquo;ordre sanitaire : \u00ab\u00a0l&rsquo;eau lilloise est impropre \u00e0 la consommation pour les nourrissons\u00a0\u00bb, assure l&rsquo;\u00e9lu. Il partage \u00e0 ses abonn\u00e9s une forme d&rsquo;incompr\u00e9hension : \u00ab\u00a0Pourquoi personne n&rsquo;a pr\u00e9venu la population ? Pourquoi aucune mesure n&rsquo;a \u00e9t\u00e9 prise ? Que fait la mairie ?\u00a0\u00bb\u00a0<\/p>\n<p>Rien n&rsquo;impose aux ARS la d\u00e9tection des perchlorates<\/p>\n<p data-module=\"article-paragraph\" class=\"jsx-3046738180 Paragraph\">L&rsquo;alerte lanc\u00e9e sur les r\u00e9seaux sociaux fait suite aux travaux des associations G\u00e9n\u00e9rations Futures et Data For Good, qui se sont associ\u00e9es pour cr\u00e9er un site nomm\u00e9 \u00ab\u00a0<a href=\"https:\/\/dansmoneau.fr\/\" target=\"_blank\" rel=\"nofollow noopener\">Dans mon eau (nouvelle fen\u00eatre)<\/a>\u00ab\u00a0. Pr\u00e9sent\u00e9e \u00e0 la mi-octobre, il propose au grand public une carte interactive qui porte sur la pollution de l&rsquo;eau potable \u00e0 travers la France. \u00ab\u00a0Les donn\u00e9es existent, mais elles sont difficilement accessibles, complexes, et surtout illisibles\u00a0\u00bb, observent les auteurs. La plateforme \u00ab\u00a0rassemble les donn\u00e9es officielles\u00a0\u00bb, des agences r\u00e9gionales de sant\u00e9 (ARS), \u00ab\u00a0actualis\u00e9es d\u00e8s que de nouveaux r\u00e9sultats sont disponibles\u00a0\u00bb.<\/p>\n<p data-module=\"article-paragraph\" class=\"jsx-3046738180 Paragraph Paragraph__End\">Lors d&rsquo;une mise \u00e0 jour de la carte \u00e0 la mi-novembre, G\u00e9n\u00e9rations Futures a partag\u00e9 une s\u00e9rie d&rsquo;observations, reprises par les repr\u00e9sentants LFI. \u00ab\u00a0L&rsquo;eau alimentant les villes de Dunkerque et Lille ne doit pas \u00eatre utilis\u00e9e pour la pr\u00e9paration des biberons pour les nourrissons de moins de 6 mois\u00a0\u00bb, <a href=\"https:\/\/www.generations-futures.fr\/actualites\/dans-mon-eau-mises-a-jour\/\" target=\"_blank\" rel=\"nofollow noopener\">rapportait (nouvelle fen\u00eatre)<\/a> l&rsquo;association, \u00ab\u00a0en raison de la pr\u00e9sence de perchlorates \u00e0 plus de 4 \u00b5g\/L\u00a0\u00bb. Elle ajoutait qu&rsquo;\u00e0 sa connaissance, \u00ab\u00a0aucune information ou recommandation officielle\u00a0\u00bb n&rsquo;avait \u00e9t\u00e9 transmise aux consommateurs concernant \u00ab\u00a0ce nouveau d\u00e9passement \u00e0 Lille, datant du 29 septembre\u00a0\u00bb.<\/p>\n<p><a href=\"https:\/\/www.tf1info.fr\/sante\/une-hausse-des-reseaux-d-eau-potable-non-conformes-de-quoi-parle-t-on-2407405.html\" rel=\"noopener\" class=\"jsx-3308031228 Link flex\" target=\"_blank\"><img decoding=\"async\" src=\"https:\/\/www.europesays.com\/fr\/wp-content\/uploads\/2025\/11\/istock-eau-potable-a35b52-0@1x.jpeg\" alt=\"iStock\" loading=\"lazy\" importance=\"low\" fetchpriority=\"low\" class=\"\" aria-hidden=\"true\"\/><\/p>\n<p class=\"jsx-3657663356 ReadMoreArticle__Title\">Lire aussi<\/p>\n<p class=\"jsx-3657663356\">Une hausse des r\u00e9seaux d&rsquo;eau potable \u00ab\u00a0non conformes\u00a0\u00bb : de quoi parle-t-on ?<\/p>\n<p><\/a><\/p>\n<p data-module=\"article-paragraph\" class=\"jsx-3046738180 Paragraph\">Dans les eaux de l&rsquo;agglom\u00e9ration lilloise, ce sont les niveaux de perchlorates qui se r\u00e9v\u00e8lent probl\u00e9matiques. Principalement pr\u00e9sents dans l\u2019environnement sous forme de sels (perchlorate d\u2019ammonium, de potassium, de magn\u00e9sium, ou de sodium), \u00ab\u00a0ils peuvent \u00eatre utilis\u00e9s dans de nombreuses applications militaires (dispositifs pyrotechniques, poudres d\u2019armes \u00e0 feu\u2026), industrielles (propulseurs de fus\u00e9es) et agricoles (engrais) et ainsi \u00eatre \u00e9mis dans l\u2019environnement\u00a0\u00bb, r\u00e9sume le site Dans mon eau. Tr\u00e8s stables et tr\u00e8s solubles dans l&rsquo;eau, ils sont susceptibles de perdurer, une fois \u00e9mis, \u00ab\u00a0pendant des dizaines d\u2019ann\u00e9es\u00a0\u00bb. Leur d\u00e9tection dans les Hauts-de-France n&rsquo;a rien d&rsquo;un hasard, puisqu&rsquo;il s&rsquo;agit d&rsquo;une zone \u00ab\u00a0ayant connu des combats au cours de la Premi\u00e8re Guerre mondiale\u00a0\u00bb.<\/p>\n<p data-module=\"article-paragraph\" class=\"jsx-3046738180 Paragraph\">Interrog\u00e9 par TF1info, le porte-parole de G\u00e9n\u00e9rations Futures Fran\u00e7ois Veillerette confie que rien n&rsquo;impose aux autorit\u00e9s sanitaires de mesurer les taux de perchlorates dans l&rsquo;eau potable. \u00ab\u00a0D&rsquo;ailleurs, ces substances ne sont pas recherch\u00e9es partout en France.\u00a0\u00bb En revanche, le minist\u00e8re de la Sant\u00e9 <a href=\"https:\/\/sante.gouv.fr\/sante-et-environnement\/eaux\/article\/perchlorates-dans-l-eau-du-robinet#\" target=\"_blank\" rel=\"noopener\">partage (nouvelle fen\u00eatre)<\/a> des recommandations sur les concentrations maximales \u00e0 ne pas d\u00e9passer. Pr\u00e9sent\u00e9es en ligne, elles s&rsquo;appuient sur une s\u00e9rie d&rsquo;avis <a href=\"https:\/\/www.anses.fr\/fr\/content\/ions-perchlorate-travaux-et-recommandations-de-lanses\" target=\"_blank\" rel=\"nofollow noopener\">formul\u00e9s (nouvelle fen\u00eatre)<\/a> par l&rsquo;Anses et visent \u00e0 pr\u00e9venir des risques pour la sant\u00e9, en particulier des affections touchant la thyro\u00efde.<\/p>\n<p data-module=\"article-paragraph\" class=\"jsx-3046738180 Paragraph Paragraph__End\">En l&rsquo;\u00e9tat actuel des choses, \u00ab\u00a0il n&rsquo;y a rien d&rsquo;ill\u00e9gal\u00a0\u00bb, explique Fran\u00e7ois Veillerette, \u00ab\u00a0mais \u00e7a ne sert \u00e0 rien de poser des recommandations si elles ne sont pas suivies ensuite\u00a0\u00bb. Les niveaux pr\u00e9conis\u00e9s ont \u00e9t\u00e9 fix\u00e9s \u00ab\u00a0sur la base d\u2019\u00e9l\u00e9ments scientifiques, il n\u2019y a rien de folklorique\u00a0\u00bb, ajoute-t-il. Du c\u00f4t\u00e9 de G\u00e9n\u00e9rations Futures, on appelle ainsi les autorit\u00e9s de sant\u00e9 \u00e0 \u00ab\u00a0faire passer le message\u00a0\u00bb aux populations, en particulier aux personnes les plus concern\u00e9es, \u00e0 savoir les femmes enceintes et les parents de tr\u00e8s jeunes enfants.<\/p>\n<p>Des recommandations en vigueur depuis 2019<\/p>\n<p data-module=\"article-paragraph\" class=\"jsx-3046738180 Paragraph\">Interrog\u00e9e par TF1info, la M\u00e9tropole europ\u00e9enne de Lille (MEL) assure rester \u00ab\u00a0en vigilance constante\u00a0\u00bb et explique qu&rsquo;elle suit depuis 2019 un \u00ab\u00a0principe de pr\u00e9caution\u00a0\u00bb. \u00c0 ce titre, elle incite \u00e0 ce titre les habitants \u00e0 \u00ab\u00a0ne pas utiliser l\u2019eau du robinet pour la pr\u00e9paration des biberons\u00a0\u00bb. Il s&rsquo;agit, nous dit-on, d&rsquo;une \u00ab\u00a0recommandation de 2019 qui n&rsquo;a pas d\u2019\u00e9ch\u00e9ance et reste donc active depuis sa publication\u00a0\u00bb, on la retrouve d&rsquo;ailleurs <a href=\"https:\/\/www.lillemetropole.fr\/communique-de-presse\/restriction-de-la-consommation-deau-du-robinet-pour-les-nourrissons-de-moins\" target=\"_blank\" rel=\"nofollow noopener\">en ligne (nouvelle fen\u00eatre)<\/a>, accessible au grand public. La MEL pr\u00e9cise qu&rsquo;\u00e0 ce jour, \u00ab\u00a0l\u2019ARS n\u2019a \u00e9mis aucune nouvelle recommandation ni demande de communication particuli\u00e8re\u00a0\u00bb.<\/p>\n<p data-module=\"article-paragraph\" class=\"jsx-3046738180 Paragraph\">L&rsquo;ARS des Hauts-de-France, justement, glisse qu&rsquo;elle \u00ab\u00a0a int\u00e9gr\u00e9 depuis plus de dix ans, sans que cela soit obligatoire, les perchlorates au contr\u00f4le sanitaire de l&rsquo;eau de consommation dans toute la r\u00e9gion\u00a0\u00bb. L&rsquo;institution \u2013 sur laquelle s&rsquo;appuie la pr\u00e9fecture du Nord \u2013 indique \u00e0 TF1info que \u00ab\u00a0sur la m\u00e9tropole lilloise, les taux de perchlorates varient sur certains secteurs \u00e0 la hausse comme \u00e0 la baisse, autour du seuil de 4 \u00b5g\/L depuis la mise en \u0153uvre de ce contr\u00f4le\u00a0\u00bb. Les pr\u00e9l\u00e8vements r\u00e9alis\u00e9s par l&rsquo;ARS cet automne \u00ab\u00a0montrent des valeurs l\u00e9g\u00e8rement sup\u00e9rieures \u00e0 ce seuil, autour de 5 \u00b5g\/L\u00a0\u00bb. \u00a0Soulignons qu&rsquo;il s&rsquo;agit l\u00e0 de r\u00e9sultats qui \u00ab\u00a0demandent \u00e0 \u00eatre confirm\u00e9s en raison de leur variabilit\u00e9\u00a0\u00bb, par le biais d&rsquo;une s\u00e9rie de tests compl\u00e9mentaires. Une proc\u00e9dure, actuellement en cours, rapportent les autorit\u00e9s sanitaires, et qui devrait bient\u00f4t livrer ses conclusions.<\/p>\n<p data-module=\"article-paragraph\" class=\"jsx-3046738180 Paragraph Paragraph__End\">L&rsquo;ARS rappelle que l&rsquo;outil en ligne mis en avant par G\u00e9n\u00e9rations Futures s&rsquo;appuie sur des donn\u00e9es en open data, fournies par ses propres services. La fiabilit\u00e9 des relev\u00e9s n&rsquo;est donc pas remise en cause. L&rsquo;agence pr\u00e9cise aussi que cette carte ne porte pas directement \u00ab\u00a0sur la potabilit\u00e9 de l\u2019eau en France\u00a0\u00bb, mais qu&rsquo;elle se focalise \u00ab\u00a0sur la pr\u00e9sence de pesticides et autres substances chimiques, y compris \u00e0 des niveaux bas qui respectent les normes sanitaires en vigueur\u00a0\u00bb. \u00a0Afin d&rsquo;informer les populations \u00ab\u00a0de la qualit\u00e9 globale de l\u2019eau distribu\u00e9e, [&#8230;] un bulletin annuel est transmis chaque ann\u00e9e aux abonn\u00e9s avec leur facture d&rsquo;eau\u00a0\u00bb.<\/p>\n<p data-module=\"article-paragraph\" class=\"jsx-3046738180 Paragraph Paragraph__End\"><strong>Vous souhaitez nous poser des questions ou nous soumettre une information qui ne vous para\u00eet pas fiable ? N&rsquo;h\u00e9sitez pas \u00e0 nous \u00e9crire \u00e0 l&rsquo;adresse lesverificateurs@tf1.fr. Retrouvez-nous \u00e9galement sur X : notre \u00e9quipe y est pr\u00e9sente derri\u00e8re le compte @verif_TF1LCI.<\/strong><\/p>\n<p>Thomas DESZPOT<\/p>\n","protected":false},"excerpt":{"rendered":"Des d\u00e9put\u00e9s LFI s&rsquo;inqui\u00e8tent de la qualit\u00e9 de l&rsquo;eau du robinet dans l&rsquo;agglom\u00e9ration lilloise. Elle ferait l&rsquo;objet d&rsquo;une&hellip;\n","protected":false},"author":2,"featured_media":546866,"comment_status":"","ping_status":"","sticky":false,"template":"","format":"standard","meta":{"footnotes":""},"categories":[2815],"tags":[1111,11,1921,1777,674,1011,27,811,1922,7541,1307,12,1800,25,71,5699,133,5010],"class_list":{"0":"post-546865","1":"post","2":"type-post","3":"status-publish","4":"format-standard","5":"has-post-thumbnail","7":"category-lille","8":"tag-actu","9":"tag-actualites","10":"tag-article-video","11":"tag-eu","12":"tag-europe","13":"tag-fr","14":"tag-france","15":"tag-hauts-de-france","16":"tag-info","17":"tag-linfo-passee-au-crible-des-verificateurs","18":"tag-lille","19":"tag-news","20":"tag-pollution","21":"tag-republique-francaise","22":"tag-sante","23":"tag-sante-publique","24":"tag-video","25":"tag-video-sujets-de-societe"},"share_on_mastodon":{"url":"https:\/\/pubeurope.com\/@fr\/115582167150455271","error":""},"_links":{"self":[{"href":"https:\/\/www.europesays.com\/fr\/wp-json\/wp\/v2\/posts\/546865","targetHints":{"allow":["GET"]}}],"collection":[{"href":"https:\/\/www.europesays.com\/fr\/wp-json\/wp\/v2\/posts"}],"about":[{"href":"https:\/\/www.europesays.com\/fr\/wp-json\/wp\/v2\/types\/post"}],"author":[{"embeddable":true,"href":"https:\/\/www.europesays.com\/fr\/wp-json\/wp\/v2\/users\/2"}],"replies":[{"embeddable":true,"href":"https:\/\/www.europesays.com\/fr\/wp-json\/wp\/v2\/comments?post=546865"}],"version-history":[{"count":0,"href":"https:\/\/www.europesays.com\/fr\/wp-json\/wp\/v2\/posts\/546865\/revisions"}],"wp:featuredmedia":[{"embeddable":true,"href":"https:\/\/www.europesays.com\/fr\/wp-json\/wp\/v2\/media\/546866"}],"wp:attachment":[{"href":"https:\/\/www.europesays.com\/fr\/wp-json\/wp\/v2\/media?parent=546865"}],"wp:term":[{"taxonomy":"category","embeddable":true,"href":"https:\/\/www.europesays.com\/fr\/wp-json\/wp\/v2\/categories?post=546865"},{"taxonomy":"post_tag","embeddable":true,"href":"https:\/\/www.europesays.com\/fr\/wp-json\/wp\/v2\/tags?post=546865"}],"curies":[{"name":"wp","href":"https:\/\/api.w.org\/{rel}","templated":true}]}}