{"id":546868,"date":"2025-11-20T13:04:11","date_gmt":"2025-11-20T13:04:11","guid":{"rendered":"https:\/\/www.europesays.com\/fr\/546868\/"},"modified":"2025-11-20T13:04:11","modified_gmt":"2025-11-20T13:04:11","slug":"les-residents-des-eglantiers-gravissent-15-etages-a-pied-depuis-un-an","status":"publish","type":"post","link":"https:\/\/www.europesays.com\/fr\/546868\/","title":{"rendered":"les r\u00e9sidents des \u00c9glantiers gravissent 15 \u00e9tages \u00e0 pied depuis un an"},"content":{"rendered":"<p>Samir n\u2019ach\u00e8te plus de pack de lait et laisse les poussettes dans sa voiture. Tacherifa ne fait que de petites courses pour ne pas avoir les bras trop charg\u00e9s. Sophie ne se fait plus livrer ses colis. Hachimia, Hyathouni, Faham\u00e9, Mroivili, Mokhtar, Djabiri, Ali\u2026 Tous ces habitants du b\u00e2timent K2 des \u00c9glantiers, dans le 13e arrondissement, ont d\u00fb changer leur quotidien\u00a0: depuis un an, ils doivent composer sans ascenseur, dans cet immeuble de 15 \u00e9tages appartenant au bailleur social Provence M\u00e9tropole Logement (PML ex-Habitat Marseille Provence).<\/p>\n<p>Au-del\u00e0 de l\u2019organisation logistique, <a href=\"https:\/\/www.laprovence.com\/article\/region\/7971365925935414\/nos-charges-cest-une-main-qui-serre-le-cou-a-marseille-les-locataires-des-logements-sociaux-se-rebiffent\" target=\"_blank\" rel=\"noopener\">des probl\u00e8mes de sant\u00e9 se posent<\/a>. Les agents d\u2019entretien ne peuvent plus assurer un nettoyage normal des parties communes et le personnel m\u00e9dical vient de moins en moins. V\u00e9ra, handicap\u00e9e, vit au 13e \u00e9tage. Elle a d\u00fb annuler plusieurs rendez-vous avec son docteur. Sur le m\u00eame pallier, la m\u00e8re de Bachra a, elle, report\u00e9 ses s\u00e9ances de kin\u00e9 et n\u2019est pas sortie de son appartement pendant trois semaines.<\/p>\n<p>Un ascenseur \u00e0 l\u2019arr\u00eat, l\u2019autre d\u00e9faillant<\/p>\n<p>\u00ab\u00a0Les infirmiers ne veulent plus venir et sont de moins en moins l\u00e0 alors que certains habitants ont besoin de soins tous les jours, d\u00e9plore une r\u00e9sidente. Au 15e \u00e9tage&#8230;<\/p>\n","protected":false},"excerpt":{"rendered":"Samir n\u2019ach\u00e8te plus de pack de lait et laisse les poussettes dans sa voiture. Tacherifa ne fait que&hellip;\n","protected":false},"author":2,"featured_media":546869,"comment_status":"","ping_status":"","sticky":false,"template":"","format":"standard","meta":{"footnotes":""},"categories":[2814],"tags":[17,1111,11,2511,154,1777,674,1011,27,66490,151,884,12,14455,882,25,4153,104,40597],"class_list":{"0":"post-546868","1":"post","2":"type-post","3":"status-publish","4":"format-standard","5":"has-post-thumbnail","7":"category-marseille","8":"tag-17","9":"tag-actu","10":"tag-actualites","11":"tag-cest","12":"tag-des","13":"tag-eu","14":"tag-europe","15":"tag-fr","16":"tag-france","17":"tag-lascenseur","18":"tag-les","19":"tag-marseille","20":"tag-news","21":"tag-notre","22":"tag-provence-alpes-cote-dazur","23":"tag-republique-francaise","24":"tag-residents","25":"tag-societe","26":"tag-survie"},"share_on_mastodon":{"url":"https:\/\/pubeurope.com\/@fr\/115582170944001110","error":""},"_links":{"self":[{"href":"https:\/\/www.europesays.com\/fr\/wp-json\/wp\/v2\/posts\/546868","targetHints":{"allow":["GET"]}}],"collection":[{"href":"https:\/\/www.europesays.com\/fr\/wp-json\/wp\/v2\/posts"}],"about":[{"href":"https:\/\/www.europesays.com\/fr\/wp-json\/wp\/v2\/types\/post"}],"author":[{"embeddable":true,"href":"https:\/\/www.europesays.com\/fr\/wp-json\/wp\/v2\/users\/2"}],"replies":[{"embeddable":true,"href":"https:\/\/www.europesays.com\/fr\/wp-json\/wp\/v2\/comments?post=546868"}],"version-history":[{"count":0,"href":"https:\/\/www.europesays.com\/fr\/wp-json\/wp\/v2\/posts\/546868\/revisions"}],"wp:featuredmedia":[{"embeddable":true,"href":"https:\/\/www.europesays.com\/fr\/wp-json\/wp\/v2\/media\/546869"}],"wp:attachment":[{"href":"https:\/\/www.europesays.com\/fr\/wp-json\/wp\/v2\/media?parent=546868"}],"wp:term":[{"taxonomy":"category","embeddable":true,"href":"https:\/\/www.europesays.com\/fr\/wp-json\/wp\/v2\/categories?post=546868"},{"taxonomy":"post_tag","embeddable":true,"href":"https:\/\/www.europesays.com\/fr\/wp-json\/wp\/v2\/tags?post=546868"}],"curies":[{"name":"wp","href":"https:\/\/api.w.org\/{rel}","templated":true}]}}