{"id":54687,"date":"2025-04-26T15:25:15","date_gmt":"2025-04-26T15:25:15","guid":{"rendered":"https:\/\/www.europesays.com\/fr\/54687\/"},"modified":"2025-04-26T15:25:15","modified_gmt":"2025-04-26T15:25:15","slug":"trois-blesses-par-balles-dont-un-critique-dans-trois-fusillades-distinctes","status":"publish","type":"post","link":"https:\/\/www.europesays.com\/fr\/54687\/","title":{"rendered":"Trois bless\u00e9s par balles dont un critique dans trois fusillades distinctes"},"content":{"rendered":"<p><strong>Enqu\u00eate &#8211; Entre vendredi soir et la nuit de samedi, trois fusillades ont \u00e9clat\u00e9 presque en m\u00eame temps \u00e0 Fontaine, Saint-Martin-d\u2019H\u00e8res et Grenoble, faisant trois bless\u00e9s, dont un en urgence absolue<\/strong><\/p>\n<p>Trois personnes ont \u00e9t\u00e9 bless\u00e9es par balles, dont une tr\u00e8s gri\u00e8vement, dans la nuit de vendredi \u00e0 samedi dans l\u2019agglom\u00e9ration <a href=\"https:\/\/www.20minutes.fr\/grenoble\/?at_medium=RSS+feed&amp;at_campaign=ynews&amp;utm_source=yahoo&amp;utm_medium=rss&amp;utm_campaign=news_feed&amp;utm_content=in_article_link\" rel=\"nofollow noopener\" target=\"_blank\" data-ylk=\"slk:grenobloise;elm:context_link;itc:0;sec:content-canvas\" class=\"link \">grenobloise<\/a>, au cours de deux tentatives d\u2019homicide distinctes \u00ab\u00a0li\u00e9es\u00a0\u00bb au <a href=\"https:\/\/www.20minutes.fr\/dossier\/trafic_de_drogue?at_medium=RSS+feed&amp;at_campaign=ynews&amp;utm_source=yahoo&amp;utm_medium=rss&amp;utm_campaign=news_feed&amp;utm_content=in_article_link\" rel=\"nofollow noopener\" target=\"_blank\" data-ylk=\"slk:trafic de stup\u00e9fiants;elm:context_link;itc:0;sec:content-canvas\" class=\"link \">trafic de stup\u00e9fiants<\/a>, a-t-on appris de sources concordantes.<\/p>\n<p>Le pronostic vital d\u2019un homme de 19 ans est engag\u00e9, apr\u00e8s avoir \u00e9t\u00e9 bless\u00e9 par balles dans le sud-est de Grenoble vers 00h30, a indiqu\u00e9 une source polici\u00e8re. La victime a \u00e9t\u00e9 touch\u00e9e de quatre balles \u00e0 une jambe au \u00ab\u00a0septi\u00e8me \u00e9tage d\u2019un immeuble d\u2019habitation\u00a0\u00bb, ont pr\u00e9cis\u00e9 les pompiers et une seconde source polici\u00e8re. Son pronostic vital \u00e9tait encore engag\u00e9 \u00e0 9 heures samedi.<\/p>\n<p>\u00ab\u00a0Guerre des gangs\u00a0\u00bb<\/p>\n<p>Quelques heures plus t\u00f4t, deux hommes avaient \u00e9t\u00e9 bless\u00e9s par balles vers 22h30 \u00e0 Saint-Martin-d\u2019H\u00e8res, dans la banlieue sud-est de Grenoble, dont une \u00ab\u00a0victime collat\u00e9rale\u00a0\u00bb, a indiqu\u00e9 une source polici\u00e8re. Une des victimes, un homme de 22 ans, a \u00e9t\u00e9 transport\u00e9e en \u00e9tat d\u2019urgence absolue. La seconde, \u00e2g\u00e9e de 34 ans, a \u00e9t\u00e9 moins gri\u00e8vement bless\u00e9e, ont pr\u00e9cis\u00e9 les pompiers.<\/p>\n<p>Leur pronostic vital n\u2019est pas engag\u00e9, selon les sources polici\u00e8res concordantes. Les auteurs des tirs ont pris la fuite \u00e0 trottinette. Ces deux tentatives d\u2019homicide \u00ab\u00a0ont un lien avec les stup\u00e9fiants\u00a0\u00bb, a indiqu\u00e9 une des sources polici\u00e8res, pr\u00e9cisant que des enqu\u00eates ont \u00e9t\u00e9 ouvertes sans pouvoir confirmer pour l\u2019heure si les deux affaires sont li\u00e9es.<\/p>\n<p>Des coups de feu ont \u00e9galement \u00e9t\u00e9 tir\u00e9s dans le quartier grenoblois de Fontaine vers 22h20, sans fai(&#8230;)<\/p>\n<p><a href=\"https:\/\/www.20minutes.fr\/faits_divers\/4150512-20250426-narcotrafic-grenoble-trois-blesses-balles-dont-critique-trois-fusillades-distinctes?at_medium=RSS+feed&amp;at_campaign=ynews&amp;utm_source=yahoo&amp;utm_medium=rss&amp;utm_campaign=news_feed&amp;utm_content=read_more_link&quot;\" rel=\"nofollow noopener\" target=\"_blank\" data-ylk=\"slk:Lire la suite sur 20minutes;elm:context_link;itc:0;sec:content-canvas\" class=\"link \">Lire la suite sur 20minutes<\/a><\/p>\n<p>\u00c0 lire aussi :<br \/><a href=\"https:\/\/www.20minutes.fr\/faits_divers\/4149826-20250422-prisons-attaquees-vehicules-incendies-personnels-menaces-durcissement-prisons-question?at_medium=RSS+feed&amp;at_campaign=ynews&amp;utm_source=yahoo&amp;utm_medium=rss&amp;utm_campaign=news_feed&amp;utm_content=related_content_link\" rel=\"nofollow noopener\" target=\"_blank\" data-ylk=\"slk:Prisons attaqu\u00e9es\u00a0: V\u00e9hicules incendi\u00e9s, personnels menac\u00e9s\u2026 \u00ab\u00a0C\u2019est le durcissement des prisons qui est en question\u00a0\u00bb;elm:context_link;itc:0;sec:content-canvas\" class=\"link \">Prisons attaqu\u00e9es\u00a0: V\u00e9hicules incendi\u00e9s, personnels menac\u00e9s\u2026 \u00ab\u00a0C\u2019est le durcissement des prisons qui est en question\u00a0\u00bb<\/a><br \/><a href=\"https:\/\/www.20minutes.fr\/faits_divers\/4149454-20250419-isere-homme-21-ans-victime-plusieurs-coups-couteau-lors-rixe-pres-grenoble?at_medium=RSS+feed&amp;at_campaign=ynews&amp;utm_source=yahoo&amp;utm_medium=rss&amp;utm_campaign=news_feed&amp;utm_content=related_content_link\" rel=\"nofollow noopener\" target=\"_blank\" data-ylk=\"slk:Is\u00e8re\u00a0: Un homme de 21 ans victime de plusieurs coups de couteau lors d\u2019une rixe pr\u00e8s de Grenoble;elm:context_link;itc:0;sec:content-canvas\" class=\"link \">Is\u00e8re\u00a0: Un homme de 21 ans victime de plusieurs coups de couteau lors d\u2019une rixe pr\u00e8s de Grenoble<\/a><\/p>\n","protected":false},"excerpt":{"rendered":"Enqu\u00eate &#8211; Entre vendredi soir et la nuit de samedi, trois fusillades ont \u00e9clat\u00e9 presque en m\u00eame temps&hellip;\n","protected":false},"author":2,"featured_media":54688,"comment_status":"","ping_status":"","sticky":false,"template":"","format":"standard","meta":{"footnotes":""},"categories":[9566],"tags":[1111,11,2430,1777,674,1011,27,2731,12,25,9448],"class_list":{"0":"post-54687","1":"post","2":"type-post","3":"status-publish","4":"format-standard","5":"has-post-thumbnail","7":"category-grenoble","8":"tag-actu","9":"tag-actualites","10":"tag-auvergne-rhone-alpes","11":"tag-eu","12":"tag-europe","13":"tag-fr","14":"tag-france","15":"tag-grenoble","16":"tag-news","17":"tag-republique-francaise","18":"tag-saint-martin-dheres"},"share_on_mastodon":{"url":"https:\/\/pubeurope.com\/@fr\/114404964660166707","error":""},"_links":{"self":[{"href":"https:\/\/www.europesays.com\/fr\/wp-json\/wp\/v2\/posts\/54687","targetHints":{"allow":["GET"]}}],"collection":[{"href":"https:\/\/www.europesays.com\/fr\/wp-json\/wp\/v2\/posts"}],"about":[{"href":"https:\/\/www.europesays.com\/fr\/wp-json\/wp\/v2\/types\/post"}],"author":[{"embeddable":true,"href":"https:\/\/www.europesays.com\/fr\/wp-json\/wp\/v2\/users\/2"}],"replies":[{"embeddable":true,"href":"https:\/\/www.europesays.com\/fr\/wp-json\/wp\/v2\/comments?post=54687"}],"version-history":[{"count":0,"href":"https:\/\/www.europesays.com\/fr\/wp-json\/wp\/v2\/posts\/54687\/revisions"}],"wp:featuredmedia":[{"embeddable":true,"href":"https:\/\/www.europesays.com\/fr\/wp-json\/wp\/v2\/media\/54688"}],"wp:attachment":[{"href":"https:\/\/www.europesays.com\/fr\/wp-json\/wp\/v2\/media?parent=54687"}],"wp:term":[{"taxonomy":"category","embeddable":true,"href":"https:\/\/www.europesays.com\/fr\/wp-json\/wp\/v2\/categories?post=54687"},{"taxonomy":"post_tag","embeddable":true,"href":"https:\/\/www.europesays.com\/fr\/wp-json\/wp\/v2\/tags?post=54687"}],"curies":[{"name":"wp","href":"https:\/\/api.w.org\/{rel}","templated":true}]}}