{"id":546872,"date":"2025-11-20T13:06:12","date_gmt":"2025-11-20T13:06:12","guid":{"rendered":"https:\/\/www.europesays.com\/fr\/546872\/"},"modified":"2025-11-20T13:06:12","modified_gmt":"2025-11-20T13:06:12","slug":"la-metropole-de-lyon-recompensee-au-salon-des-maires-pour-son-reseau-sport-sante-adapte-handicap","status":"publish","type":"post","link":"https:\/\/www.europesays.com\/fr\/546872\/","title":{"rendered":"La M\u00e9tropole de Lyon r\u00e9compens\u00e9e au Salon des Maires pour son r\u00e9seau Sport Sant\u00e9 Adapt\u00e9 Handicap"},"content":{"rendered":"<p itemprop=\"description\"><strong>La M\u00e9tropole de Lyon a re\u00e7u ce mercredi une distinction nationale au Salon des Maires, \u00e0 Paris.<\/strong><\/p>\n<p>Le Prix GMF salue son r\u00e9seau \u00ab\u00a0Sport Sant\u00e9 Adapt\u00e9 Handicap\u00a0\u00bb, un dispositif lanc\u00e9 en 2022 pour d\u00e9velopper l\u2019acc\u00e8s \u00e0 l\u2019activit\u00e9 physique des personnes \u00e2g\u00e9es, en situation de handicap ou atteintes de maladies chroniques.<\/p>\n<p>Le pr\u00e9sident de la M\u00e9tropole Bruno Bernard et son vice-pr\u00e9sident d\u00e9l\u00e9gu\u00e9 au parasport Florestan Groult ont re\u00e7u le prix sur sc\u00e8ne. Le jury a r\u00e9compens\u00e9 une initiative jug\u00e9e innovante, reproductible et fond\u00e9e sur une coop\u00e9ration \u00e9troite entre le monde sportif, le secteur m\u00e9dico-social et les professionnels de sant\u00e9. Le r\u00e9seau permet en effet de faire travailler ensemble clubs, comit\u00e9s sportifs, \u00e9tablissements m\u00e9dico-sociaux, CPTS, maisons de sant\u00e9 ou encore h\u00f4pitaux.<\/p>\n<p>\u00ab\u00a0C\u2019est \u00e0 la pratique sportive de s\u2019adapter aux pratiquants et non l\u2019inverse\u00a0\u00bb, rappelle la collectivit\u00e9. La M\u00e9tropole met en \u0153uvre une programmation annuelle structur\u00e9e autour de rencontres th\u00e9matiques lors d\u2019\u00e9v\u00e8nements sportifs, d\u2019un forum d\u00e9di\u00e9 aux activit\u00e9s physiques adapt\u00e9es, de webinaires europ\u00e9ens dans le cadre du programme YouthPlayInclusive, ou encore d\u2019un travail collaboratif avec le CRESS ayant abouti \u00e0 la publication de l\u2019ouvrage Sport et Handicap, regards crois\u00e9s en mai 2025.<\/p>\n<p>Le territoire partait pourtant de loin. En 2022, seuls 2,2 % des 2500 clubs sportifs m\u00e9tropolitains figuraient au Handiguide des sports, \u00e0 peine mieux que la moyenne nationale de 1,4%. Mais en trois ans, l\u2019\u00e9cosyst\u00e8me cr\u00e9\u00e9 autour du r\u00e9seau a permis une progression spectaculaire : le nombre de clubs r\u00e9f\u00e9renc\u00e9s a bondi de 191% entre 2022 et 2025.<\/p>\n","protected":false},"excerpt":{"rendered":"La M\u00e9tropole de Lyon a re\u00e7u ce mercredi une distinction nationale au Salon des Maires, \u00e0 Paris. Le&hellip;\n","protected":false},"author":2,"featured_media":546873,"comment_status":"","ping_status":"","sticky":false,"template":"","format":"standard","meta":{"footnotes":""},"categories":[1889],"tags":[1111,11,2813,2190,2430,1109,251,1112,2811,1777,674,118,1011,27,1922,1110,1114,2428,2810,12,241,316,25,2812,517,800],"class_list":{"0":"post-546872","1":"post","2":"type-post","3":"status-publish","4":"format-standard","5":"has-post-thumbnail","7":"category-lyon","8":"tag-actu","9":"tag-actualites","10":"tag-article","11":"tag-asvel","12":"tag-auvergne-rhone-alpes","13":"tag-breves","14":"tag-culture","15":"tag-depeches","16":"tag-economique","17":"tag-eu","18":"tag-europe","19":"tag-faits-divers","20":"tag-fr","21":"tag-france","22":"tag-info","23":"tag-informations","24":"tag-infos","25":"tag-lyon","26":"tag-lyonmag","27":"tag-news","28":"tag-ol","29":"tag-politique","30":"tag-republique-francaise","31":"tag-sociale","32":"tag-sport","33":"tag-transports"},"share_on_mastodon":{"url":"https:\/\/pubeurope.com\/@fr\/115582178834418581","error":""},"_links":{"self":[{"href":"https:\/\/www.europesays.com\/fr\/wp-json\/wp\/v2\/posts\/546872","targetHints":{"allow":["GET"]}}],"collection":[{"href":"https:\/\/www.europesays.com\/fr\/wp-json\/wp\/v2\/posts"}],"about":[{"href":"https:\/\/www.europesays.com\/fr\/wp-json\/wp\/v2\/types\/post"}],"author":[{"embeddable":true,"href":"https:\/\/www.europesays.com\/fr\/wp-json\/wp\/v2\/users\/2"}],"replies":[{"embeddable":true,"href":"https:\/\/www.europesays.com\/fr\/wp-json\/wp\/v2\/comments?post=546872"}],"version-history":[{"count":0,"href":"https:\/\/www.europesays.com\/fr\/wp-json\/wp\/v2\/posts\/546872\/revisions"}],"wp:featuredmedia":[{"embeddable":true,"href":"https:\/\/www.europesays.com\/fr\/wp-json\/wp\/v2\/media\/546873"}],"wp:attachment":[{"href":"https:\/\/www.europesays.com\/fr\/wp-json\/wp\/v2\/media?parent=546872"}],"wp:term":[{"taxonomy":"category","embeddable":true,"href":"https:\/\/www.europesays.com\/fr\/wp-json\/wp\/v2\/categories?post=546872"},{"taxonomy":"post_tag","embeddable":true,"href":"https:\/\/www.europesays.com\/fr\/wp-json\/wp\/v2\/tags?post=546872"}],"curies":[{"name":"wp","href":"https:\/\/api.w.org\/{rel}","templated":true}]}}