{"id":546884,"date":"2025-11-20T13:13:16","date_gmt":"2025-11-20T13:13:16","guid":{"rendered":"https:\/\/www.europesays.com\/fr\/546884\/"},"modified":"2025-11-20T13:13:16","modified_gmt":"2025-11-20T13:13:16","slug":"la-strategie-de-pierre-yves-bournazel-pour-retablir-la-probite-a-la-mairie-de-paris","status":"publish","type":"post","link":"https:\/\/www.europesays.com\/fr\/546884\/","title":{"rendered":"La strat\u00e9gie de Pierre-Yves Bournazel pour r\u00e9tablir la probit\u00e9 \u00e0 la Mairie de Paris"},"content":{"rendered":"<p>Pierre-Yves Bournazel a le sens du tempo. Alors que la question des notes de frais et des <a class=\"Link\" href=\"https:\/\/www.lepoint.fr\/politique\/comment-anne-hidalgo-contourne-le-controle-du-conseil-de-paris-pour-voyager-en-business-14-11-2025-2603122_20.php\" title=\"\" data-gtm=\"click:capsule\" data-capsule=\"Lien\" target=\"_blank\" rel=\"noopener\">nombreux voyages d&rsquo;Anne Hidalgo<\/a> occupe les gazettes, alors que <a class=\"Link\" href=\"https:\/\/www.lepoint.fr\/politique\/municipales-2026-sophia-chikirou-lfi-une-desingueuse-a-l-assaut-de-paris-14-11-2025-2603109_20.php\" title=\"\" data-gtm=\"click:capsule\" data-capsule=\"Lien\" target=\"_blank\" rel=\"noopener\">Rachida Dati vient d&rsquo;\u00eatre rejointe par Sophia Chikirou<\/a> (LFI) dans le club des candidates \u00e0 la Mairie de <a class=\"Link\" href=\"https:\/\/www.lepoint.fr\/tags\/paris\" data-gtm=\"click:capsule\" data-capsule=\"Lien\" target=\"_blank\" rel=\"noopener\">Paris<\/a> inqui\u00e9t\u00e9es par la justice, le pr\u00e9tendant Horizons \u00e0 la succession d&rsquo;Hidalgo met les pieds dans le plat. Ce jeudi matin, dans un caf\u00e9 proche de l&rsquo;H\u00f4tel de Ville, l&rsquo;\u00e9lu du 18e a lu studieusement un long texte d\u00e9taillant\u00a0dix mesures pour r\u00e9duire le train de vie de la mairie et insuffler un peu \u00ab\u00a0d&rsquo;\u00e9thique\u00a0\u00bb. Il le dit, assis sur sa banquette, avec une phrase qui sent le slogan\u00a0: \u00ab\u00a0Une ville propre, des \u00e9lus propres\u00a0\u00bb. \u00c0\u00a0la cl\u00e9, jauge Pierre-Yves Bournazel, une \u00e9conomie pour la capitale de 400\u00a0millions d&rsquo;euros.<\/p>\n<p>Dix mesures, donc. La&#8230;<\/p>\n<p>Toute l\u2019actualit\u00e9 \u00e0 1\u20ac le premier mois<\/p>\n<p><a href=\"https:\/\/abo.lepoint.fr\/?provenance=21EDI020098\" class=\"btn\" title=\"S&#039;abonner\" data-gtm=\"click:abo|display:abo\" data-campaign=\"paywall_maison\" target=\"_blank\" rel=\"noopener\">S&rsquo;abonner<\/a><\/p>\n<p>ou<\/p>\n<p>La newsletter politique<\/p>\n<p class=\"period\">Tous les lundis \u00e0 11h30<\/p>\n<p>Recevez en avant-premi\u00e8re les informations et analyses politiques de la r\u00e9daction du Point.<\/p>\n<p>Merci !<br \/>Votre inscription a bien \u00e9t\u00e9 prise en compte avec l&rsquo;adresse email :<\/p>\n<p>Pour d\u00e9couvrir toutes nos autres newsletters, rendez-vous ici : <a href=\"https:\/\/moncompte.lepoint.fr\/\" title=\"\" target=\"_blank\" rel=\"noopener\">MonCompte<\/a><\/p>\n<p>En vous inscrivant, vous acceptez les <a href=\"https:\/\/www.lepoint.fr\/html\/cgu\/\" title=\"Conditions g\u00e9n\u00e9rales d&#039;utilisation\" target=\"_blank\" rel=\"noopener\">conditions g\u00e9n\u00e9rales d\u2019utilisations<\/a> et notre <a href=\"https:\/\/www.lepoint.fr\/html\/politique-de-protection-donnees-personnelles\/\" title=\"Politique de confidentialit\u00e9\" target=\"_blank\" rel=\"noopener\">politique de confidentialit\u00e9<\/a>.<\/p>\n","protected":false},"excerpt":{"rendered":"Pierre-Yves Bournazel a le sens du tempo. Alors que la question des notes de frais et des nombreux&hellip;\n","protected":false},"author":2,"featured_media":546885,"comment_status":"","ping_status":"","sticky":false,"template":"","format":"standard","meta":{"footnotes":""},"categories":[1888],"tags":[11,4188,1777,674,1011,27,12,626,59616,25],"class_list":{"0":"post-546884","1":"post","2":"type-post","3":"status-publish","4":"format-standard","5":"has-post-thumbnail","7":"category-paris","8":"tag-actualites","9":"tag-elections-municipales","10":"tag-eu","11":"tag-europe","12":"tag-fr","13":"tag-france","14":"tag-news","15":"tag-paris","16":"tag-pierre-yves-bournazel","17":"tag-republique-francaise"},"share_on_mastodon":{"url":"https:\/\/pubeurope.com\/@fr\/115582206249636858","error":""},"_links":{"self":[{"href":"https:\/\/www.europesays.com\/fr\/wp-json\/wp\/v2\/posts\/546884","targetHints":{"allow":["GET"]}}],"collection":[{"href":"https:\/\/www.europesays.com\/fr\/wp-json\/wp\/v2\/posts"}],"about":[{"href":"https:\/\/www.europesays.com\/fr\/wp-json\/wp\/v2\/types\/post"}],"author":[{"embeddable":true,"href":"https:\/\/www.europesays.com\/fr\/wp-json\/wp\/v2\/users\/2"}],"replies":[{"embeddable":true,"href":"https:\/\/www.europesays.com\/fr\/wp-json\/wp\/v2\/comments?post=546884"}],"version-history":[{"count":0,"href":"https:\/\/www.europesays.com\/fr\/wp-json\/wp\/v2\/posts\/546884\/revisions"}],"wp:featuredmedia":[{"embeddable":true,"href":"https:\/\/www.europesays.com\/fr\/wp-json\/wp\/v2\/media\/546885"}],"wp:attachment":[{"href":"https:\/\/www.europesays.com\/fr\/wp-json\/wp\/v2\/media?parent=546884"}],"wp:term":[{"taxonomy":"category","embeddable":true,"href":"https:\/\/www.europesays.com\/fr\/wp-json\/wp\/v2\/categories?post=546884"},{"taxonomy":"post_tag","embeddable":true,"href":"https:\/\/www.europesays.com\/fr\/wp-json\/wp\/v2\/tags?post=546884"}],"curies":[{"name":"wp","href":"https:\/\/api.w.org\/{rel}","templated":true}]}}