{"id":546886,"date":"2025-11-20T13:14:17","date_gmt":"2025-11-20T13:14:17","guid":{"rendered":"https:\/\/www.europesays.com\/fr\/546886\/"},"modified":"2025-11-20T13:14:17","modified_gmt":"2025-11-20T13:14:17","slug":"la-russie-et-le-togo-ouvriront-des-ambassades-en-2026-sahel-intelligence","status":"publish","type":"post","link":"https:\/\/www.europesays.com\/fr\/546886\/","title":{"rendered":"La Russie et le Togo ouvriront des ambassades en 2026 \u2013 Sahel Intelligence"},"content":{"rendered":"<p>\t\t\t\t<img width=\"752\" height=\"440\" src=\"https:\/\/www.europesays.com\/fr\/wp-content\/uploads\/2025\/11\/telechargement-16-752x440.webp.webp\" class=\"attachment-featured-slider size-featured-slider wp-post-image\" alt=\"\" decoding=\"async\" fetchpriority=\"high\"\/>\t\t\t<\/p>\n<p>Lors d\u2019une rencontre au Kremlin, le pr\u00e9sident russe Vladimir Poutine a annonc\u00e9 que la Russie et le Togo ouvriraient des ambassades respectives en 2026. Cette d\u00e9cision intervient alors que Moscou renforce sa pr\u00e9sence en Afrique, un continent strat\u00e9gique qu\u2019elle cherche \u00e0 courtiser en r\u00e9ponse \u00e0 son isolement vis-\u00e0-vis de l\u2019Occident.<\/p>\n<p>Les relations entre la Russie et le Togo ont r\u00e9cemment pris un tournant, avec la signature d\u2019un accord de coop\u00e9ration militaire entre les deux pays cette ann\u00e9e. Le pr\u00e9sident Poutine a rappel\u00e9 qu\u2019il y a 65 ans, les deux nations \u00e9tablissaient des relations diplomatiques, mais qu\u2019aucune ambassade n\u2019avait encore \u00e9t\u00e9 ouverte. Il a soulign\u00e9 que cela serait d\u00e9sormais rectifi\u00e9 en 2026, avec l\u2019ouverture de missions diplomatiques dans les deux pays.<\/p>\n<p>Faure Gnassingb\u00e9, pr\u00e9sident togolais, a exprim\u00e9 sa gratitude \u00e0 la Russie pour le maintien de bourses destin\u00e9es aux \u00e9tudiants togolais, pr\u00e9cisant qu\u2019il esp\u00e9rait renforcer cette coop\u00e9ration gr\u00e2ce \u00e0 l\u2019ouverture de l\u2019ambassade russe au Togo. Le dirigeant togolais a \u00e9galement \u00e9voqu\u00e9 les d\u00e9fis s\u00e9curitaires du pays, particuli\u00e8rement dans le contexte d\u2019une r\u00e9gion marqu\u00e9e par la mont\u00e9e du terrorisme.<\/p>\n<p>Le Togo, un pays d\u2019Afrique de l\u2019Ouest, est confront\u00e9 \u00e0 la menace jihadiste en provenance de ses voisins sah\u00e9liens, notamment dans sa r\u00e9gion nord. Depuis le d\u00e9but de l\u2019ann\u00e9e, des attaques ont fait plus de 60 victimes, entre civils et militaires.<\/p>\n<p>La signature de cet accord et l\u2019annonce de l\u2019ouverture des ambassades marquent un renforcement des liens entre Moscou et Lom\u00e9, sur fond de g\u00e9opolitique africaine de plus en plus complexe.<\/p>\n","protected":false},"excerpt":{"rendered":"Lors d\u2019une rencontre au Kremlin, le pr\u00e9sident russe Vladimir Poutine a annonc\u00e9 que la Russie et le Togo&hellip;\n","protected":false},"author":2,"featured_media":546887,"comment_status":"","ping_status":"","sticky":false,"template":"","format":"standard","meta":{"footnotes":""},"categories":[1591],"tags":[11,1887,12,1885,1886,132],"class_list":{"0":"post-546886","1":"post","2":"type-post","3":"status-publish","4":"format-standard","5":"has-post-thumbnail","7":"category-russie","8":"tag-actualites","9":"tag-federation-de-russie","10":"tag-news","11":"tag-russia","12":"tag-russian-federation","13":"tag-russie"},"share_on_mastodon":{"url":"https:\/\/pubeurope.com\/@fr\/115582211261794240","error":""},"_links":{"self":[{"href":"https:\/\/www.europesays.com\/fr\/wp-json\/wp\/v2\/posts\/546886","targetHints":{"allow":["GET"]}}],"collection":[{"href":"https:\/\/www.europesays.com\/fr\/wp-json\/wp\/v2\/posts"}],"about":[{"href":"https:\/\/www.europesays.com\/fr\/wp-json\/wp\/v2\/types\/post"}],"author":[{"embeddable":true,"href":"https:\/\/www.europesays.com\/fr\/wp-json\/wp\/v2\/users\/2"}],"replies":[{"embeddable":true,"href":"https:\/\/www.europesays.com\/fr\/wp-json\/wp\/v2\/comments?post=546886"}],"version-history":[{"count":0,"href":"https:\/\/www.europesays.com\/fr\/wp-json\/wp\/v2\/posts\/546886\/revisions"}],"wp:featuredmedia":[{"embeddable":true,"href":"https:\/\/www.europesays.com\/fr\/wp-json\/wp\/v2\/media\/546887"}],"wp:attachment":[{"href":"https:\/\/www.europesays.com\/fr\/wp-json\/wp\/v2\/media?parent=546886"}],"wp:term":[{"taxonomy":"category","embeddable":true,"href":"https:\/\/www.europesays.com\/fr\/wp-json\/wp\/v2\/categories?post=546886"},{"taxonomy":"post_tag","embeddable":true,"href":"https:\/\/www.europesays.com\/fr\/wp-json\/wp\/v2\/tags?post=546886"}],"curies":[{"name":"wp","href":"https:\/\/api.w.org\/{rel}","templated":true}]}}