{"id":546890,"date":"2025-11-20T13:17:14","date_gmt":"2025-11-20T13:17:14","guid":{"rendered":"https:\/\/www.europesays.com\/fr\/546890\/"},"modified":"2025-11-20T13:17:14","modified_gmt":"2025-11-20T13:17:14","slug":"la-guerre-informationnelle-de-la-chine-decryptee-par-les-etats-unis","status":"publish","type":"post","link":"https:\/\/www.europesays.com\/fr\/546890\/","title":{"rendered":"la guerre informationnelle de la Chine d\u00e9crypt\u00e9e par les Etats-Unis"},"content":{"rendered":"<p>La guerre informationnelle lanc\u00e9e par la Chine contre le Rafale apr\u00e8s l&rsquo;op\u00e9ration indienne Sindoor contre le Pakistan en mai dernier, n&rsquo;est pas vraiment pass\u00e9e inaper\u00e7ue aux Etats-Unis. Dans son rapport annuel transmis au Congr\u00e8s le 18 novembre, la Commission d&rsquo;examen \u00e9conomique et s\u00e9curitaire entre les \u00c9tats-Unis et la Chine consacre quelques paragraphes sur l&rsquo;attaque informationnelle de P\u00e9kin contre les int\u00e9r\u00eats militaires et \u00e9conomiques de la France. D&rsquo;une mani\u00e8re g\u00e9n\u00e9rale, ce rapport consiste \u00e0 \u00ab surveiller, enqu\u00eater et rendre compte au Congr\u00e8s des implications en mati\u00e8re de s\u00e9curit\u00e9 nationale des relations commerciales et \u00e9conomiques bilat\u00e9rales\u2009\u00bb entre les \u00c9tats-Unis et la Chine.<\/p>\n<p>La commission assure notamment que la Chine a \u00ab\u2009lanc\u00e9 <a href=\"https:\/\/www.latribune.fr\/entreprises-finance\/industrie\/aeronautique-defense\/raid-aerien-new-delhi-a-gagne-la-bataille-des-airs-islamabad-celle-de-la-desinformation-1027142.html\" target=\"_blank\" rel=\"noopener\">une campagne de d\u00e9sinformation <\/a>visant \u00e0 entraver les ventes d&rsquo;avions fran\u00e7ais Rafale au profit de ses propres J-35 (Shenyang J-35A, un avion de cinqui\u00e8me g\u00e9n\u00e9ration d\u00e9velopp\u00e9 par AVIC, ndlr), en utilisant de faux comptes sur les r\u00e9seaux sociaux pour diffuser des images g\u00e9n\u00e9r\u00e9es par IA et des images de jeux vid\u00e9o montrant de pr\u00e9tendus &lsquo;d\u00e9bris&rsquo; provenant des avions d\u00e9truits par les syst\u00e8mes d&rsquo;armes chinois \u00bb. P\u00e9kin, qui souhaite proposer ses avions de combat \u00e0 l&rsquo;exportation, a tent\u00e9 de trouver le moyen de discr\u00e9diter le Rafale, qui est un concurrent s\u00e9rieux sur un petit nombre de campagnes commerciales communes. Pour autant, l&rsquo;Inde, un des pays les plus concern\u00e9s par les performances op\u00e9rationnelles du Rafale, a assur\u00e9 \u00e0 la France <a href=\"https:\/\/www.latribune.fr\/entreprises-finance\/industrie\/aeronautique-defense\/l-inde-pourrait-commander-beaucoup-de-rafale-supplementaires-a-dassault-aviation-1031245.html\" target=\"_blank\" rel=\"noopener\">sa volont\u00e9 d&rsquo;acqu\u00e9rir de nouveaux avions de combat fran\u00e7ais<\/a>.<\/p>\n","protected":false},"excerpt":{"rendered":"La guerre informationnelle lanc\u00e9e par la Chine contre le Rafale apr\u00e8s l&rsquo;op\u00e9ration indienne Sindoor contre le Pakistan en&hellip;\n","protected":false},"author":2,"featured_media":446435,"comment_status":"","ping_status":"","sticky":false,"template":"","format":"standard","meta":{"footnotes":""},"categories":[1589],"tags":[17,11,309,66492,56827,73,1866,1146,66491,12,15828,1864,1865,1863,308],"class_list":{"0":"post-546890","1":"post","2":"type-post","3":"status-publish","4":"format-standard","5":"has-post-thumbnail","7":"category-etats-unis","8":"tag-17","9":"tag-actualites","10":"tag-chine","11":"tag-decryptee","12":"tag-defense-et-aerospatiale","13":"tag-etats-unis","14":"tag-etats-unis-damerique","15":"tag-guerre","16":"tag-informationnelle","17":"tag-news","18":"tag-rafale","19":"tag-united-states","20":"tag-united-states-of-america","21":"tag-us","22":"tag-usa"},"share_on_mastodon":{"url":"https:\/\/pubeurope.com\/@fr\/115582222182521266","error":""},"_links":{"self":[{"href":"https:\/\/www.europesays.com\/fr\/wp-json\/wp\/v2\/posts\/546890","targetHints":{"allow":["GET"]}}],"collection":[{"href":"https:\/\/www.europesays.com\/fr\/wp-json\/wp\/v2\/posts"}],"about":[{"href":"https:\/\/www.europesays.com\/fr\/wp-json\/wp\/v2\/types\/post"}],"author":[{"embeddable":true,"href":"https:\/\/www.europesays.com\/fr\/wp-json\/wp\/v2\/users\/2"}],"replies":[{"embeddable":true,"href":"https:\/\/www.europesays.com\/fr\/wp-json\/wp\/v2\/comments?post=546890"}],"version-history":[{"count":0,"href":"https:\/\/www.europesays.com\/fr\/wp-json\/wp\/v2\/posts\/546890\/revisions"}],"wp:featuredmedia":[{"embeddable":true,"href":"https:\/\/www.europesays.com\/fr\/wp-json\/wp\/v2\/media\/446435"}],"wp:attachment":[{"href":"https:\/\/www.europesays.com\/fr\/wp-json\/wp\/v2\/media?parent=546890"}],"wp:term":[{"taxonomy":"category","embeddable":true,"href":"https:\/\/www.europesays.com\/fr\/wp-json\/wp\/v2\/categories?post=546890"},{"taxonomy":"post_tag","embeddable":true,"href":"https:\/\/www.europesays.com\/fr\/wp-json\/wp\/v2\/tags?post=546890"}],"curies":[{"name":"wp","href":"https:\/\/api.w.org\/{rel}","templated":true}]}}