{"id":546891,"date":"2025-11-20T13:18:11","date_gmt":"2025-11-20T13:18:11","guid":{"rendered":"https:\/\/www.europesays.com\/fr\/546891\/"},"modified":"2025-11-20T13:18:11","modified_gmt":"2025-11-20T13:18:11","slug":"meme-en-prive-meghan-tient-a-etre-annoncee-par-son-titre-royal","status":"publish","type":"post","link":"https:\/\/www.europesays.com\/fr\/546891\/","title":{"rendered":"M\u00eame en priv\u00e9, Meghan tient \u00e0 \u00eatre annonc\u00e9e par son titre royal"},"content":{"rendered":"<p>Leur premi\u00e8re rencontre a lieu au mois de septembre, \u00e0 Los Angeles. \u00ab\u00a0Plusieurs tentes blanches ont \u00e9t\u00e9 dress\u00e9es \u00e0 La Brea Tar Pits, un site de fouilles fossilif\u00e8res du Mus\u00e9e d\u2019Histoire naturelle de Los Angeles, pour accueillir un groupe de jeunes filles d&rsquo;une \u00e9cole locale sp\u00e9cialis\u00e9e en sciences, technologies, ing\u00e9nierie et math\u00e9matiques\u00a0\u00bb \u00e9crit Kaitlyn Greenidge en introduction de <a target=\"_blank\" href=\"https:\/\/www.harpersbazaar.com\/culture\/film-tv\/a69289143\/meghan-markle-cover-story-interview-2025\/\" rel=\"nofollow noopener\">son article<\/a> sur <a target=\"_blank\" href=\"https:\/\/www.pointdevue.fr\/grand-angle\/biographies\/meghan-markle\" rel=\"nofollow noopener\">Meghan<\/a>. Celui-ci fait <strong>la une du nouveau <\/strong><strong>Harper\u2019s Bazaar<\/strong><strong> am\u00e9ricain<\/strong>.<\/p>\n<p>Les enfants que l&rsquo;\u00e9pouse du <a target=\"_blank\" href=\"https:\/\/www.pointdevue.fr\/grand-angle\/biographies\/prince-harry\" rel=\"nofollow noopener\">prince Harry<\/a> s\u2019appr\u00eate \u00e0 rencontrer ce jour-l\u00e0 ont 11 et 12 ans. \u00ab\u00a0Une voiturette de golf s&rsquo;arr\u00eate, le gravier crissant sous ses pneus. <strong>\u2018La duchesse de Sussex\u2019, annonce quelqu&rsquo;un dans la foule<\/strong>\u00ab\u00a0, raconte Kaitlyn. \u00ab\u00a0Meghan descend, v\u00eatue d&rsquo;un pantalon large, d&rsquo;un chemisier en soie et de boucles d&rsquo;oreilles pav\u00e9es de diamants de la marque ukrainienne Guzema. Un cadeau de son \u00e9poux, le prince Harry, rapport\u00e9 d&rsquo;un <a target=\"_blank\" href=\"https:\/\/www.pointdevue.fr\/royal\/royaume-uni\/apres-londres-le-prince-harry-prend-la-direction-de-lukraine\" rel=\"nofollow noopener\">r\u00e9cent voyage \u00e0 Kiev<\/a>.\u00a0\u00bb<\/p>\n<p>Si l\u2019identit\u00e9 de l\u2019aboyeur ayant annonc\u00e9 la duchesse de Sussex reste un myst\u00e8re, la volont\u00e9 d\u2019<a target=\"_blank\" href=\"https:\/\/www.pointdevue.fr\/grand-angle\/biographies\/elisabeth-ii\" rel=\"nofollow noopener\">\u00c9lisabeth II<\/a> para\u00eet respect\u00e9e. \u00c0 leur <a target=\"_blank\" href=\"https:\/\/www.pointdevue.fr\/grand-angle\/dossiers-de-la-redaction\/royal\/megxit\" rel=\"nofollow noopener\">d\u00e9part aux \u00c9tats-Unis en 2020<\/a>, pour mener une vie de citoyens priv\u00e9s, la reine avait en effet <strong>demand\u00e9 \u00e0 Harry et Meghan de ne plus faire usage de leurs pr\u00e9dicats d\u2019altesses royales<\/strong>. Meghan a depuis donn\u00e9 quelques coups de canif au contrat, mais pas ce jour-l\u00e0.<\/p>\n<p>Un d\u00e9jeuner au Beverly Hills Hotel<\/p>\n<p>Apr\u00e8s cette sortie \u00e9ducative, Meghan emm\u00e8ne la journaliste et la directrice de la communication des Sussex, Meredith Maines, d\u00e9jeuner au mythique <strong>Polo Lounge du Beverly Hills Hotel<\/strong>. Historique et hautement hupp\u00e9, l\u2019\u00e9tablissement fait partie int\u00e9grante de la l\u00e9gende d\u2019Hollywood \u2013 il aurait m\u00eame inspir\u00e9 aux Eagles leur tube, Hotel California. Mais beaucoup de stars comme <strong>George Clooney, Elton John ou Ellen DeGeneres boycottent l\u2019\u00e9tablissement<\/strong> depuis que son propri\u00e9taire, le sultan de Brunei, a durci les lois de son pays \u00e0 l&rsquo;encontre des homosexuels.<\/p>\n<p>\u00ab\u00a0Si nous vivions \u00e0 Brunei, il nous serait impossible de nous marier devant nos fils\u00a0\u00bb\u00a0\u00e9crivaient Elton John\u00a0et David Furnish pour expliquer leur choix. \u00ab\u00a0Nous nous ferions battre \u00e0 mort par une foule ayant l&rsquo;aval du gouvernement.\u00a0\u00bb Meghan n\u2019a semble-t-il pas eu ces consid\u00e9rations : cet h\u00f4tel reste <strong>un rep\u00e8re o\u00f9 l\u2019on est s\u00fbr d\u2019\u00eatre vu &#8211;<\/strong> elle y croisera d&rsquo;ailleurs pendant le d\u00e9jeuner une grande star du cin\u00e9ma.<\/p>\n<p>\u00ab\u00a0L\u2019employ\u00e9 de maison annonce : \u2018Meghan, duchesse de Sussex\u2019\u00a0\u00bb<\/p>\n<p>\u00c0 la fin du repas, Kaitlyn Greenidge raconte qu\u2019un serveur arrive avec un cappuccino que personne n\u2019a command\u00e9. Sur la mousse, un portrait de Meghan en poudre de cacao. \u00ab\u00a0<strong>C&rsquo;est un petit plaisir coupable, un avantage absurde de la c\u00e9l\u00e9brit\u00e9<\/strong>, et Meghan est tellement amus\u00e9e qu&rsquo;elle en prend une photo\u00a0\u00bb note la journaliste.<\/p>\n<p>Meghan et Kaitlyn se retrouvent une semaine plus tard, \u00e0 New York, pour poursuivre leur entretien. L\u2019auteure rejoint l\u2019\u00e9pouse du prince Harry dans \u00ab\u00a0une grande maison en gr\u00e8s de l&rsquo;Upper East Side\u00a0\u00bb, propri\u00e9t\u00e9 d\u2019un ami de Meghan. \u00ab\u00a0\u00c0 peine ai-je franchi le seuil que <strong>l\u2019employ\u00e9 de maison annonce : \u2018Meghan, duchesse de Sussex\u2019, alors m\u00eame que nous semblons \u00eatre les seules<\/strong> personnes pr\u00e9sentes.\u00a0\u00bb Si elle ne veut <a target=\"_blank\" href=\"https:\/\/www.pointdevue.fr\/royal\/royaume-uni\/harry-et-meghan-un-nouveau-site-internet-qui-derange-la-couronne\" rel=\"nofollow noopener\">plus rien avoir \u00e0 faire avec la famille royale britannique<\/a>, celle qui amorce doucement <a target=\"_blank\" href=\"https:\/\/www.pointdevue.fr\/royal\/royaume-uni\/meghan-bientot-de-retour-au-cinema\" rel=\"nofollow noopener\">son retour sur les plateaux de tournage<\/a> tient encore beaucoup \u00e0 son titre prestigieux\u2026\u00a0<\/p>\n<p>Lire aussi &gt;&gt; <a target=\"_blank\" href=\"https:\/\/www.pointdevue.fr\/culture\/cinema\/meghan-achileas-de-grece-quand-les-royaux-font-du-cinema\" rel=\"nofollow noopener\">Meghan, Achileas de Gr\u00e8ce\u2026 quand les royaux font du cin\u00e9ma<\/a><\/p>\n","protected":false},"excerpt":{"rendered":"Leur premi\u00e8re rencontre a lieu au mois de septembre, \u00e0 Los Angeles. \u00ab\u00a0Plusieurs tentes blanches ont \u00e9t\u00e9 dress\u00e9es&hellip;\n","protected":false},"author":2,"featured_media":546892,"comment_status":"","ping_status":"","sticky":false,"template":"","format":"standard","meta":{"footnotes":""},"categories":[1588],"tags":[11,1777,674,12,473,1853,1851,1850,1852],"class_list":{"0":"post-546891","1":"post","2":"type-post","3":"status-publish","4":"format-standard","5":"has-post-thumbnail","7":"category-royaume-uni","8":"tag-actualites","9":"tag-eu","10":"tag-europe","11":"tag-news","12":"tag-royaume-uni","13":"tag-royaume-uni-de-grande-bretagne-et-dirlande-du-nord","14":"tag-uk","15":"tag-united-kingdom","16":"tag-united-kingdom-of-great-britain-and-northern-ireland"},"share_on_mastodon":{"url":"https:\/\/pubeurope.com\/@fr\/115582225958842372","error":""},"_links":{"self":[{"href":"https:\/\/www.europesays.com\/fr\/wp-json\/wp\/v2\/posts\/546891","targetHints":{"allow":["GET"]}}],"collection":[{"href":"https:\/\/www.europesays.com\/fr\/wp-json\/wp\/v2\/posts"}],"about":[{"href":"https:\/\/www.europesays.com\/fr\/wp-json\/wp\/v2\/types\/post"}],"author":[{"embeddable":true,"href":"https:\/\/www.europesays.com\/fr\/wp-json\/wp\/v2\/users\/2"}],"replies":[{"embeddable":true,"href":"https:\/\/www.europesays.com\/fr\/wp-json\/wp\/v2\/comments?post=546891"}],"version-history":[{"count":0,"href":"https:\/\/www.europesays.com\/fr\/wp-json\/wp\/v2\/posts\/546891\/revisions"}],"wp:featuredmedia":[{"embeddable":true,"href":"https:\/\/www.europesays.com\/fr\/wp-json\/wp\/v2\/media\/546892"}],"wp:attachment":[{"href":"https:\/\/www.europesays.com\/fr\/wp-json\/wp\/v2\/media?parent=546891"}],"wp:term":[{"taxonomy":"category","embeddable":true,"href":"https:\/\/www.europesays.com\/fr\/wp-json\/wp\/v2\/categories?post=546891"},{"taxonomy":"post_tag","embeddable":true,"href":"https:\/\/www.europesays.com\/fr\/wp-json\/wp\/v2\/tags?post=546891"}],"curies":[{"name":"wp","href":"https:\/\/api.w.org\/{rel}","templated":true}]}}