{"id":546895,"date":"2025-11-20T13:20:21","date_gmt":"2025-11-20T13:20:21","guid":{"rendered":"https:\/\/www.europesays.com\/fr\/546895\/"},"modified":"2025-11-20T13:20:21","modified_gmt":"2025-11-20T13:20:21","slug":"nissan-reduit-ses-effectifs-en-europe-dans-une-vaste-restructuration","status":"publish","type":"post","link":"https:\/\/www.europesays.com\/fr\/546895\/","title":{"rendered":"Nissan r\u00e9duit ses effectifs en Europe dans une vaste restructuration"},"content":{"rendered":"<p><a href=\"https:\/\/www.leblogauto.com\/ecologie\/essai-nissan-leaf-2025\/\" target=\"_blank\" rel=\"noreferrer noopener nofollow\">Nissan <\/a>supprime pr\u00e8s de cent postes en Europe dans une restructuration mondiale <a href=\"https:\/\/www.leblogauto.com\/actualites\/nissan-accelere-le-lancement-de-nouveaux-modeles-pour-relancer-sa-croissance\/\" target=\"_blank\" rel=\"noreferrer noopener nofollow\">visant \u00e0 gagner<\/a> en efficacit\u00e9 et \u00e0 relancer ses performances commerciales.<\/p>\n<p>Nissan engage une restructuration profonde de ses op\u00e9rations europ\u00e9ennes<\/p>\n<p>Nissan a confirm\u00e9 une nouvelle \u00e9tape majeure dans sa vaste restructuration mondiale avec la suppression de 87 postes au sein de son bureau r\u00e9gional europ\u00e9en bas\u00e9 en France. Cette d\u00e9marche s\u2019inscrit dans le plan de redressement pilot\u00e9 par le PDG Ivan Espinosa, qui pr\u00e9voit une r\u00e9duction g\u00e9n\u00e9rale de 15 % des effectifs et une rationalisation de l\u2019ensemble des activit\u00e9s du constructeur. Confront\u00e9 \u00e0 une pression croissante sur des march\u00e9s cl\u00e9s, notamment en Europe, Nissan cherche \u00e0 optimiser son organisation pour retrouver une trajectoire plus rentable et mieux r\u00e9pondre \u00e0 l\u2019\u00e9volution du secteur automobile.<\/p>\n<p>Selon les documents internes consult\u00e9s, la majorit\u00e9 des suppressions d\u2019emplois concernent les \u00e9quipes marketing et commerciales. Sur les 87 postes cibl\u00e9s, 64 \u00e9taient effectivement occup\u00e9s lors de la conclusion de l\u2019accord le mois dernier. En parall\u00e8le, Nissan cr\u00e9e toutefois 34 nouveaux postes, ce qui r\u00e9duira m\u00e9caniquement le nombre de licenciements effectifs apr\u00e8s les red\u00e9ploiements internes. Avec environ 570 employ\u00e9s sur son site de Montigny-le-Bretonneux, qui supervise les op\u00e9rations en Europe, en Afrique, au Moyen-Orient, en Inde et en Oc\u00e9anie, le constructeur doit revoir en profondeur son organisation pour la rendre plus efficace et plus agile.<\/p>\n<p>Une restructuration inscrite dans un contexte mondial difficile<\/p>\n<p>Cette d\u00e9cision europ\u00e9enne s\u2019inscrit dans une strat\u00e9gie plus large. Le plan global d\u2019Espinosa inclut la r\u00e9duction de 30 % de la capacit\u00e9 de production mondiale, ramen\u00e9e \u00e0 2,5 millions de v\u00e9hicules, ainsi que la diminution du nombre de sites industriels de 17 \u00e0 10. Ces choix illustrent la volont\u00e9 de Nissan de concentrer ses ressources sur les march\u00e9s et les technologies jug\u00e9s prioritaires.<\/p>\n<p>Les difficult\u00e9s rencontr\u00e9es en Europe ont \u00e9t\u00e9 particuli\u00e8rement marquantes. Nissan a r\u00e9cemment annonc\u00e9 une baisse de 8 % de ses ventes au d\u00e9tail sur le continent au premier semestre de l\u2019exercice. Le constructeur a \u00e9galement revu \u00e0 la baisse ses objectifs annuels, d\u00e9sormais fix\u00e9s \u00e0 340 000 v\u00e9hicules pour la r\u00e9gion. Malgr\u00e9 ces ajustements, Nissan reste optimiste quant \u00e0 une reprise \u00e0 moyen terme, soutenue par de nouveaux lancements et des programmes renforc\u00e9s aupr\u00e8s des concessionnaires.<\/p>\n<p>Les autorit\u00e9s internes soulignent que ces suppressions de postes r\u00e9pondent \u00e0 \u00ab la r\u00e9alit\u00e9 de l\u2019environnement commercial actuel \u00bb et \u00e0 des \u00ab d\u00e9fis sp\u00e9cifiques \u00bb. La r\u00e9organisation vise \u00e0 simplifier la structure hi\u00e9rarchique, supprimer certains niveaux de gestion et fluidifier le fonctionnement global. Le constructeur insiste \u00e9galement sur sa volont\u00e9 de continuer \u00e0 investir dans le d\u00e9veloppement de ses collaborateurs et de maintenir le site de Montigny, jug\u00e9 \u00ab absolument vital \u00bb pour ses op\u00e9rations r\u00e9gionales.<\/p>\n<p>Accompagnement social et r\u00e9organisation des \u00e9quipes<\/p>\n<p>L\u2019accord conclu le 16 octobre avec les repr\u00e9sentants syndicaux pr\u00e9voit un dispositif d\u2019accompagnement pour les salari\u00e9s concern\u00e9s. La restructuration d\u00e9butera par un programme de d\u00e9parts volontaires. Si ce dernier ne suffit pas \u00e0 atteindre les objectifs, des licenciements contraints pourraient intervenir \u00e0 partir de f\u00e9vrier.<\/p>\n<p>Pour favoriser la mobilit\u00e9 interne, Nissan propose une prime brute de 5 000 euros aux salari\u00e9s acceptant une mutation vers un autre poste. Ceux qui choisiront de quitter l\u2019entreprise b\u00e9n\u00e9ficieront d\u2019un suivi personnalis\u00e9 par un cabinet de reclassement ainsi que d\u2019un cong\u00e9 de reclassement pouvant aller jusqu\u2019\u00e0 deux ans, selon l\u2019\u00e2ge.<\/p>\n<p>Lors d\u2019une assembl\u00e9e interne, le pr\u00e9sident de la r\u00e9gion, Massimiliano Messina, a insist\u00e9 sur la n\u00e9cessit\u00e9 de rendre l\u2019organisation \u00ab plus rapide et agile \u00bb. Il a rappel\u00e9 que l\u2019objectif n\u2019\u00e9tait pas seulement de \u00ab couper dans le gras \u00bb, mais aussi de renforcer certaines fonctions strat\u00e9giques pour consolider le r\u00f4le du bureau de Montigny dans la r\u00e9gion. Nissan d\u00e9clare vouloir pr\u00e9server la stabilit\u00e9 de ses \u00e9quipes essentielles tout en adaptant son organisation aux exigences d\u2019un march\u00e9 automobile en mutation constante.<\/p>\n<p>Notre avis, par leblogauto.com<\/p>\n<p>Cette restructuration illustre la pression croissante sur les constructeurs traditionnels dans un march\u00e9 en pleine transformation. Nissan ajuste sa pr\u00e9sence europ\u00e9enne pour am\u00e9liorer son efficacit\u00e9, tout en maintenant un ancrage strat\u00e9gique sur son site fran\u00e7ais. Le red\u00e9ploiement interne et les mesures d\u2019accompagnement t\u00e9moignent d\u2019une volont\u00e9 de limiter l\u2019impact social, malgr\u00e9 un contexte difficile. Reste \u00e0 voir si ces ajustements permettront au constructeur de stabiliser ses performances r\u00e9gionales et de renouer avec une dynamique commerciale durable.<\/p>\n<p>Cr\u00e9dit illustration : leblogauto.<\/p>\n","protected":false},"excerpt":{"rendered":"Nissan supprime pr\u00e8s de cent postes en Europe dans une restructuration mondiale visant \u00e0 gagner en efficacit\u00e9 et&hellip;\n","protected":false},"author":2,"featured_media":546896,"comment_status":"","ping_status":"","sticky":false,"template":"","format":"standard","meta":{"footnotes":""},"categories":[1586],"tags":[11,1777,674,1011,27,12,25],"class_list":{"0":"post-546895","1":"post","2":"type-post","3":"status-publish","4":"format-standard","5":"has-post-thumbnail","7":"category-europe","8":"tag-actualites","9":"tag-eu","10":"tag-europe","11":"tag-fr","12":"tag-france","13":"tag-news","14":"tag-republique-francaise"},"share_on_mastodon":{"url":"https:\/\/pubeurope.com\/@fr\/115582233671535833","error":""},"_links":{"self":[{"href":"https:\/\/www.europesays.com\/fr\/wp-json\/wp\/v2\/posts\/546895","targetHints":{"allow":["GET"]}}],"collection":[{"href":"https:\/\/www.europesays.com\/fr\/wp-json\/wp\/v2\/posts"}],"about":[{"href":"https:\/\/www.europesays.com\/fr\/wp-json\/wp\/v2\/types\/post"}],"author":[{"embeddable":true,"href":"https:\/\/www.europesays.com\/fr\/wp-json\/wp\/v2\/users\/2"}],"replies":[{"embeddable":true,"href":"https:\/\/www.europesays.com\/fr\/wp-json\/wp\/v2\/comments?post=546895"}],"version-history":[{"count":0,"href":"https:\/\/www.europesays.com\/fr\/wp-json\/wp\/v2\/posts\/546895\/revisions"}],"wp:featuredmedia":[{"embeddable":true,"href":"https:\/\/www.europesays.com\/fr\/wp-json\/wp\/v2\/media\/546896"}],"wp:attachment":[{"href":"https:\/\/www.europesays.com\/fr\/wp-json\/wp\/v2\/media?parent=546895"}],"wp:term":[{"taxonomy":"category","embeddable":true,"href":"https:\/\/www.europesays.com\/fr\/wp-json\/wp\/v2\/categories?post=546895"},{"taxonomy":"post_tag","embeddable":true,"href":"https:\/\/www.europesays.com\/fr\/wp-json\/wp\/v2\/tags?post=546895"}],"curies":[{"name":"wp","href":"https:\/\/api.w.org\/{rel}","templated":true}]}}