{"id":546897,"date":"2025-11-20T13:22:15","date_gmt":"2025-11-20T13:22:15","guid":{"rendered":"https:\/\/www.europesays.com\/fr\/546897\/"},"modified":"2025-11-20T13:22:15","modified_gmt":"2025-11-20T13:22:15","slug":"gnl-russe-les-sanctions-ue-concernent-les-ventes-aux-pays-tiers-montel-news","status":"publish","type":"post","link":"https:\/\/www.europesays.com\/fr\/546897\/","title":{"rendered":"GNL russe : Les sanctions UE concernent les ventes aux pays tiers | Montel News"},"content":{"rendered":"<p class=\"article__lead\">\n        (Montel) Les sanctions de l\u2019UE sur les importations de GNL russe \u00e0 partir de 2027 interdiront aux entreprises des 27 \u00c9tats membres de d\u00e9tourner des cargaisons vers des destinations hors UE, mais les entreprises concern\u00e9es pourront invoquer la force majeure, a confirm\u00e9 la Commission europ\u00e9enne \u00e0 Montel.\n      <\/p>\n<p>\t\t\t\t\t\tSign up to access:<\/p>\n<ul class=\"feature-list__list\">\n<li class=\"feature-list__item\">Unrivalled insights from Europe&rsquo;s largest team of 50 dedicated energy journalists.<\/li>\n<li class=\"feature-list__item\">A curated daily selection of the top energy reports in seven languages from our network of European news desks.<\/li>\n<\/ul>\n","protected":false},"excerpt":{"rendered":"(Montel) Les sanctions de l\u2019UE sur les importations de GNL russe \u00e0 partir de 2027 interdiront aux entreprises&hellip;\n","protected":false},"author":2,"featured_media":546898,"comment_status":"","ping_status":"","sticky":false,"template":"","format":"standard","meta":{"footnotes":""},"categories":[1586],"tags":[11,1777,674,1779,1011,27,12,25,1778,364],"class_list":{"0":"post-546897","1":"post","2":"type-post","3":"status-publish","4":"format-standard","5":"has-post-thumbnail","7":"category-europe","8":"tag-actualites","9":"tag-eu","10":"tag-europe","11":"tag-european-union","12":"tag-fr","13":"tag-france","14":"tag-news","15":"tag-republique-francaise","16":"tag-ue","17":"tag-union-europeenne"},"share_on_mastodon":{"url":"https:\/\/pubeurope.com\/@fr\/115582241820271003","error":""},"_links":{"self":[{"href":"https:\/\/www.europesays.com\/fr\/wp-json\/wp\/v2\/posts\/546897","targetHints":{"allow":["GET"]}}],"collection":[{"href":"https:\/\/www.europesays.com\/fr\/wp-json\/wp\/v2\/posts"}],"about":[{"href":"https:\/\/www.europesays.com\/fr\/wp-json\/wp\/v2\/types\/post"}],"author":[{"embeddable":true,"href":"https:\/\/www.europesays.com\/fr\/wp-json\/wp\/v2\/users\/2"}],"replies":[{"embeddable":true,"href":"https:\/\/www.europesays.com\/fr\/wp-json\/wp\/v2\/comments?post=546897"}],"version-history":[{"count":0,"href":"https:\/\/www.europesays.com\/fr\/wp-json\/wp\/v2\/posts\/546897\/revisions"}],"wp:featuredmedia":[{"embeddable":true,"href":"https:\/\/www.europesays.com\/fr\/wp-json\/wp\/v2\/media\/546898"}],"wp:attachment":[{"href":"https:\/\/www.europesays.com\/fr\/wp-json\/wp\/v2\/media?parent=546897"}],"wp:term":[{"taxonomy":"category","embeddable":true,"href":"https:\/\/www.europesays.com\/fr\/wp-json\/wp\/v2\/categories?post=546897"},{"taxonomy":"post_tag","embeddable":true,"href":"https:\/\/www.europesays.com\/fr\/wp-json\/wp\/v2\/tags?post=546897"}],"curies":[{"name":"wp","href":"https:\/\/api.w.org\/{rel}","templated":true}]}}