{"id":546899,"date":"2025-11-20T13:23:19","date_gmt":"2025-11-20T13:23:19","guid":{"rendered":"https:\/\/www.europesays.com\/fr\/546899\/"},"modified":"2025-11-20T13:23:19","modified_gmt":"2025-11-20T13:23:19","slug":"en-direct-narcotrafic-un-crime-qui-vise-a-atteindre-la-republique-denonce-laurent-nunez-apres-lassassinat-de-mehdi-kessaci","status":"publish","type":"post","link":"https:\/\/www.europesays.com\/fr\/546899\/","title":{"rendered":"EN DIRECT &#8211; Narcotrafic : \u00ab\u00a0Un crime qui vise \u00e0 atteindre la R\u00e9publique\u00a0\u00bb, d\u00e9nonce Laurent Nu\u00f1ez apr\u00e8s l&rsquo;assassinat de Mehdi Kessaci"},"content":{"rendered":"<ul class=\"jsx-862013697 ArticleChapo__List\">\n<li class=\"jsx-862013697 ArticleChapo__List_Item flex\">Les ministres de l&rsquo;Int\u00e9rieur et de la Justice sont \u00e0 Marseille ce jeudi afin d&rsquo;\u00e9changer sur la question de la lutte contre le narcobanditisme.<\/li>\n<li class=\"jsx-862013697 ArticleChapo__List_Item flex\">Ils passent la journ\u00e9e aupr\u00e8s des magistrats et des enqu\u00eateurs, et doivent aussi \u00e9changer en d\u00e9but d&rsquo;apr\u00e8s-midi avec la famille Kessaci.<\/li>\n<li class=\"jsx-862013697 ArticleChapo__List_Item flex\">Suivez les derni\u00e8res informations.<\/li>\n<\/ul>\n<p>Les \u00e9l\u00e9ments marquants\u00a0\u00bbIL FAUT FAIRE BEAUCOUP PLUS\u00a0\u00bb, ESTIME LAURENT NU\u00d1EZ13:51<\/p>\n<p>\u00ab\u00a0On a bien conscience qu&rsquo;il faut faire beaucoup plus\u00a0\u00bb dans la lutte contre le narcotrafic, d\u00e9clare le ministre de l&rsquo;Int\u00e9rieur Laurent Nu\u00f1ez depuis Marseille. L&rsquo;assassinat en plein jour de Mehdi Kessaci le 13 novembre est un \u00ab\u00a0crime qui vise \u00e0 faire peur et qui vise \u00e0 atteindre la R\u00e9publique et l&rsquo;Etat\u00a0\u00bb, estime Laurent Nu\u00f1ez.<\/p>\n<p>Celui-ci en appelle \u00ab\u00a0\u00e0 la responsabilit\u00e9 des consommateurs\u00a0\u00bb. \u00ab\u00a0Les consommateurs r\u00e9cr\u00e9atifs sont aussi responsables du d\u00e9veloppement du trafic et des r\u00e8glements de comptes li\u00e9s\u00a0\u00bb, dit-il.\u00a0<\/p>\n<p>Minute par minute\u00a0\u00bbNOUS GAGNONS DES BATAILLES\u00a0\u00bb14:19<\/p>\n<p>Laurent Nu\u00f1ez nie tout \u00ab\u00a0\u00e9chec collectif\u00a0\u00bb dans la lutte contre le narcotrafic. \u00ab\u00a0C&rsquo;est une guerre que nous menons. Nous gagnons des batailles et nous allons continuer \u00e0 en gagner\u00a0\u00bb, affirme le ministre de l&rsquo;Int\u00e9rieur. \u00ab\u00a0Nous avons obtenu des r\u00e9sultats positifs ces derni\u00e8res ann\u00e9es en mati\u00e8re de lutte contre le trafic et nous allons poursuivre\u00a0\u00bb dans cette voie, dit-il.\u00a0<\/p>\n<p>PARQUET NATIONAL ANTICRIMINALIT\u00c9 ORGANIS\u00c9E14:08<\/p>\n<p>G\u00e9rald Darmanin rappelle que le Parquet national anticriminalit\u00e9 organis\u00e9e (PNACO) va \u00eatre cr\u00e9e le \u00a05 janvier prochain. \u00ab\u00a0Cela va profond\u00e9ment changer la lutte contre le narcotrafic\u00a0\u00bb, affirme le ministre de la Justice. Le futur PNACO \u00ab\u00a0va pouvoir se saisir d&rsquo;affaires marseillaises de tr\u00e8s grande ampleur qui ne peuvent pas toujours \u00eatre document\u00e9es ici, soit pour des raisons de menaces &#8211; il faut alors d\u00e9payser les affaires \u00e0 Paris &#8211; soit pour des raisons de complexit\u00e9 internationale\u00a0\u00bb, pr\u00e9cise le garde des Sceaux.<\/p>\n<p>\u00ab\u00a0DZ MAFIA\u00a0\u00bb14:02<\/p>\n<p>G\u00e9rald Darmanin donne des pr\u00e9cisions sur les personnes emprisonn\u00e9es dans le cadre d&rsquo;affaires li\u00e9es au narcotrafic : 2.000 personnes sont mises en examen \u00e0 Marseille dans le cadre de ces dossiers et pr\u00e8s de 800 personnes en d\u00e9tention provisoire, selon lui.\u00a0<\/p>\n<p>\u00ab\u00a0La trentaine de personnes qui dirigent la &lsquo;DZ mafia&rsquo; sont dans la quasi-totalit\u00e9 (27) dans les prisons fran\u00e7aises et 21 sont \u00e0 la prison de haute s\u00e9curit\u00e9 de Vendin-le-Vieil\u00a0\u00bb, d\u00e9clare le ministre de la Justice depuis Marseille.<\/p>\n<p>\u00ab\u00a0IL FAUT CHANGER DE BRAQUET\u00a0\u00bb, SELON G\u00c9RALD DARMANIN13:55<\/p>\n<p>Le ministre de la justice G\u00e9rald Darmanin estime de son c\u00f4t\u00e9 que la \u00ab\u00a0menace\u00a0\u00bb que repr\u00e9sente le narcotrafic est \u00ab\u00a0au moins \u00e9quivalente \u00e0 celle du terrorisme sur le terrorisme national\u00a0\u00bb. \u00ab\u00a0Il faut donc changer de braquet\u00a0\u00bb, poursuit le garde des Sceaux, \u00e9voquant la loi contre le narcotrafic vot\u00e9e r\u00e9cemment \u00e0 l&rsquo;Assembl\u00e9e nationale et au S\u00e9nat.<\/p>\n<p>\u00ab\u00a0IL FAUT FAIRE BEAUCOUP PLUS\u00a0\u00bb, ESTIME LAURENT NU\u00d1EZ13:51<\/p>\n<p>\u00ab\u00a0On a bien conscience qu&rsquo;il faut faire beaucoup plus\u00a0\u00bb dans la lutte contre le narcotrafic, d\u00e9clare le ministre de l&rsquo;Int\u00e9rieur Laurent Nu\u00f1ez depuis Marseille. L&rsquo;assassinat en plein jour de Mehdi Kessaci le 13 novembre est un \u00ab\u00a0crime qui vise \u00e0 faire peur et qui vise \u00e0 atteindre la R\u00e9publique et l&rsquo;Etat\u00a0\u00bb, estime Laurent Nu\u00f1ez.<\/p>\n<p>Celui-ci en appelle \u00ab\u00a0\u00e0 la responsabilit\u00e9 des consommateurs\u00a0\u00bb. \u00ab\u00a0Les consommateurs r\u00e9cr\u00e9atifs sont aussi responsables du d\u00e9veloppement du trafic et des r\u00e8glements de comptes li\u00e9s\u00a0\u00bb, dit-il.\u00a0<\/p>\n<p>LAURENT NU\u00d1EZ S&rsquo;EXPRIME13:46<\/p>\n<p>Le ministre de l&rsquo;Int\u00e9rieur Laurent Nu\u00f1ez s&rsquo;exprime \u00e0 l&rsquo;issue d&rsquo;une r\u00e9union de travail ce matin consacr\u00e9e \u00e0 la lutte contre le narcotrafic \u00e0 Marseille organis\u00e9e en pr\u00e9sence des autorit\u00e9s judiciaires et des forces de s\u00e9curit\u00e9 int\u00e9rieure.<\/p>\n<p>\u00ab\u00a0LA FRANCE EST DANS UN SYST\u00c8ME MAFIEUX DEPUIS LONGTEMPS\u00a0\u00bb13:18<\/p>\n<p>L&rsquo;assassinat en plein jour du petit fr\u00e8re d&rsquo;une figure locale de la lutte contre le narcotrafic a t\u00e9tanis\u00e9 la ville de Marseille. Les ministres de l&rsquo;Int\u00e9rieur et de la Justice sont dans la cit\u00e9 phoc\u00e9enne aujourd&rsquo;hui. Pour la magistrate B\u00e9atrice Brug\u00e8re, sp\u00e9cialiste du crime organis\u00e9 interrog\u00e9e par TF1info, le basculement vers une matrice mafieuse s&rsquo;op\u00e8re depuis longtemps.<\/p>\n<p>Police, justice et faits divers<\/p>\n<p>INTERVIEW<\/p>\n<p><img decoding=\"async\" src=\"https:\/\/www.europesays.com\/fr\/wp-content\/uploads\/2025\/11\/meurtre-kessaci-marseille-d1593e-0@1x.jpeg\" alt=\"capture TF1\" loading=\"lazy\" importance=\"low\" fetchpriority=\"low\" class=\"\" aria-hidden=\"true\"\/>[Vid\u00e9o]Publi\u00e9 aujourd&rsquo;hui \u00e0 12h30G\u00c9RALD DARMANIN ARRIVE \u00c0 SON TOUR \u00c0 LA PR\u00c9FECTURE12:18<\/p>\n<p>G\u00e9rald Darmanin arrive \u00e0 son tour \u00e0 la pr\u00e9fecture des Bouches-du-Rh\u00f4ne. Le ministre de la Justice et son coll\u00e8gue \u00e0 l&rsquo;Int\u00e9rieur Laurent Nu\u00f1ez participent \u00e0 une r\u00e9union de travail sur la criminalit\u00e9 organis\u00e9e en pr\u00e9sence des autorit\u00e9s judiciaires et des forces de s\u00e9curit\u00e9 int\u00e9rieure.<\/p>\n<p> LAURENT NU\u00d1EZ \u00c0 LA PR\u00c9FECTURE DES BOUCHES-DU-RH\u00d4NE11:06<\/p>\n<p>Le programme initial du d\u00e9placement a \u00e9t\u00e9 quelque peu modifi\u00e9. Apr\u00e8s un \u00e9change avec le maire de Marseille Beno\u00eet Payan, le ministre de l&rsquo;Int\u00e9rieur Laurent Nu\u00f1ez est arriv\u00e9 \u00e0 la pr\u00e9fecture des Bouches-du-Rh\u00f4ne, selon nos journalistes sur place. Son coll\u00e8gue G\u00e9rald Darmamin est quant \u00e0 lui actuellement au Palais de Justice de Marseille.<\/p>\n<p>BENO\u00ceT PAYAN10:59<\/p>\n<p>Alors que G\u00e9rald Darmanin et Laurent Nu\u00f1ez sont \u00e0 Marseille aujourd&rsquo;hui, le maire de la pr\u00e9fecture des Bouches-du-Rh\u00f4ne, Beno\u00eet Payan, a re\u00e7u des menaces de mort de la part de narcotrafiquants. Pour autant, l&rsquo;\u00e9lu divers gauche dit \u00ab\u00a0ne pas avoir peur\u00a0\u00bb. Les pr\u00e9cisions sont \u00e0 lire dans cet article.<\/p>\n<p>Police, justice et faits divers<img decoding=\"async\" src=\"https:\/\/www.europesays.com\/fr\/wp-content\/uploads\/2025\/11\/benoit-payan-1-bd59ac-0@1x.jpeg\" alt=\"Beno\u00eet Payan\" loading=\"lazy\" importance=\"low\" fetchpriority=\"low\" class=\"\" aria-hidden=\"true\"\/>[Vid\u00e9o]Publi\u00e9 hier \u00e0 14h48G\u00c9RALD DARMANIN AUX BAUMETTES10:33<\/p>\n<p>Le ministre de la Justice G\u00e9rald Darmanin est arriv\u00e9 au Centre p\u00e9nitentiaire des Baumettes \u00e0 Marseille. Il participe \u00e0 une r\u00e9union de travail sur la situation carc\u00e9rale dans les Bouches-du-Rh\u00f4ne puis \u00e0 un \u00e9change avec les agents du centre p\u00e9nitentiaire des Baumettes.<\/p>\n<p>\u00ab\u00a0ARR\u00caTONS TOUS CES EFFETS D&rsquo;ANNONCE\u00a0\u00bb10:20<\/p>\n<p>\u00ab\u00a0Arr\u00eatons tous ces discours, arr\u00eatons tous ces effets d&rsquo;annonce\u00a0\u00bb : \u00ab\u00a0maintenant, juste place \u00e0 l&rsquo;action\u00a0\u00bb, a lanc\u00e9 Amine Kessaci, qui avait d\u00e9j\u00e0 perdu un autre fr\u00e8re, Brahim, dans un narchomicide en 2020.<\/p>\n<p>L&rsquo;assassinat en plein jour de Mehdi, qui voulait devenir policier, a t\u00e9tanis\u00e9 la ville. La justice \u00e9tudie la piste d'\u00a0\u00bbun crime d&rsquo;intimidation\u00a0\u00bb visant Amine. Mais ce dernier a pr\u00e9venu qu&rsquo;il ne se tairait pas et a appel\u00e9 \u00e0 descendre dans la rue samedi pour une marche blanche.<\/p>\n<p>\u00ab\u00a0Ces gens ils me cherchaient moi, et moi j&rsquo;\u00e9tais prot\u00e9g\u00e9, pas mon petit fr\u00e8re\u00a0\u00bb, a-t-il dit dans un entretien jeudi matin sur la radio de franceinfo.<\/p>\n<p>BONJOUR10:17<\/p>\n<p>Bienvenue dans ce direct consacr\u00e9 \u00e0 la visite de G\u00e9rald Darmanin et Laurent Nu\u00f1ez \u00e0 Marseille aujourd&rsquo;hui. Une semaine apr\u00e8s l&rsquo;assassinat de Mehdi Kessaci, les ministres de l&rsquo;Int\u00e9rieur et de la Justice sont tr\u00e8s attendus, dans un contexte o\u00f9 la lutte contre le narcobanditisme \u00ab\u00a0est loin d&rsquo;\u00eatre gagn\u00e9e\u00a0\u00bb.\u00a0<\/p>\n<p>Les deux hommes passeront la journ\u00e9e dans la deuxi\u00e8me ville de France aupr\u00e8s des magistrats et des enqu\u00eateurs en premi\u00e8re ligne dans ce combat. Ils doivent aussi \u00e9changer en d\u00e9but d&rsquo;apr\u00e8s-midi avec la famille Kessaci.<\/p>\n<p data-module=\"article-paragraph\" class=\"jsx-3046738180 Paragraph\">L&rsquo;ex\u00e9cutif <a href=\"https:\/\/www.tf1info.fr\/politique\/narcotrafic-marseille-grenoble-emmanuel-macron-convoque-une-reunion-mardi-a-l-elysee-apres-plusieurs-drames-2407267.html\" target=\"_blank\" rel=\"noopener\">tente de reprendre la main<\/a> sur le dossier du narcotrafic. Une semaine apr\u00e8s l&rsquo;assassinat de Mehdi Kessaci, les ministres de l&rsquo;Int\u00e9rieur et de la Justice viennent ce jeudi 20 novembre \u00e0 Marseille, dans un contexte de lutte particuli\u00e8rement difficile contre le narcobanditisme. G\u00e9rald Darmanin et <a href=\"https:\/\/www.tf1info.fr\/justice-faits-divers\/narcotrafic-assassinat-de-mehdi-kessaci-a-marseille-un-crime-d-intimidation-qui-constitue-un-point-de-bascule-affirme-laurent-nunez-2407409.html\" target=\"_blank\" rel=\"noopener\">Laurent Nu\u00f1ez<\/a>, ex-pr\u00e9fet de police des Bouches-du-Rh\u00f4ne, passeront la journ\u00e9e dans la deuxi\u00e8me ville de France.<\/p>\n<p data-module=\"article-paragraph\" class=\"jsx-3046738180 Paragraph Paragraph__End\">Au programme : un d\u00e9placement de G\u00e9rald Darmanin au centre p\u00e9nitentiaire des Baumettes ce matin, un \u00e9change entre Laurent Nu\u00f1ez et <a href=\"https:\/\/www.tf1info.fr\/societe\/marseille-qui-est-amine-kessaci-le-militant-engage-contre-le-narcobanditisme-dont-2-freres-ont-ete-tues-2406720.html\" target=\"_blank\" rel=\"noopener\">le maire (divers gauche) de Marseille Beno\u00eet Payan<\/a>, \u00e0 la mairie, tandis que le ministre de la Justice se rendra au Palais de justice pour une r\u00e9union de travail sur la criminalit\u00e9 organis\u00e9e et le narcotrafic. Les deux ministres doivent se rendre ensemble \u00e0 la pr\u00e9fecture des Bouches-du-Rh\u00f4ne en fin de matin\u00e9e pour une r\u00e9union de travail sur la criminalit\u00e9, et, en d\u00e9but d&rsquo;apr\u00e8s-midi, ils \u00e9changeront avec <a href=\"https:\/\/www.tf1info.fr\/justice-faits-divers\/assassinat-de-mehdi-kessaci-non-je-ne-me-tairai-pas-face-au-narcotrafic-assure-son-frere-amine-2407576.html\" target=\"_blank\" rel=\"noopener\">la famille de Mehdi Kessaci<\/a>.<\/p>\n<p>\u00ab\u00a0Place \u00e0 l&rsquo;action\u00a0\u00bb, lance Amine Kessaci<\/p>\n<p data-module=\"article-paragraph\" class=\"jsx-3046738180 Paragraph Paragraph__End\">\u00ab\u00a0Arr\u00eatons tous ces discours, arr\u00eatons tous ces effets d&rsquo;annonce\u00a0\u00bb : \u00ab\u00a0maintenant, juste place \u00e0 l&rsquo;action\u00a0\u00bb, a lanc\u00e9 ce jeudi matin sur franceinfo Amine Kessaci, <a href=\"https:\/\/www.tf1info.fr\/societe\/marseille-qui-est-amine-kessaci-le-militant-engage-contre-le-narcobanditisme-dont-2-freres-ont-ete-tues-2406720.html\" target=\"_blank\" rel=\"noopener\">ce militant \u00e9cologiste engag\u00e9 dans la lutte contre le narcobanditisme<\/a> qui avait d\u00e9j\u00e0 perdu un autre fr\u00e8re, Brahim, dans un narchomicide en 2020.\u00a0<\/p>\n<p><a href=\"https:\/\/www.tf1info.fr\/justice-faits-divers\/assassinat-de-mehdi-kessaci-une-marche-blanche-silencieuse-sans-banderole-ni-drapeau-organisee-a-marseille-samedi-22-novembre-2025-2407694.html\" rel=\"noopener\" class=\"jsx-3308031228 Link flex\" target=\"_blank\"><img decoding=\"async\" src=\"https:\/\/www.europesays.com\/fr\/wp-content\/uploads\/2025\/11\/meurtre-kessaci-marseille-b97876-0@1x.jpeg\" alt=\"capture TF1\" loading=\"lazy\" importance=\"low\" fetchpriority=\"low\" class=\"\" aria-hidden=\"true\"\/><\/p>\n<p class=\"jsx-3657663356 ReadMoreArticle__Title\">Lire aussi<\/p>\n<p class=\"jsx-3657663356\">Assassinat de Mehdi Kessaci : une marche blanche \u00ab\u00a0silencieuse, sans banderole, ni drapeau\u00a0\u00bb organis\u00e9e \u00e0 Marseille samedi<\/p>\n<p><\/a><\/p>\n<p data-module=\"article-paragraph\" class=\"jsx-3046738180 Paragraph Paragraph__End\">L&rsquo;assassinat en plein jour de Mehdi Kessaci, le 13 novembre, a t\u00e9tanis\u00e9 la ville. La justice \u00e9tudie la piste d'\u00a0\u00bbun crime d&rsquo;intimidation\u00a0\u00bb visant son fr\u00e8re Amine. Mais ce dernier a pr\u00e9venu qu&rsquo;il ne se tairait pas et a appel\u00e9 \u00e0 descendre dans la rue ce samedi pour une marche blanche.<\/p>\n<p>La r\u00e9daction de TF1info<\/p>\n","protected":false},"excerpt":{"rendered":"Les ministres de l&rsquo;Int\u00e9rieur et de la Justice sont \u00e0 Marseille ce jeudi afin d&rsquo;\u00e9changer sur la question&hellip;\n","protected":false},"author":2,"featured_media":546900,"comment_status":"","ping_status":"","sticky":false,"template":"","format":"standard","meta":{"footnotes":""},"categories":[2],"tags":[1111,11,1921,2951,2950,1011,27,432,1922,303,2954,66493,5454,12,1072,25,887,133,2953,2949],"class_list":{"0":"post-546899","1":"post","2":"type-post","3":"status-publish","4":"format-standard","5":"has-post-thumbnail","7":"category-actualites","8":"tag-actu","9":"tag-actualites","10":"tag-article-video","11":"tag-criminalite","12":"tag-delinquance","13":"tag-fr","14":"tag-france","15":"tag-gerald-darmanin","16":"tag-info","17":"tag-justice","18":"tag-justice-et-faits-divers","19":"tag-la-france-en-proie-au-narcotrafic","20":"tag-laurent-nunez","21":"tag-news","22":"tag-police","23":"tag-republique-francaise","24":"tag-trafic-de-drogue","25":"tag-video","26":"tag-video-police","27":"tag-violences"},"share_on_mastodon":{"url":"https:\/\/pubeurope.com\/@fr\/115582247595639401","error":""},"_links":{"self":[{"href":"https:\/\/www.europesays.com\/fr\/wp-json\/wp\/v2\/posts\/546899","targetHints":{"allow":["GET"]}}],"collection":[{"href":"https:\/\/www.europesays.com\/fr\/wp-json\/wp\/v2\/posts"}],"about":[{"href":"https:\/\/www.europesays.com\/fr\/wp-json\/wp\/v2\/types\/post"}],"author":[{"embeddable":true,"href":"https:\/\/www.europesays.com\/fr\/wp-json\/wp\/v2\/users\/2"}],"replies":[{"embeddable":true,"href":"https:\/\/www.europesays.com\/fr\/wp-json\/wp\/v2\/comments?post=546899"}],"version-history":[{"count":0,"href":"https:\/\/www.europesays.com\/fr\/wp-json\/wp\/v2\/posts\/546899\/revisions"}],"wp:featuredmedia":[{"embeddable":true,"href":"https:\/\/www.europesays.com\/fr\/wp-json\/wp\/v2\/media\/546900"}],"wp:attachment":[{"href":"https:\/\/www.europesays.com\/fr\/wp-json\/wp\/v2\/media?parent=546899"}],"wp:term":[{"taxonomy":"category","embeddable":true,"href":"https:\/\/www.europesays.com\/fr\/wp-json\/wp\/v2\/categories?post=546899"},{"taxonomy":"post_tag","embeddable":true,"href":"https:\/\/www.europesays.com\/fr\/wp-json\/wp\/v2\/tags?post=546899"}],"curies":[{"name":"wp","href":"https:\/\/api.w.org\/{rel}","templated":true}]}}