{"id":546903,"date":"2025-11-20T13:25:28","date_gmt":"2025-11-20T13:25:28","guid":{"rendered":"https:\/\/www.europesays.com\/fr\/546903\/"},"modified":"2025-11-20T13:25:28","modified_gmt":"2025-11-20T13:25:28","slug":"la-neige-arrive-en-france-un-week-end-assez-complique-en-prevision-sur-les-routes","status":"publish","type":"post","link":"https:\/\/www.europesays.com\/fr\/546903\/","title":{"rendered":"La neige arrive en France : un week-end \u00ab\u00a0assez compliqu\u00e9\u00a0\u00bb en pr\u00e9vision sur les routes"},"content":{"rendered":"<ul class=\"jsx-862013697 ArticleChapo__List\">\n<li class=\"jsx-862013697 ArticleChapo__List_Item flex\">Les conditions de circulation pourraient \u00eatre \u00ab\u00a0difficiles\u00a0\u00bb en France ce week-end, a alert\u00e9 le ministre des Transports.<\/li>\n<li class=\"jsx-862013697 ArticleChapo__List_Item flex\">Des chutes de neige perturbent le trafic avec des ph\u00e9nom\u00e8nes \u00ab\u00a0glissants\u00a0\u00bb annonc\u00e9s pour samedi et dimanche.<\/li>\n<li class=\"jsx-862013697 ArticleChapo__List_Item flex\">\u00ab\u00a0Les \u00e9quipes sont sur le terrain\u00a0\u00bb pour pr\u00e9parer ce premier \u00e9pisode hivernal, a indiqu\u00e9 Philippe Tabarot.<\/li>\n<\/ul>\n<p data-module=\"article-paragraph\" class=\"jsx-3046738180 Paragraph\">C&rsquo;est la premi\u00e8re r\u00e9elle offensive de l&rsquo;hiver. Avec l&rsquo;arriv\u00e9e d&rsquo;une \u00ab\u00a0masse d&rsquo;air polaire\u00a0\u00bb, les temp\u00e9ratures ont chut\u00e9 dans l&rsquo;Hexagone, entra\u00eenant localement l&rsquo;apparition de ph\u00e9nom\u00e8nes vergla\u00e7ants <a href=\"https:\/\/www.tf1info.fr\/meteo\/previsions-meteo-de-la-neige-et-du-froid-mais-jusqu-a-quand-2407676.html\" target=\"_blank\" rel=\"noopener\">alors que des chutes de neige sont attendues jusqu&rsquo;en plaine<\/a> dans les prochains jours. Les conditions devraient \u00eatre particuli\u00e8rement difficiles samedi 22 et dimanche 23 novembre, notamment dans la moiti\u00e9 Est, <a href=\"https:\/\/meteofrance.com\/actualites-et-dossiers\/actualites\/une-semaine-hivernale\" target=\"_blank\" rel=\"nofollow noopener\">pr\u00e9cise M\u00e9t\u00e9o-France (nouvelle fen\u00eatre)<\/a>, avec de fortes gel\u00e9es samedi, accompagn\u00e9es localement de brouillards givrants.\u00a0<\/p>\n<p data-module=\"article-paragraph\" class=\"jsx-3046738180 Paragraph Paragraph__End\">De quoi rendre les conditions de circulation compliqu\u00e9es dans l&rsquo;Hexagone. Une large partie de la France est ainsi en vigilance jaune pour \u00ab\u00a0neige et verglas\u00a0\u00bb avec de premi\u00e8res difficult\u00e9s enregistr\u00e9es ce jeudi sur les axes des Hauts-de-France aux fronti\u00e8res suisse et allemande. \u00ab\u00a0Pour l&rsquo;instant, nous avons uniquement de la vigilance jaune\u00a0\u00bb, a indiqu\u00e9 \u00e0 l&rsquo;occasion d&rsquo;un d\u00e9placement le ministre des Transports Michel Tabarot, avertissant sur une d\u00e9gradation des conditions pour ce week-end.<\/p>\n<p><a href=\"https:\/\/www.tf1info.fr\/meteo\/previsions-meteo-france-neige-attention-sur-les-routes-des-alpes-aux-hauts-de-france-la-neige-fait-son-retour-2407804.html\" rel=\"noopener\" class=\"jsx-3308031228 Link flex\" target=\"_blank\"><img decoding=\"async\" src=\"https:\/\/www.europesays.com\/fr\/wp-content\/uploads\/2025\/11\/gel-froid-meteo-hiver-1-1cdf58-0@1x.jpeg\" alt=\"iStock\" loading=\"lazy\" importance=\"low\" fetchpriority=\"low\" class=\"\" aria-hidden=\"true\"\/><\/p>\n<p class=\"jsx-3657663356 ReadMoreArticle__Title\">Lire aussi<\/p>\n<p class=\"jsx-3657663356\">Attention sur les routes : des Alpes aux Hauts-de-France, la neige fait son retour<\/p>\n<p><\/a><\/p>\n<p data-module=\"article-paragraph\" class=\"jsx-3046738180 Paragraph Paragraph__End\">Ainsi, des <a href=\"https:\/\/www.tf1info.fr\/meteo\/neige-verglas-parvient-on-a-reduire-l-impact-environnemental-du-salage-sur-les-routes-2283182.html\" target=\"_blank\" rel=\"noopener\">salages pr\u00e9ventifs ont \u00e9t\u00e9 mis en place<\/a> dans les r\u00e9gions les plus \u00e0 risque pour limiter la prise du froid sur les routes. \u00ab\u00a0Par rapport aux informations que nous avons sur la m\u00e9t\u00e9o, comme j&rsquo;ai eu l&rsquo;occasion de le dire, nous aurons probablement des difficult\u00e9s plus importantes ce week-end\u00a0\u00bb, a insist\u00e9 le ministre qui a indiqu\u00e9 que \u00ab\u00a0les cons\u00e9quences\u00a0\u00bb de cet \u00e9pisode \u00e9taient d\u00e9j\u00e0 anticip\u00e9es avec des \u00ab\u00a0\u00e9quipes sur le terrain dans une trentaine de d\u00e9partements pour pr\u00e9parer les \u00e9v\u00e9nements climatiques qui devraient s&rsquo;annoncer plus difficiles ce week-end\u00a0\u00bb.<\/p>\n<p>Anticiper, pr\u00e9venir, informer<\/p>\n<p data-module=\"article-paragraph\" class=\"jsx-3046738180 Paragraph\">Une mobilisation des \u00e9quipes pr\u00e9vue dans <a href=\"https:\/\/www.ecologie.gouv.fr\/presse\/securite-routes-cet-hiver-philippe-tabarot-lance-dispositif-2025-viabilite-hivernale\" target=\"_blank\" rel=\"noopener\">le \u00ab\u00a0dispositif 2025 de viabilit\u00e9 hivernale\u00a0\u00bb sur le r\u00e9seau routier national (nouvelle fen\u00eatre)<\/a> du gouvernement mis en place chaque ann\u00e9e et pr\u00e9sent\u00e9 ce jeudi 20 novembre. Il doit permettre d&rsquo;adapter la gestion des routes aux conditions m\u00e9t\u00e9orologiques durant l&rsquo;hiver et regroupe \u00ab\u00a0l&rsquo;ensemble des actions men\u00e9es entre la mi-novembre et la mi-mars pour garantir la s\u00e9curit\u00e9 des usagers et maintenir la circulation, malgr\u00e9 les al\u00e9as climatiques sur l&rsquo;ensemble du r\u00e9seau routier national\u00a0\u00bb, indique le minist\u00e8re des Transports dans un communiqu\u00e9.<\/p>\n<p data-module=\"article-paragraph\" class=\"jsx-3046738180 Paragraph Paragraph__End\">Le but ? \u00c9viter <a href=\"https:\/\/www.tf1info.fr\/meteo\/video-ile-de-france-route-sytadin-de-la-neige-du-froid-et-du-gel-l-eprouvante-nuit-d-un-millier-d-automobilistes-sur-l-a13-2282070.html\" target=\"_blank\" rel=\"noopener\">les traditionnels \u00ab\u00a0naufrag\u00e9s\u00a0\u00bb de la route lors d&rsquo;\u00e9pisodes neigeux (nouvelle fen\u00eatre)<\/a> et limiter les accidents li\u00e9s au givre et au verglas. Dans le cadre de ce plan, pr\u00e8s de 7.500 agents sont ainsi mobilis\u00e9s 7J\/7 et 24H\/24 pour anticiper au mieux les perturbations, organiser des cellules de gestion de crise en cas d&rsquo;\u00e9pisode intense et d\u00e9cider de mesures exceptionnelles \u00e0 mettre en \u0153uvre.\u00a0<\/p>\n<p><a href=\"https:\/\/www.tf1info.fr\/transports\/video-reportage-dans-le-bas-rhin-6-vehicules-sont-arrives-ce-matin-l-entree-en-vigueur-de-l-obligation-des-pneus-hiver-submerge-les-garagistes-2403796.html\" rel=\"noopener\" class=\"jsx-3308031228 Link flex\" target=\"_blank\"><img decoding=\"async\" src=\"https:\/\/www.europesays.com\/fr\/wp-content\/uploads\/2025\/11\/cap-veh-357cc6-0@1x.jpeg\" alt=\"TF1\" loading=\"lazy\" importance=\"low\" fetchpriority=\"low\" class=\"\" aria-hidden=\"true\"\/><\/p>\n<p class=\"jsx-3657663356 ReadMoreArticle__Title\">Lire aussi<\/p>\n<p class=\"jsx-3657663356\">\u00ab\u00a06 v\u00e9hicules sont arriv\u00e9s ce matin\u00a0\u00bb : l&rsquo;entr\u00e9e en vigueur de l&rsquo;obligation des pneus hiver submerge les garagistes<\/p>\n<p><\/a><\/p>\n<p data-module=\"article-paragraph\" class=\"jsx-3046738180 Paragraph Paragraph__End\">Le dispositif pr\u00e9voit aussi la mobilisation de 6.000 camions \u00e9quip\u00e9s de lames et de saleuses ou d&rsquo;engins sp\u00e9ciaux, et entre 400.000 et 800.000 tonnes de sel pour lutter contre le verglas. Un plan \u00ab\u00a0essentiel\u00a0\u00bb, souligne Michel Tabarot. \u00ab\u00a0C&rsquo;est la garantie que nos services publics, nos \u00e9coles, nos commerces et nos entreprises peuvent continuer \u00e0 fonctionner\u00a0\u00bb, a-t-il indiqu\u00e9, vantant l&rsquo;importance \u00ab\u00a0d&rsquo;anticiper, pr\u00e9venir et informer\u00a0\u00bb dans cette p\u00e9riode qui peut s&rsquo;av\u00e9rer d\u00e9licate pour les usagers de la route.<\/p>\n<p>Annick BERGER<\/p>\n","protected":false},"excerpt":{"rendered":"Les conditions de circulation pourraient \u00eatre \u00ab\u00a0difficiles\u00a0\u00bb en France ce week-end, a alert\u00e9 le ministre des Transports. Des&hellip;\n","protected":false},"author":2,"featured_media":546904,"comment_status":"","ping_status":"","sticky":false,"template":"","format":"standard","meta":{"footnotes":""},"categories":[4],"tags":[1111,11,1921,1011,27,1922,10584,12,11008,28780,2119,25,133,11009],"class_list":{"0":"post-546903","1":"post","2":"type-post","3":"status-publish","4":"format-standard","5":"has-post-thumbnail","7":"category-france","8":"tag-actu","9":"tag-actualites","10":"tag-article-video","11":"tag-fr","12":"tag-france","13":"tag-info","14":"tag-neige","15":"tag-news","16":"tag-phenomenes-meteo","17":"tag-philippe-tabarot","18":"tag-previsions-meteo","19":"tag-republique-francaise","20":"tag-video","21":"tag-video-meteo-et-intemperies"},"share_on_mastodon":{"url":"https:\/\/pubeurope.com\/@fr\/115582253546320011","error":""},"_links":{"self":[{"href":"https:\/\/www.europesays.com\/fr\/wp-json\/wp\/v2\/posts\/546903","targetHints":{"allow":["GET"]}}],"collection":[{"href":"https:\/\/www.europesays.com\/fr\/wp-json\/wp\/v2\/posts"}],"about":[{"href":"https:\/\/www.europesays.com\/fr\/wp-json\/wp\/v2\/types\/post"}],"author":[{"embeddable":true,"href":"https:\/\/www.europesays.com\/fr\/wp-json\/wp\/v2\/users\/2"}],"replies":[{"embeddable":true,"href":"https:\/\/www.europesays.com\/fr\/wp-json\/wp\/v2\/comments?post=546903"}],"version-history":[{"count":0,"href":"https:\/\/www.europesays.com\/fr\/wp-json\/wp\/v2\/posts\/546903\/revisions"}],"wp:featuredmedia":[{"embeddable":true,"href":"https:\/\/www.europesays.com\/fr\/wp-json\/wp\/v2\/media\/546904"}],"wp:attachment":[{"href":"https:\/\/www.europesays.com\/fr\/wp-json\/wp\/v2\/media?parent=546903"}],"wp:term":[{"taxonomy":"category","embeddable":true,"href":"https:\/\/www.europesays.com\/fr\/wp-json\/wp\/v2\/categories?post=546903"},{"taxonomy":"post_tag","embeddable":true,"href":"https:\/\/www.europesays.com\/fr\/wp-json\/wp\/v2\/tags?post=546903"}],"curies":[{"name":"wp","href":"https:\/\/api.w.org\/{rel}","templated":true}]}}