{"id":546905,"date":"2025-11-20T13:28:13","date_gmt":"2025-11-20T13:28:13","guid":{"rendered":"https:\/\/www.europesays.com\/fr\/546905\/"},"modified":"2025-11-20T13:28:13","modified_gmt":"2025-11-20T13:28:13","slug":"baptiste-serin-devoile-son-top-5-des-meilleurs-demi-de-melee-de-lhistoire-du-rugby","status":"publish","type":"post","link":"https:\/\/www.europesays.com\/fr\/546905\/","title":{"rendered":"Baptiste Serin d\u00e9voile son TOP 5 des meilleurs demi-de-m\u00eal\u00e9e de l\u2019histoire du rugby"},"content":{"rendered":"<p>Dans le podcast Rugby Confidential, le demi-de-m\u00eal\u00e9e du Rugby Club Toulonnais, Baptiste Serin a d\u00e9voil\u00e9 son TOP 5 des meilleurs demi-de-m\u00eal\u00e9e de l\u2019histoire du rugby.<\/p>\n<p>Plusieurs joueurs Fran\u00e7ais apparaissent dans ce TOP 5 dont notamment Antoine Dupont, Dimitri Yachvili ou encore Morgan Parra.<\/p>\n<p>Chose plus surprenante : l\u2019absence de l\u2019international Australien George Gregan.<\/p>\n<p><strong>Voici le Top 5 des demi-de-m\u00eal\u00e9e selon Baptiste Serin :<\/strong><\/p>\n<p>5\/ Dimitri Yachvili<br \/>4\/ Conor Murray<br \/>3\/ Antoine Dupont<br \/>2\/ Morgan Parra<br \/>1\/ Aaron Smith<\/p>\n<p><strong>Dans la foul\u00e9e, Baptiste Serin d\u00e9voile quelle qualit\u00e9 il aimerait r\u00e9cup\u00e9rer d\u2019Antoine Dupont. Extrait:<br \/><\/strong>\u00ab\u00a0J\u2019aimerai avoir la force au contact d\u2019Antoine Dupont. Ce n\u2019est pas du tout mon style de jeu donc si je dois choisir une qualit\u00e9 \u00e0 rajouter \u00e0 mon arc, je dirais \u00e7a.\u00a0\u00bb<\/p>\n<p><strong>Le joueur le plus styl\u00e9 ?\u00a0<\/strong><br \/>Ga\u00ebl Fickou.<\/p>\n<p><strong>Tu pr\u00e9f\u00e8res plaquer ou marquer pour faire gagner l\u2019\u00e9quipe ?<\/strong><br \/>Je pr\u00e9f\u00e8re faire une passe pour un mec et qui marque. Plaquer \u00e7a m\u2019est rarement arriv\u00e9, marquer \u00e7a m\u2019est d\u00e9j\u00e0 arriv\u00e9, mais cr\u00e9er la br\u00e8che pour faire marquer un mec, c\u2019est beaucoup de plaisir. Ce que j\u2019aime, c\u2019est que \u00e7a fasse plaisir au mec. A Toulon, je perce sur un c\u00f4t\u00e9, j\u2019arrive \u00e0 10 m\u00e8tres de la ligne et j\u2019offre le ballon \u00e0 Gigashvili. J\u2019ai senti qu\u2019il \u00e9tait trop content de marquer et c\u2019\u00e9tait mon plaisir personnel.<\/p>\n<p><strong>Victoire moche ou d\u00e9faite prestigieuse ?<\/strong><br \/>Victoire moche.<\/p>\n<p><strong>Avant le match, silence ou musique \u00e0 fond ?\u00a0<\/strong><br \/>D\u00e9connade pour moi. Je suis tr\u00e8s fond du bus, deux ou trois saucisses en \u00e9coutant un peu la musique. Je rentre dans mon match quand je vais mettre mes patches pour me pr\u00e9parer, c\u2019est l\u00e0 que je bascule. Mais dans le bus, j\u2019aime bien rigoler. On se prenait moins la t\u00eate avant. Par contre, quand tu rentres dans le vestiaire, t\u2019es format\u00e9.<\/p>\n<p><strong>Qu\u2019est-ce-que le rugby en un mot pour toi ?\u00a0<\/strong><br \/>Solidarit\u00e9 car \u00e7a englobe un peu tout. Tu te cr\u00e9\u00e9s des amis \u00e0 l\u2019int\u00e9rieur de l\u2019\u00e9quipe mais aussi en-dehors. On s\u2019entraide. On a connu des moments tr\u00e8s compliqu\u00e9s et si on est encore l\u00e0 \u00e0 cet \u00e2ge l\u00e0 c\u2019est qu\u2019on a du mental et de la solidarit\u00e9 entre nous. L\u2019unit\u00e9 que l\u2019on fait avec une \u00e9quipe c\u2019est important si tu veux gagner des choses.<\/p>\n<p><strong>Tu peux compl\u00e9ter la phrase : Je deviendrai une l\u00e9gende quand\u2026<\/strong><br \/>Quand on devient champion de France, je pense, ou champion du monde. On marquera l\u2019empreinte de l\u2019\u00e9quipe de France si on devient les premiers \u00e0 \u00eatre champions du monde.<\/p>\n","protected":false},"excerpt":{"rendered":"Dans le podcast Rugby Confidential, le demi-de-m\u00eal\u00e9e du Rugby Club Toulonnais, Baptiste Serin a d\u00e9voil\u00e9 son TOP 5&hellip;\n","protected":false},"author":2,"featured_media":546906,"comment_status":"","ping_status":"","sticky":false,"template":"","format":"standard","meta":{"footnotes":""},"categories":[1416],"tags":[1011,27,479,1468,60],"class_list":{"0":"post-546905","1":"post","2":"type-post","3":"status-publish","4":"format-standard","5":"has-post-thumbnail","7":"category-rugby","8":"tag-fr","9":"tag-france","10":"tag-rugby","11":"tag-rugby-football","12":"tag-sports"},"share_on_mastodon":{"url":"https:\/\/pubeurope.com\/@fr\/115582265272026165","error":""},"_links":{"self":[{"href":"https:\/\/www.europesays.com\/fr\/wp-json\/wp\/v2\/posts\/546905","targetHints":{"allow":["GET"]}}],"collection":[{"href":"https:\/\/www.europesays.com\/fr\/wp-json\/wp\/v2\/posts"}],"about":[{"href":"https:\/\/www.europesays.com\/fr\/wp-json\/wp\/v2\/types\/post"}],"author":[{"embeddable":true,"href":"https:\/\/www.europesays.com\/fr\/wp-json\/wp\/v2\/users\/2"}],"replies":[{"embeddable":true,"href":"https:\/\/www.europesays.com\/fr\/wp-json\/wp\/v2\/comments?post=546905"}],"version-history":[{"count":0,"href":"https:\/\/www.europesays.com\/fr\/wp-json\/wp\/v2\/posts\/546905\/revisions"}],"wp:featuredmedia":[{"embeddable":true,"href":"https:\/\/www.europesays.com\/fr\/wp-json\/wp\/v2\/media\/546906"}],"wp:attachment":[{"href":"https:\/\/www.europesays.com\/fr\/wp-json\/wp\/v2\/media?parent=546905"}],"wp:term":[{"taxonomy":"category","embeddable":true,"href":"https:\/\/www.europesays.com\/fr\/wp-json\/wp\/v2\/categories?post=546905"},{"taxonomy":"post_tag","embeddable":true,"href":"https:\/\/www.europesays.com\/fr\/wp-json\/wp\/v2\/tags?post=546905"}],"curies":[{"name":"wp","href":"https:\/\/api.w.org\/{rel}","templated":true}]}}