{"id":546907,"date":"2025-11-20T13:29:12","date_gmt":"2025-11-20T13:29:12","guid":{"rendered":"https:\/\/www.europesays.com\/fr\/546907\/"},"modified":"2025-11-20T13:29:12","modified_gmt":"2025-11-20T13:29:12","slug":"comment-novak-djokovic-est-passe-de-heros-national-serbe-a-faux-patriote","status":"publish","type":"post","link":"https:\/\/www.europesays.com\/fr\/546907\/","title":{"rendered":"Comment Novak Djokovic est pass\u00e9 de h\u00e9ros national serbe \u00e0 \u00abfaux patriote\u00bb"},"content":{"rendered":"<p>\n    <strong>VU D\u2019AILLEURS &#8211; <\/strong>De Belgrade \u00e0 Ath\u00e8nes\u00a0: Novak Djokovic a tourn\u00e9 le dos \u00e0 son pays natal et s\u2019oppose d\u00e9sormais \u00e0 l\u2019establishment politique serbe. Derri\u00e8re cette d\u00e9cision se cache une trag\u00e9die.<\/p>\n<p class=\"fig-paragraph\">Par Simon Graf (Tages-Anzeiger)<\/p>\n<p class=\"fig-paragraph\"><a href=\"http:\/\/www.lefigaro.fr\/sports\/tennis\/margaret-court-ex-championne-controversee-et-legende-des-grands-chelems-que-novak-djokovic-veut-depasser-20250108\" target=\"_blank\" data-fig-type=\"Article\" rel=\"noopener nofollow\" data-gtm-custom-categorie=\"navigation\" data-gtm-custom-action=\"crossclick\" data-gtm-custom-label=\"Contextuel\" data-gtm-event=\"customEventSPE\" data-fig-domain=\"LEFIGARO\">Novak Djokovic<\/a>\u00a0n\u2019a jamais \u00e9t\u00e9 du genre \u00e0 se laisser influencer. Lorsque quelque chose ne lui convient pas, il le dit sans d\u00e9tour. Cette franchise lui vaut parfois de se mettre en porte-\u00e0-faux avec le public. Son refus de se faire vacciner contre le coronavirus lui a probablement co\u00fbt\u00e9\u00a0<a href=\"http:\/\/www.lefigaro.fr\/sports\/tennis\/rafael-nadal-aurait-pu-gagner-17-roland-garros-et-30-grands-chelems-20251118\" target=\"_blank\" data-fig-type=\"NewsFlash\" rel=\"noopener nofollow\" data-gtm-custom-categorie=\"navigation\" data-gtm-custom-action=\"crossclick\" data-gtm-custom-label=\"Contextuel\" data-gtm-event=\"customEventSPE\" data-fig-domain=\"LEFIGARO\">plusieurs titres du Grand Chelem<\/a>, et a m\u00eame conduit \u00e0 son expulsion d\u2019Australie en janvier 2022.<\/p>\n<p class=\"fig-paragraph\">Dans les moments les plus difficiles, il a toujours puis\u00e9 force et r\u00e9confort en Serbie, o\u00f9 ses succ\u00e8s l\u2019ont \u00e9lev\u00e9 au rang de demi-dieu. Mais aujourd\u2019hui, il semble avoir pris ses distances avec son pays natal.<\/p>\n<p class=\"fig-paragraph\">Il y a un peu plus de deux mois,\u00a0<a href=\"http:\/\/www.lefigaro.fr\/sports\/tennis\/tennis-eternel-djokovic-remporte-un-101e-titre-en-carriere-20251108\" target=\"_blank\" data-fig-type=\"NewsFlash\" rel=\"noopener nofollow\" data-gtm-custom-categorie=\"navigation\" data-gtm-custom-action=\"crossclick\" data-gtm-custom-label=\"Contextuel\" data-gtm-event=\"customEventSPE\" data-fig-domain=\"LEFIGARO\">Djokovic a quitt\u00e9 Belgrade<\/a>\u00a0pour s\u2019installer \u00e0 Ath\u00e8nes avec sa famille, \u00e0 pr\u00e8s de 1000 kilom\u00e8tres plus au sud. Dans ses bagages, il a emport\u00e9 le tournoi ATP 250 organis\u00e9 par son fr\u00e8re cadet Djordje. Comme l\u2019ont annonc\u00e9 les organisateurs dans un communiqu\u00e9, les conditions n\u00e9cessaires pour maintenir l\u2019\u00e9v\u00e9nement \u00e0 Belgrade dans le format et les d\u00e9lais\u2026<\/p>\n<p class=\"fig-premium-paywall__infos\">\n        Cet article est r\u00e9serv\u00e9 aux abonn\u00e9s.        Il vous reste 85% \u00e0 d\u00e9couvrir.\n    <\/p>\n<p>                <img  data- alt=\"Le Figaro\" class=\"fig-img--complete fig-img\"\/><\/p>\n<p class=\"fig-premium-paywall__title\">Black Friday<\/p>\n<p class=\"fig-premium-paywall__subtitle\">-70% sur l&rsquo;abonnement num\u00e9rique<\/p>\n<p class=\"fig-premium-paywall__connect\">\n                D\u00e9j\u00e0 abonn\u00e9\u00a0?                <a class=\"fig-premium-paywall__connect-link\" href=\"https:\/\/connect.lefigaro.fr\/login?client=horizon_web&amp;type=main&amp;redirect_uri=https%3A%2F%2Fwww.lefigaro.fr%2Finternational%2Fcomment-djokovic-est-passe-de-heros-national-serbe-a-faux-patriote-20251120\" data-js-gtm=\"{&quot;customCategorie&quot;: &quot;conversion&quot;, &quot;customAction&quot;: &quot;before_Landing_Connexion_paywall_auto&quot;, &quot;customLabel&quot;: &quot;bGVmaWdhcm8uZnJfXzFmMGM1ZjRkLWRiMjUtNmRjZS1iZGQwLTMzOGJiNTkzYTFhY19fQXJ0aWNsZQ==_Comment Novak Djokovic est pass\u00e9 de h\u00e9ros national serbe \u00e0 \u00abfaux patriote\u00bb_378&quot;, &quot;customIDSPE&quot;: &quot;bGVmaWdhcm8uZnJfXzFmMGM1ZjRkLWRiMjUtNmRjZS1iZGQwLTMzOGJiNTkzYTFhY19fQXJ0aWNsZQ==&quot;, &quot;event&quot;: &quot;customEventSPE&quot;}\" rel=\"nofollow noopener\" target=\"_blank\"><br \/>\n                    Connectez-vous<br \/>\n                <\/a>\n            <\/p>\n","protected":false},"excerpt":{"rendered":"VU D\u2019AILLEURS &#8211; De Belgrade \u00e0 Ath\u00e8nes\u00a0: Novak Djokovic a tourn\u00e9 le dos \u00e0 son pays natal et&hellip;\n","protected":false},"author":2,"featured_media":546908,"comment_status":"","ping_status":"","sticky":false,"template":"","format":"standard","meta":{"footnotes":""},"categories":[1415],"tags":[1011,27,22398,6433,3329,60,1467],"class_list":{"0":"post-546907","1":"post","2":"type-post","3":"status-publish","4":"format-standard","5":"has-post-thumbnail","7":"category-tennis","8":"tag-fr","9":"tag-france","10":"tag-lena","11":"tag-novak-djokovic","12":"tag-serbie","13":"tag-sports","14":"tag-tennis"},"share_on_mastodon":{"url":"https:\/\/pubeurope.com\/@fr\/115582269039355640","error":""},"_links":{"self":[{"href":"https:\/\/www.europesays.com\/fr\/wp-json\/wp\/v2\/posts\/546907","targetHints":{"allow":["GET"]}}],"collection":[{"href":"https:\/\/www.europesays.com\/fr\/wp-json\/wp\/v2\/posts"}],"about":[{"href":"https:\/\/www.europesays.com\/fr\/wp-json\/wp\/v2\/types\/post"}],"author":[{"embeddable":true,"href":"https:\/\/www.europesays.com\/fr\/wp-json\/wp\/v2\/users\/2"}],"replies":[{"embeddable":true,"href":"https:\/\/www.europesays.com\/fr\/wp-json\/wp\/v2\/comments?post=546907"}],"version-history":[{"count":0,"href":"https:\/\/www.europesays.com\/fr\/wp-json\/wp\/v2\/posts\/546907\/revisions"}],"wp:featuredmedia":[{"embeddable":true,"href":"https:\/\/www.europesays.com\/fr\/wp-json\/wp\/v2\/media\/546908"}],"wp:attachment":[{"href":"https:\/\/www.europesays.com\/fr\/wp-json\/wp\/v2\/media?parent=546907"}],"wp:term":[{"taxonomy":"category","embeddable":true,"href":"https:\/\/www.europesays.com\/fr\/wp-json\/wp\/v2\/categories?post=546907"},{"taxonomy":"post_tag","embeddable":true,"href":"https:\/\/www.europesays.com\/fr\/wp-json\/wp\/v2\/tags?post=546907"}],"curies":[{"name":"wp","href":"https:\/\/api.w.org\/{rel}","templated":true}]}}