{"id":546909,"date":"2025-11-20T13:33:18","date_gmt":"2025-11-20T13:33:18","guid":{"rendered":"https:\/\/www.europesays.com\/fr\/546909\/"},"modified":"2025-11-20T13:33:18","modified_gmt":"2025-11-20T13:33:18","slug":"cyclisme-route-visitrwanda-une-banque-suisse-quels-sponsors-pour-israel-premier-tech","status":"publish","type":"post","link":"https:\/\/www.europesays.com\/fr\/546909\/","title":{"rendered":"Cyclisme. Route &#8211; VisitRwanda, une banque suisse&#8230; Quels sponsors pour Israel-Premier Tech ?"},"content":{"rendered":"<p>On le sait depuis un moment d\u00e9j\u00e0, l&rsquo;\u00e9quipe <strong><a href=\"https:\/\/www.cyclismactu.net\/..\/news-route-premier-tech-a-quitte-israel-pour-une-equipe-belge-en-2026-90946.html\" target=\"_blank\" rel=\"noopener\">Israel-Premier Tech<\/a> <\/strong>va changer de nom pour la saison \u00e0 venir. Avec le retrait d&rsquo;<strong>Israel <\/strong>pour des raisons politiques et le sponsor <strong><a href=\"https:\/\/www.cyclismactu.net\/..\/news-cyclisme-route-premier-tech-va-rester-dans-peloton-avec-une-formation-francaise-90980.html\" target=\"_blank\" rel=\"noopener\">Premier Tech<\/a> <\/strong>qui a \u00e9galement quitt\u00e9 le navire pour rejoindre la formation <strong>St Michel Auber\u00a093<\/strong>, l&rsquo;incertitude plane sur l&rsquo;\u00e9quipe isra\u00e9lo-canadienne, qui devrait courir sous licence suisse en 2026. Le manager de l&rsquo;\u00e9quipe se veut rassurant et, selon <a href=\"https:\/\/www.gazzetta.it\/\" target=\"_blank\" rel=\"noopener\">La Gazzetta Dello Sport<\/a>, les premiers sponsors seraient d\u00e9j\u00e0 li\u00e9s \u00e0 l&rsquo;\u00e9quipe, cependant, les noms ne sont toujours pas connus et les rumeurs continuent d&rsquo;aller bon train.<\/p>\n<p>Vid\u00e9o &#8211; Girmay \u00ab\u00a0presque s\u00fbr de ne pas rester\u00a0\u00bb chez Intermarch\u00e9 Lire la suite de l&rsquo;article&#13;<\/p>\n<p>\u00a0<\/p>\n<p>&#13;<br \/>\nL&rsquo;officialisation de Biniam Girmay \u00e0 venir prochainement&#8230;&#13;<\/p>\n<p>Selon le journaliste\u00a0Ciro Scognamiglio, du m\u00e9dia italien, les noms qui circulent pour appara\u00eetre sur le maillot de l&rsquo;ex-<strong>Israel-Premier Tech<\/strong> l&rsquo;an prochain seraient ceux de <strong>VisitRwanda <\/strong>et d&rsquo;une banque suisse, ce qui expliquerait donc le changement de licence en faveur de la Suisse. Pour ce qui est des coureurs qui composeraient l&rsquo;\u00e9quipe en 2026, <strong><a href=\"https:\/\/www.cyclismactu.net\/..\/news-transfert-route-biniam-girmay-a-choisi-je-suis-presque-sur-de-ne-pas-rester-90828.html\" target=\"_blank\" rel=\"noopener\">Biniam Girmay<\/a> <\/strong>(Intermarch\u00e9-Wanty) devrait, comme pressenti, rejoindre les 25 coureurs actuellement sous contrat pour la saison prochaine, l&rsquo;officialisation est d\u00e9sormais attendue dans les prochains jours.<\/p>\n","protected":false},"excerpt":{"rendered":"On le sait depuis un moment d\u00e9j\u00e0, l&rsquo;\u00e9quipe Israel-Premier Tech va changer de nom pour la saison \u00e0&hellip;\n","protected":false},"author":2,"featured_media":546910,"comment_status":"","ping_status":"","sticky":false,"template":"","format":"standard","meta":{"footnotes":""},"categories":[1411],"tags":[1154,207,211,1011,27,209,60,210,212,208,213],"class_list":{"0":"post-546909","1":"post","2":"type-post","3":"status-publish","4":"format-standard","5":"has-post-thumbnail","7":"category-cyclisme","8":"tag-cycling","9":"tag-cyclisme","10":"tag-ffc","11":"tag-fr","12":"tag-france","13":"tag-route","14":"tag-sports","15":"tag-tour-de-france","16":"tag-uci","17":"tag-velo","18":"tag-world-tour"},"share_on_mastodon":{"url":"https:\/\/pubeurope.com\/@fr\/115582284913585291","error":""},"_links":{"self":[{"href":"https:\/\/www.europesays.com\/fr\/wp-json\/wp\/v2\/posts\/546909","targetHints":{"allow":["GET"]}}],"collection":[{"href":"https:\/\/www.europesays.com\/fr\/wp-json\/wp\/v2\/posts"}],"about":[{"href":"https:\/\/www.europesays.com\/fr\/wp-json\/wp\/v2\/types\/post"}],"author":[{"embeddable":true,"href":"https:\/\/www.europesays.com\/fr\/wp-json\/wp\/v2\/users\/2"}],"replies":[{"embeddable":true,"href":"https:\/\/www.europesays.com\/fr\/wp-json\/wp\/v2\/comments?post=546909"}],"version-history":[{"count":0,"href":"https:\/\/www.europesays.com\/fr\/wp-json\/wp\/v2\/posts\/546909\/revisions"}],"wp:featuredmedia":[{"embeddable":true,"href":"https:\/\/www.europesays.com\/fr\/wp-json\/wp\/v2\/media\/546910"}],"wp:attachment":[{"href":"https:\/\/www.europesays.com\/fr\/wp-json\/wp\/v2\/media?parent=546909"}],"wp:term":[{"taxonomy":"category","embeddable":true,"href":"https:\/\/www.europesays.com\/fr\/wp-json\/wp\/v2\/categories?post=546909"},{"taxonomy":"post_tag","embeddable":true,"href":"https:\/\/www.europesays.com\/fr\/wp-json\/wp\/v2\/tags?post=546909"}],"curies":[{"name":"wp","href":"https:\/\/api.w.org\/{rel}","templated":true}]}}