{"id":546911,"date":"2025-11-20T13:34:14","date_gmt":"2025-11-20T13:34:14","guid":{"rendered":"https:\/\/www.europesays.com\/fr\/546911\/"},"modified":"2025-11-20T13:34:14","modified_gmt":"2025-11-20T13:34:14","slug":"lorient-bordeaux-un-arbitre-qui-reussit-aux-girondins-pour-ce-deplacement-en-national-2","status":"publish","type":"post","link":"https:\/\/www.europesays.com\/fr\/546911\/","title":{"rendered":"Lorient-Bordeaux : un arbitre qui r\u00e9ussit aux Girondins pour ce d\u00e9placement en National 2"},"content":{"rendered":"<p><img decoding=\"async\" src=\"https:\/\/www.europesays.com\/fr\/wp-content\/uploads\/2025\/11\/671_f31e15685cfb5f3cde2fab1206b7caef.png\" alt=\"Lorient-Bordeaux : un arbitre qui r\u00e9ussit aux Girondins pour ce d\u00e9placement en National 2\" class=\"img-responsive mt-3\"\/><\/p>\n<p class=\"text-center mb-3\" style=\"font-size: 14px\">\u00a9 Iconsport<\/p>\n<p>      <strong>Un arbitre d\u00e9j\u00e0 favorable aux Girondins cette saison<\/strong><\/p>\n<p style=\"text-align: justify;\">Pierre Retail sera l\u2019arbitre principal, accompagn\u00e9 de ses assistants Gautier Morvezen et Maelig Jouanno. L\u2019homme en noir n\u2019est pas inconnu pour le club scapulaire : il \u00e9tait au sifflet lors de la victoire des Girondins face \u00e0 l\u2019Olympique Saumur (2-1). Ce jour-l\u00e0, il avait averti Adama Diop et Ruben Droehnl\u00e9 d\u2019un carton jaune et accord\u00e9 un penalty \u00e0 Saumur, transform\u00e9 par Emmanuel Bourgaud. Lud\u00e9ric \u00c9tond\u00e9 et Abou Ba avaient marqu\u00e9 pour Bordeaux.<\/p>\n<p style=\"text-align: justify;\">Pour ce d\u00e9placement \u00e0 Lorient, environ <a href=\"https:\/\/www.webgirondins.com\/actualite-girondins-n2-500-supporters-des-girondins-attendus-a-lorient-pour-le-match-de-la-11e-journee-131199\" target=\"_blank\" rel=\"noopener\">500 supporters des Girondins sont attendus<\/a> pour encourager leur \u00e9quipe.<\/p>\n<p style=\"text-align: justify;\">\u00a0<\/p>\n<p>\u00c0 lire : <strong><a href=\"https:\/\/www.webgirondins.com\/actualite-girondins-girondins-bordeaux-pret-a-un-bras-de-fer-juridique-face-a-la-fifa-131202\" target=\"_blank\" rel=\"noopener\">Girondins : Bordeaux pr\u00eat \u00e0 un bras de fer juridique face \u00e0 la FIFA<\/a><\/strong><\/p>\n<p>Notre podcast court \u00e0 \u00e9couter :<\/p>\n<p>\u00a0<\/p>\n","protected":false},"excerpt":{"rendered":"\u00a9 Iconsport Un arbitre d\u00e9j\u00e0 favorable aux Girondins cette saison Pierre Retail sera l\u2019arbitre principal, accompagn\u00e9 de ses&hellip;\n","protected":false},"author":2,"featured_media":546912,"comment_status":"","ping_status":"","sticky":false,"template":"","format":"standard","meta":{"footnotes":""},"categories":[1410],"tags":[39723,3987,7699,1997,11925,63,1011,27,1987,1781,49025,3238,471,66139,18357,11146,3982,53763,60,2858],"class_list":{"0":"post-546911","1":"post","2":"type-post","3":"status-publish","4":"format-standard","5":"has-post-thumbnail","7":"category-football","8":"tag-actuellement","9":"tag-affronter","10":"tag-arbitre","11":"tag-bordeaux","12":"tag-deplacement","13":"tag-football","14":"tag-fr","15":"tag-france","16":"tag-girondins","17":"tag-lorient","18":"tag-moustoir","19":"tag-national","20":"tag-pour","21":"tag-rendront","22":"tag-reserve","23":"tag-reussit","24":"tag-samedi","25":"tag-sixieme","26":"tag-sports","27":"tag-stade"},"share_on_mastodon":{"url":"https:\/\/pubeurope.com\/@fr\/115582290257938802","error":""},"_links":{"self":[{"href":"https:\/\/www.europesays.com\/fr\/wp-json\/wp\/v2\/posts\/546911","targetHints":{"allow":["GET"]}}],"collection":[{"href":"https:\/\/www.europesays.com\/fr\/wp-json\/wp\/v2\/posts"}],"about":[{"href":"https:\/\/www.europesays.com\/fr\/wp-json\/wp\/v2\/types\/post"}],"author":[{"embeddable":true,"href":"https:\/\/www.europesays.com\/fr\/wp-json\/wp\/v2\/users\/2"}],"replies":[{"embeddable":true,"href":"https:\/\/www.europesays.com\/fr\/wp-json\/wp\/v2\/comments?post=546911"}],"version-history":[{"count":0,"href":"https:\/\/www.europesays.com\/fr\/wp-json\/wp\/v2\/posts\/546911\/revisions"}],"wp:featuredmedia":[{"embeddable":true,"href":"https:\/\/www.europesays.com\/fr\/wp-json\/wp\/v2\/media\/546912"}],"wp:attachment":[{"href":"https:\/\/www.europesays.com\/fr\/wp-json\/wp\/v2\/media?parent=546911"}],"wp:term":[{"taxonomy":"category","embeddable":true,"href":"https:\/\/www.europesays.com\/fr\/wp-json\/wp\/v2\/categories?post=546911"},{"taxonomy":"post_tag","embeddable":true,"href":"https:\/\/www.europesays.com\/fr\/wp-json\/wp\/v2\/tags?post=546911"}],"curies":[{"name":"wp","href":"https:\/\/api.w.org\/{rel}","templated":true}]}}