{"id":546913,"date":"2025-11-20T13:35:14","date_gmt":"2025-11-20T13:35:14","guid":{"rendered":"https:\/\/www.europesays.com\/fr\/546913\/"},"modified":"2025-11-20T13:35:14","modified_gmt":"2025-11-20T13:35:14","slug":"archie-et-lilibet-leur-adorable-lettre-au-pere-noel-devoilee","status":"publish","type":"post","link":"https:\/\/www.europesays.com\/fr\/546913\/","title":{"rendered":"Archie et Lilibet : leur adorable lettre au P\u00e8re No\u00ebl d\u00e9voil\u00e9e"},"content":{"rendered":"<p data-start=\"72\" data-end=\"508\">Cette ann\u00e9e, <strong>Meghan<br \/>\nMarkle<\/strong> s\u2019est invit\u00e9e sur Netflix avec une nouvelle<br \/>\ncr\u00e9ation intitul\u00e9e With<br \/>\nLove. Dans cette \u00e9mission, elle d\u00e9voile des fragments de sa<br \/>\nvie californienne. Elle y partage aussi ses recettes pr\u00e9f\u00e9r\u00e9es,<br \/>\npr\u00e9par\u00e9es avec des produits simples, frais et de saison. Et ce<br \/>\nn\u2019est que le d\u00e9but. En novembre, l\u2019\u00e9pouse du prince <a href=\"https:\/\/www.closermag.fr\/royautes\/prince-harry-son-avenir-au-sein-de-la-famille-royale-revele-alors-que-des-rumeurs-dannonce-majeure-circulent-3594131\" target=\"_blank\" rel=\"noopener\"><br \/>\nHarry<\/a> a r\u00e9v\u00e9l\u00e9 l\u2019arriv\u00e9e d\u2019un chapitre in\u00e9dit de son programme,<br \/>\ncette fois d\u00e9di\u00e9 \u00e0 la magie des f\u00eates.<\/p>\n<p data-start=\"510\" data-end=\"911\" data-is-last-node=\"\" data-is-only-node=\"\">\u00c0 l\u2019heure o\u00f9 d\u00e9cembre approche et o\u00f9 les<br \/>\nenfants du monde entier commencent \u00e0 imaginer leurs souhaits pour<br \/>\nle <strong>P\u00e8re No\u00ebl<\/strong>, chaque famille perp\u00e9tue ses petites<br \/>\n<strong>traditions<\/strong>. Certains \u00e9crivent une lettre, d\u2019autres<br \/>\nd\u00e9posent une douceur pr\u00e8s du sapin. Chez les Sussex, Archie et<br \/>\nLilibet ont, eux aussi, leur rituel bien particulier. Et autant<br \/>\ndire que leur mani\u00e8re de s\u2019y prendre ne ressemble \u00e0 aucune autre<br \/>\n!<\/p>\n<p><strong data-start=\"131\" data-end=\"200\">Archie et Lilibet\u00a0d\u00e9j\u00e0 plong\u00e9s dans la magie de<br \/>\nNo\u00ebl<\/strong><\/p>\n<p data-start=\"202\" data-end=\"1492\">\u00c0 l\u2019approche des f\u00eates, le<br \/>\nprince Archie et la princesse Lilibet semblent d\u00e9j\u00e0 entr\u00e9s dans<br \/>\nl\u2019ambiance. Dans l\u2019extrait du prochain programme de No\u00ebl de Meghan<br \/>\nMarkle pour Netflix, <a href=\"https:\/\/www.closermag.fr\/royautes\/meghan-markle-son-fiasco-sur-netflix-reste-un-succes-pour-cette-raison-bien-precise-3563995\" target=\"_blank\" rel=\"noopener\"><br \/>\nWith Love, Meghan,<\/a> visionn\u00e9 par HELLO!, un<br \/>\nd\u00e9tail a imm\u00e9diatement fait fondre les fans. On y aper\u00e7oit un<br \/>\nfragment manuscrit de la lettre de ses enfants adress\u00e9e au P\u00e8re<br \/>\nNo\u00ebl. Dans cette courte vid\u00e9o diffus\u00e9e par Netflix, on distingue<br \/>\nune tasse orn\u00e9e d\u2019une calligraphie soign\u00e9e. On peut y lire les mots<br \/>\n\u00ab\u00a0<strong>Nous avons \u00e9t\u00e9<br \/>\nsages<\/strong>\u00a0\u00bb\u00a0et un v\u0153u touchant pour que<br \/>\n\u00ab\u00a0<strong>le P\u00e8re No\u00ebl voyage en<br \/>\ntoute s\u00e9curit\u00e9<\/strong>\u00ab\u00a0. Le tout sign\u00e9 \u00ab\u00a0<strong>Bisous, Archie &amp; Lili<\/strong>\u00ab\u00a0.<\/p>\n<p data-start=\"202\" data-end=\"1492\">Une sc\u00e8ne qui rappelle les<br \/>\npetits enchantements de l\u2019enfance. Ce moment intervient alors que<br \/>\nMeghan confiait r\u00e9cemment \u00e0 Marie Claire son bonheur de vivre les f\u00eates avec ses<br \/>\nenfants : \u00ab\u00a0On essaie toujours d\u2019avoir quelque chose de joyeux \u00e0<br \/>\nfaire. Au d\u00e9but, quand ils sont tout petits, on se contente de les<br \/>\nregarder. Ils ne comprennent pas encore tout. Maintenant, ils ont<br \/>\nl\u2019\u00e2ge o\u00f9 <strong>j\u2019ai h\u00e2te de red\u00e9couvrir No\u00ebl \u00e0 travers leurs yeux<br \/>\nchaque ann\u00e9e<\/strong>\u00ab\u00a0.<\/p>\n<p><strong data-start=\"1502\" data-end=\"1577\">La magie des traditions :<br \/>\npourquoi la lettre au P\u00e8re No\u00ebl compte autant<\/strong><\/p>\n<p data-start=\"1579\" data-end=\"2676\">Lors de leur visite en<br \/>\nColombie en 2024, <a href=\"https:\/\/www.closermag.fr\/people\/meghan-markle-a-quoi-ressemble-sa-premiere-boutique-photos-3594367\" target=\"_blank\" rel=\"noopener\"><br \/>\nMeghan Markle<\/a> avait expliqu\u00e9 combien elle admirait l\u2019\u00e9volution<br \/>\nde sa fille : \u00ab\u00a0\u00c0 trois ans,<br \/>\n<strong>elle a trouv\u00e9 sa voix<\/strong>\u00ab\u00a0, confiait-elle, avant<br \/>\nde r\u00e9sumer sa philosophie parentale : \u00ab\u00a0Nous cr\u00e9ons les<br \/>\nconditions pour qu\u2019il y ait un effet domino. Si quelqu\u2019un encourage<br \/>\nles jeunes filles \u00e0 s\u2019exprimer et \u00e0 se faire entendre, c\u2019est ce<br \/>\nqu\u2019elles feront\u00a0\u00bb. Pour \u00e9clairer l\u2019importance de ces rituels,<br \/>\nHELLO! a \u00e9galement interrog\u00e9 l\u2019experte en parentalit\u00e9 Tammi<br \/>\nKirkness.<\/p>\n<p data-start=\"1579\" data-end=\"2676\">Selon elle, les traditions<br \/>\njouent un r\u00f4le essentiel dans le d\u00e9veloppement \u00e9motionnel :<br \/>\n\u00ab\u00a0<strong>Les enfants<br \/>\ns\u2019\u00e9panouissent gr\u00e2ce \u00e0 des rituels familiaux pr\u00e9visibles et<br \/>\nporteurs de sens<\/strong>\u00ab\u00a0, explique-t-elle. M\u00eame sous une<br \/>\nforme ludique, comme un message inscrit sur une tasse, \u00e9crire au<br \/>\nP\u00e8re No\u00ebl renforce le sentiment d\u2019appartenir \u00e0 une histoire<br \/>\nfamiliale.<\/p>\n","protected":false},"excerpt":{"rendered":"Cette ann\u00e9e, Meghan Markle s\u2019est invit\u00e9e sur Netflix avec une nouvelle cr\u00e9ation intitul\u00e9e With Love. Dans cette \u00e9mission,&hellip;\n","protected":false},"author":2,"featured_media":546914,"comment_status":"","ping_status":"","sticky":false,"template":"","format":"standard","meta":{"footnotes":""},"categories":[1359],"tags":[13304,58,59,1011,27,13418,973],"class_list":{"0":"post-546913","1":"post","2":"type-post","3":"status-publish","4":"format-standard","5":"has-post-thumbnail","7":"category-people","8":"tag-archie","9":"tag-divertissement","10":"tag-entertainment","11":"tag-fr","12":"tag-france","13":"tag-lilibet","14":"tag-people"},"share_on_mastodon":{"url":"https:\/\/pubeurope.com\/@fr\/115582292726565711","error":""},"_links":{"self":[{"href":"https:\/\/www.europesays.com\/fr\/wp-json\/wp\/v2\/posts\/546913","targetHints":{"allow":["GET"]}}],"collection":[{"href":"https:\/\/www.europesays.com\/fr\/wp-json\/wp\/v2\/posts"}],"about":[{"href":"https:\/\/www.europesays.com\/fr\/wp-json\/wp\/v2\/types\/post"}],"author":[{"embeddable":true,"href":"https:\/\/www.europesays.com\/fr\/wp-json\/wp\/v2\/users\/2"}],"replies":[{"embeddable":true,"href":"https:\/\/www.europesays.com\/fr\/wp-json\/wp\/v2\/comments?post=546913"}],"version-history":[{"count":0,"href":"https:\/\/www.europesays.com\/fr\/wp-json\/wp\/v2\/posts\/546913\/revisions"}],"wp:featuredmedia":[{"embeddable":true,"href":"https:\/\/www.europesays.com\/fr\/wp-json\/wp\/v2\/media\/546914"}],"wp:attachment":[{"href":"https:\/\/www.europesays.com\/fr\/wp-json\/wp\/v2\/media?parent=546913"}],"wp:term":[{"taxonomy":"category","embeddable":true,"href":"https:\/\/www.europesays.com\/fr\/wp-json\/wp\/v2\/categories?post=546913"},{"taxonomy":"post_tag","embeddable":true,"href":"https:\/\/www.europesays.com\/fr\/wp-json\/wp\/v2\/tags?post=546913"}],"curies":[{"name":"wp","href":"https:\/\/api.w.org\/{rel}","templated":true}]}}