{"id":546919,"date":"2025-11-20T13:39:22","date_gmt":"2025-11-20T13:39:22","guid":{"rendered":"https:\/\/www.europesays.com\/fr\/546919\/"},"modified":"2025-11-20T13:39:22","modified_gmt":"2025-11-20T13:39:22","slug":"un-moment-sil-vous-plait","status":"publish","type":"post","link":"https:\/\/www.europesays.com\/fr\/546919\/","title":{"rendered":"Un moment s&rsquo;il vous pla\u00eet"},"content":{"rendered":"<p>            <a href=\"https:\/\/www.journaldesfemmes.fr\/people\/magazine\/3247598-actu-people-france-news-lara-fabian-miss-univers\/3247894-miss-france-2026\" class=\"app_button_nav_prev jMiddlePreviousButton\" target=\"_blank\" rel=\"noopener\"><\/a><a href=\"https:\/\/www.journaldesfemmes.fr\/people\/magazine\/3247598-actu-people-france-news-lara-fabian-miss-univers\/3247794-eric-antoine\" class=\"app_button_nav_next jMiddleNextButton\" target=\"_blank\" rel=\"noopener\"><\/a><\/p>\n<p>                <img loading=\"lazy\" decoding=\"async\" src=\"https:\/\/www.europesays.com\/fr\/wp-content\/uploads\/2025\/11\/40055121.jpg\" alt=\"\" width=\"250\" height=\"457\"\/><br \/>\n            <a href=\"https:\/\/img-3.journaldesfemmes.fr\/cucSw7LGdcpxyuKGlqx8cucRIM4=\/1525x\/smart\/fb632290dcfe415c864bc72f180dd58c\/ccmcms-jdf\/40055121.jpg\" class=\"fancy app_btn_1 app_btn--ico\" target=\"_blank\" rel=\"noopener\"><\/a>Lady Gaga  \u00a9\u00a0Silvia Izquierdo\/AP\/SIPA     <\/p>\n<p><strong>Bienveillance.<\/strong> Mardi 18 novembre, la chanteuse Lady Gaga donnait le deuxi\u00e8me concert &#8211; sur quatre &#8211; de sa tourn\u00e9e\u00a0The Mayhem Ball, \u00e0 l&rsquo;Accor Arena de Paris. Alors qu&rsquo;elle \u00e9tait install\u00e9e au piano, sur la sc\u00e8ne centrale, la star a soudainement cess\u00e9 de jouer. \u00ab\u00a0Il y a quelqu&rsquo;un l\u00e0&#8230; est-ce que \u00e7a va ? Un moment s&rsquo;il vous pla\u00eet. Faisons silence un moment. Tout va bien ? Est-ce que c&rsquo;est bon ?\u00a0\u00bb, a demand\u00e9 l&rsquo;interpr\u00e8te de Bad Romance pour s&rsquo;assurer qu&rsquo;un spectateur dans la folle n&rsquo;\u00e9tait pas en train de faire un malaise. Au bout de quelques minutes, Mother Monster, rassur\u00e9e, a repris son show g\u00e9nial sous les applaudissements de la salle.<\/p>\n","protected":false},"excerpt":{"rendered":"Lady Gaga \u00a9\u00a0Silvia Izquierdo\/AP\/SIPA Bienveillance. Mardi 18 novembre, la chanteuse Lady Gaga donnait le deuxi\u00e8me concert &#8211; sur&hellip;\n","protected":false},"author":2,"featured_media":546920,"comment_status":"","ping_status":"","sticky":false,"template":"","format":"standard","meta":{"footnotes":""},"categories":[1355],"tags":[66494,51761,58,59,52292,1011,27,51766,1031,1361,873],"class_list":{"0":"post-546919","1":"post","2":"type-post","3":"status-publish","4":"format-standard","5":"has-post-thumbnail","7":"category-musique","8":"tag-cms-journaldesfemmes-3247940","9":"tag-controller-content","10":"tag-divertissement","11":"tag-entertainment","12":"tag-format-reportage","13":"tag-fr","14":"tag-france","15":"tag-les-histoires-du-jdf","16":"tag-magazine","17":"tag-music","18":"tag-musique"},"share_on_mastodon":{"url":"https:\/\/pubeurope.com\/@fr\/115582309152650441","error":""},"_links":{"self":[{"href":"https:\/\/www.europesays.com\/fr\/wp-json\/wp\/v2\/posts\/546919","targetHints":{"allow":["GET"]}}],"collection":[{"href":"https:\/\/www.europesays.com\/fr\/wp-json\/wp\/v2\/posts"}],"about":[{"href":"https:\/\/www.europesays.com\/fr\/wp-json\/wp\/v2\/types\/post"}],"author":[{"embeddable":true,"href":"https:\/\/www.europesays.com\/fr\/wp-json\/wp\/v2\/users\/2"}],"replies":[{"embeddable":true,"href":"https:\/\/www.europesays.com\/fr\/wp-json\/wp\/v2\/comments?post=546919"}],"version-history":[{"count":0,"href":"https:\/\/www.europesays.com\/fr\/wp-json\/wp\/v2\/posts\/546919\/revisions"}],"wp:featuredmedia":[{"embeddable":true,"href":"https:\/\/www.europesays.com\/fr\/wp-json\/wp\/v2\/media\/546920"}],"wp:attachment":[{"href":"https:\/\/www.europesays.com\/fr\/wp-json\/wp\/v2\/media?parent=546919"}],"wp:term":[{"taxonomy":"category","embeddable":true,"href":"https:\/\/www.europesays.com\/fr\/wp-json\/wp\/v2\/categories?post=546919"},{"taxonomy":"post_tag","embeddable":true,"href":"https:\/\/www.europesays.com\/fr\/wp-json\/wp\/v2\/tags?post=546919"}],"curies":[{"name":"wp","href":"https:\/\/api.w.org\/{rel}","templated":true}]}}