{"id":546932,"date":"2025-11-20T13:47:17","date_gmt":"2025-11-20T13:47:17","guid":{"rendered":"https:\/\/www.europesays.com\/fr\/546932\/"},"modified":"2025-11-20T13:47:17","modified_gmt":"2025-11-20T13:47:17","slug":"apres-une-collision-elle-roule-avec-le-corps-dun-pieton-sous-sa-voiture-pendant-cinq-kilometres","status":"publish","type":"post","link":"https:\/\/www.europesays.com\/fr\/546932\/","title":{"rendered":"Apr\u00e8s une collision, elle roule avec le corps d\u2019un pi\u00e9ton sous sa voiture pendant cinq kilom\u00e8tres"},"content":{"rendered":"<p>Une enqu\u00eate a \u00e9t\u00e9 ouverte apr\u00e8s un accident de la route mortel qui s\u2019est produit ce lundi matin \u00e0 S\u00e9ville (Espagne). Une automobiliste a fauch\u00e9 un pi\u00e9ton vers 8 h 20. La collision s\u2019est produite alors qu\u2019une pluie diluvienne tombait sur la ville, d\u00e9taille le m\u00e9dia local <a href=\"https:\/\/www.3cat.cat\/3catinfo\/atropella-mortalment-un-vianant-a-sevilla-i-larrossega-durant-quilometres-sense-adonar-sen\/noticia\/3380810\/\" rel=\"nofollow noopener\" target=\"_blank\" class=\"c-link c-link--is-underlined\">3cat<\/a>. Elle a particuli\u00e8rement marqu\u00e9 les esprits des t\u00e9moins.<\/p>\n<p>Une femme choqu\u00e9e<\/p>\n<p>En effet, apr\u00e8s avoir heurt\u00e9 l\u2019homme \u00e0 pied, la conductrice a continu\u00e9 \u00e0 rouler avec l\u2019homme coinc\u00e9 sous son v\u00e9hicule. C\u2019est dans ces circonstances qu\u2019elle a parcouru quelque cinq kilom\u00e8tres avant de finir par s\u2019arr\u00eater \u00e0 un feu rouge, pr\u00e9cise <a href=\"https:\/\/www.diariodesevilla.es\/sevilla\/testigo-accidente-oi-chillido-desgarrador_0_2005249952.html\" rel=\"nofollow noopener\" target=\"_blank\" class=\"c-link c-link--is-underlined\">Diario de Sevilla<\/a>. C\u2019est alors que des passants l\u2019ont pr\u00e9venue qu\u2019un corps sans vie se trouvait sous sa voiture. L\u2019automobiliste \u00e9tait sous le choc.<\/p>\n<\/p>\n<p>\u00ab\u00a0Nous avons entendu un cri \u00e0 glacer le sang, a t\u00e9moign\u00e9 une personne ayant assist\u00e9 \u00e0 la sc\u00e8ne. C\u2019\u00e9tait la voix d\u2019une femme, la conductrice d\u2019une voiture.\u00a0\u00bb Elle a \u00e9t\u00e9 prise en charge par les secours. Ceux-ci sont aussi intervenus pour venir en aide \u00e0 la victime, qu\u2019ils ont eu du mal \u00e0 d\u00e9gager de sous le v\u00e9hicule. Les intervenants ont d\u00fb utiliser des leviers pour soulever la voiture.<\/p>\n","protected":false},"excerpt":{"rendered":"Une enqu\u00eate a \u00e9t\u00e9 ouverte apr\u00e8s un accident de la route mortel qui s\u2019est produit ce lundi matin&hellip;\n","protected":false},"author":2,"featured_media":546933,"comment_status":"","ping_status":"","sticky":false,"template":"","format":"standard","meta":{"footnotes":""},"categories":[5],"tags":[119,47,11,123,118,1011,27,14,74,12,4752,28],"class_list":{"0":"post-546932","1":"post","2":"type-post","3":"status-publish","4":"format-standard","5":"has-post-thumbnail","7":"category-international","8":"tag-accident","9":"tag-actualite","10":"tag-actualites","11":"tag-espagne","12":"tag-faits-divers","13":"tag-fr","14":"tag-france","15":"tag-international","16":"tag-monde","17":"tag-news","18":"tag-voiture","19":"tag-world"},"share_on_mastodon":{"url":"","error":""},"_links":{"self":[{"href":"https:\/\/www.europesays.com\/fr\/wp-json\/wp\/v2\/posts\/546932","targetHints":{"allow":["GET"]}}],"collection":[{"href":"https:\/\/www.europesays.com\/fr\/wp-json\/wp\/v2\/posts"}],"about":[{"href":"https:\/\/www.europesays.com\/fr\/wp-json\/wp\/v2\/types\/post"}],"author":[{"embeddable":true,"href":"https:\/\/www.europesays.com\/fr\/wp-json\/wp\/v2\/users\/2"}],"replies":[{"embeddable":true,"href":"https:\/\/www.europesays.com\/fr\/wp-json\/wp\/v2\/comments?post=546932"}],"version-history":[{"count":0,"href":"https:\/\/www.europesays.com\/fr\/wp-json\/wp\/v2\/posts\/546932\/revisions"}],"wp:featuredmedia":[{"embeddable":true,"href":"https:\/\/www.europesays.com\/fr\/wp-json\/wp\/v2\/media\/546933"}],"wp:attachment":[{"href":"https:\/\/www.europesays.com\/fr\/wp-json\/wp\/v2\/media?parent=546932"}],"wp:term":[{"taxonomy":"category","embeddable":true,"href":"https:\/\/www.europesays.com\/fr\/wp-json\/wp\/v2\/categories?post=546932"},{"taxonomy":"post_tag","embeddable":true,"href":"https:\/\/www.europesays.com\/fr\/wp-json\/wp\/v2\/tags?post=546932"}],"curies":[{"name":"wp","href":"https:\/\/api.w.org\/{rel}","templated":true}]}}