{"id":546934,"date":"2025-11-20T13:48:15","date_gmt":"2025-11-20T13:48:15","guid":{"rendered":"https:\/\/www.europesays.com\/fr\/546934\/"},"modified":"2025-11-20T13:48:15","modified_gmt":"2025-11-20T13:48:15","slug":"une-femme-tuee-devant-sa-voiture-son-ex-conjoint-arrete-a-ornans","status":"publish","type":"post","link":"https:\/\/www.europesays.com\/fr\/546934\/","title":{"rendered":"une femme tu\u00e9e devant sa voiture, son ex-conjoint arr\u00eat\u00e9 \u00e0 Ornans"},"content":{"rendered":"<p>Une tente a \u00e9t\u00e9 discr\u00e8tement install\u00e9e, au pied d\u2019un immeuble, voie de la cit\u00e9 des Pr\u00e8s de Vaux \u00e0 <a href=\"https:\/\/www.estrepublicain.fr\/edition-besancon\" target=\"_blank\" rel=\"noopener\">Besan\u00e7on<\/a>. Des fonctionnaires de la police scientifique ont plac\u00e9 des chevets au sol pour mat\u00e9rialiser tous les \u00e9l\u00e9ments qui pourront servir \u00e0 leur enqu\u00eate. Ces investigations ont d\u00e9but\u00e9 ce jeudi 20 novembre apr\u00e8s la d\u00e9couverte du corps d\u2019une femme, abattue au pied d\u2019un immeuble. Le principal suspect n\u2019est autre que son ex-conjoint. Il s&rsquo;\u00e9tait retranch\u00e9 dans son appartement, au centre d&rsquo;Ornans.<\/p>\n<p>D\u2019apr\u00e8s nos informations, les faits se sont produits aux alentours de 7 h. La victime se rendait \u00e0 son travail quand elle est tomb\u00e9e dans un guet-apens. Sur le parking de son immeuble, un homme l&rsquo;attendait \u00e0 proximit\u00e9 de sa voiture. Ce dernier l&rsquo;a\u00a0mise en joue avec une arme longue et a tir\u00e9 \u00e0 deux reprises.<\/p>\n<p>La victime \u00e2g\u00e9e de 32 ans s\u2019est \u00e9croul\u00e9e au sol, touch\u00e9e par deux munitions. L\u2019auteur a rapidement pris la fuite apr\u00e8s le meurtre.<\/p>\n<p>  Un long si\u00e8ge<\/p>\n<p>Les secours ont \u00e9t\u00e9 requis pour prendre en charge la trentenaire. Malgr\u00e9 leur intervention rapide, cette femme est d\u00e9c\u00e9d\u00e9e peu de temps apr\u00e8s les faits.<\/p>\n<p>Les policiers du commissariat de Besan\u00e7on ont pris le relais pour geler la zone et recueillir tous les \u00e9l\u00e9ments retrouv\u00e9s sur place. En parall\u00e8le, deux enqu\u00eateurs sont all\u00e9s \u00e0 la rencontre des voisins et des habitants du quartier, \u00e0 la recherche d\u2019un t\u00e9moignage cl\u00e9 pour leur enqu\u00eate.<\/p>\n<p>Ce contenu est bloqu\u00e9 car vous n&rsquo;avez pas accept\u00e9 les cookies et autres traceurs.<\/p>\n<p>En cliquant sur \u00ab J\u2019accepte \u00bb, les cookies et autres traceurs seront d\u00e9pos\u00e9s et vous pourrez visualiser les contenus  (<a href=\"\" class=\"consentModule_policy\" target=\"_blank\" title=\"Consulter la politique de protection des donn\u00e9es du fournisseur\">plus d&rsquo;informations<\/a>).<\/p>\n<p>En cliquant sur \u00ab J\u2019accepte tous les cookies \u00bb, vous autorisez des d\u00e9p\u00f4ts de cookies et autres traceurs pour le stockage de vos donn\u00e9es sur nos sites et applications \u00e0 des fins de personnalisation et de ciblage publicitaire.<\/p>\n<p class=\"consentModule_secondaryText\">Vous gardez la possibilit\u00e9 de retirer votre consentement \u00e0 tout moment en consultant notre <a href=\"https:\/\/www.estrepublicain.fr\/protection-des-donnees\" target=\"_blank\" title=\"Consulter notre politique de protection des donn\u00e9es\" rel=\"noopener\">politique de protection des donn\u00e9es<\/a>. <br \/>&#13;<br \/>\n            <a href=\"https:\/\/www.estrepublicain.fr\/faits-divers-justice\/2025\/11\/20\/javascript:Didomi.notice.show()\" class=\"consentModule_cmp\" target=\"_blank\" rel=\"noopener\">G\u00e9rer mes choix<\/a>&#13;\n        <\/p>\n<p>&#13;<br \/>\n                        J&rsquo;accepte&#13;<br \/>\n            J&rsquo;accepte tous les cookies&#13;\n        <\/p>\n<p>  Le Raid en appui<\/p>\n<p>L&rsquo;enqu\u00eate s&rsquo;est rapidement orient\u00e9e vers l&rsquo;ex-conjoint de la Bisontine, un homme d\u00e9j\u00e0 connu des services de police. Le fugitif a \u00e9t\u00e9 localis\u00e9 dans son appartement du c\u00f4t\u00e9 d&rsquo;Ornans. Face au profil et la dangerosit\u00e9 du suspect, les policiers ont sollicit\u00e9 l&rsquo;appui du Raid.\u00a0<\/p>\n<p>Quatre fourgons sont arriv\u00e9s dans la vall\u00e9e de la Loue peu apr\u00e8s 10 h. Un important dispositif a \u00e9t\u00e9 mis en place avec des tireurs d&rsquo;\u00e9lite post\u00e9s \u00e0 proximit\u00e9 de l&rsquo;immeuble. Des n\u00e9gociations se sont engag\u00e9es entre le forcen\u00e9 suspect\u00e9 d&rsquo;avoir ouvert le feu et les hommes de l&rsquo;unit\u00e9 d&rsquo;\u00e9lite. En parall\u00e8le, des d\u00e9viations ont \u00e9t\u00e9 mises en place pour d\u00e9tourner la circulation.\u00a0<\/p>\n<p>\u00c0 13 h, \u00e0 l&rsquo;issue d&rsquo;un long si\u00e8ge, le meurtrier pr\u00e9sum\u00e9 s&rsquo;est rendu sans heurts. Il a \u00e9t\u00e9 interpell\u00e9 par les effectifs du\u00a0Raid\u00a0et conduit au commissariat de Besan\u00e7on\u00a0o\u00f9 il a \u00e9t\u00e9 plac\u00e9 en garde \u00e0 vue.<\/p>\n","protected":false},"excerpt":{"rendered":"Une tente a \u00e9t\u00e9 discr\u00e8tement install\u00e9e, au pied d\u2019un immeuble, voie de la cit\u00e9 des Pr\u00e8s de Vaux&hellip;\n","protected":false},"author":2,"featured_media":546935,"comment_status":"","ping_status":"","sticky":false,"template":"","format":"standard","meta":{"footnotes":""},"categories":[4],"tags":[11,10112,14382,271,272,8026,14383,274,1011,27,12,11058,25],"class_list":{"0":"post-546934","1":"post","2":"type-post","3":"status-publish","4":"format-standard","5":"has-post-thumbnail","7":"category-france","8":"tag-actualites","9":"tag-besancon","10":"tag-besancon-ville-25a","11":"tag-crime","12":"tag-delit-et-contravention","13":"tag-doubs","14":"tag-edition-besancon","15":"tag-faits-divers-justice","16":"tag-fr","17":"tag-france","18":"tag-news","19":"tag-region-franche-comte","20":"tag-republique-francaise"},"share_on_mastodon":{"url":"","error":""},"_links":{"self":[{"href":"https:\/\/www.europesays.com\/fr\/wp-json\/wp\/v2\/posts\/546934","targetHints":{"allow":["GET"]}}],"collection":[{"href":"https:\/\/www.europesays.com\/fr\/wp-json\/wp\/v2\/posts"}],"about":[{"href":"https:\/\/www.europesays.com\/fr\/wp-json\/wp\/v2\/types\/post"}],"author":[{"embeddable":true,"href":"https:\/\/www.europesays.com\/fr\/wp-json\/wp\/v2\/users\/2"}],"replies":[{"embeddable":true,"href":"https:\/\/www.europesays.com\/fr\/wp-json\/wp\/v2\/comments?post=546934"}],"version-history":[{"count":0,"href":"https:\/\/www.europesays.com\/fr\/wp-json\/wp\/v2\/posts\/546934\/revisions"}],"wp:featuredmedia":[{"embeddable":true,"href":"https:\/\/www.europesays.com\/fr\/wp-json\/wp\/v2\/media\/546935"}],"wp:attachment":[{"href":"https:\/\/www.europesays.com\/fr\/wp-json\/wp\/v2\/media?parent=546934"}],"wp:term":[{"taxonomy":"category","embeddable":true,"href":"https:\/\/www.europesays.com\/fr\/wp-json\/wp\/v2\/categories?post=546934"},{"taxonomy":"post_tag","embeddable":true,"href":"https:\/\/www.europesays.com\/fr\/wp-json\/wp\/v2\/tags?post=546934"}],"curies":[{"name":"wp","href":"https:\/\/api.w.org\/{rel}","templated":true}]}}