{"id":546938,"date":"2025-11-20T13:51:06","date_gmt":"2025-11-20T13:51:06","guid":{"rendered":"https:\/\/www.europesays.com\/fr\/546938\/"},"modified":"2025-11-20T13:51:06","modified_gmt":"2025-11-20T13:51:06","slug":"ligne-ferroviaire-le-puy-firminy-un-chantier-titanesque-sur-70-km-de-voies-video-2","status":"publish","type":"post","link":"https:\/\/www.europesays.com\/fr\/546938\/","title":{"rendered":"Ligne ferroviaire Le Puy\/Firminy : un chantier titanesque sur 70 km de voies (vid\u00e9o)"},"content":{"rendered":"<p>\t\t\t\t\t\t\t\t\t\t\t\t\t\t\t\t\t\t\t\t\t\t\t\t\t\t\t\t\t\t\t\t\t\t\t\t\t\t\t\t\t\t\t\t\t\t\t\t\t\t\t\t\t\t\t\t\t\t\t\t\t\t\t<a href=\"https:\/\/www.lacommere43.fr\/component\/banners\/click\/823.html\" target=\"_blank\" title=\"O2 Coiffure 2021\" rel=\"noopener\"><br \/>\n\t\t\t\t\t\t\t<img decoding=\"async\" loading=\"lazy\" src=\"https:\/\/www.europesays.com\/fr\/wp-content\/uploads\/2025\/11\/O2.gif\" alt=\"O2 Coiffure 2021\"\/><br \/>\n\t\t\t\t\t\t<\/a><\/p>\n<p>\t\t\t\t\t\t\t\t\t\t\t\t\t\t\t\t\t\t\t\t\t\t\t\t\t\t\t\t\t\t\t\t\t\t\t\t\t\t\t\t\t\t\t\t\t\t\t\t\t\t\t\t\t\t\t\t\t\t\t\t\t\t\t<a href=\"https:\/\/www.lacommere43.fr\/component\/banners\/click\/1754.html\" target=\"_blank\" title=\"Annonces l\u00e9gales Une\" rel=\"noopener\"><br \/>\n\t\t\t\t\t\t\t<img decoding=\"async\" loading=\"lazy\" src=\"https:\/\/www.europesays.com\/fr\/wp-content\/uploads\/2025\/07\/CARRE.gif\" alt=\"Annonces l\u00e9gales Une\"\/><br \/>\n\t\t\t\t\t\t<\/a><\/p>\n<p><strong>Depuis le 29 septembre, la ligne SNCF Le Puy-en-Velay\/Firminy est ferm\u00e9e pour permettre d&rsquo;importants travaux en gare du Puy, sur les parois rocheuses \u00e0 Chamali\u00e8res et Beauzac et sur des ouvrages d&rsquo;art \u00e0 Aurec-sur-Loire. La r\u00e9ouverture pr\u00e9vue le vendredi 12 d\u00e9cembre est toujours d&rsquo;actualit\u00e9 selon SNCF R\u00e9seau.<\/strong><\/p>\n<p>Les \u00e9quipes de SNCF R\u00e9seau interviennent en gare du Puy-en-Velay afin de renouveler les composants de la voie ferr\u00e9e (rails, traverses, ballast) et r\u00e9alisent des travaux hydrauliques.<\/p>\n<p><strong>Des ouvrages d&rsquo;art et de terre<\/strong><\/p>\n<p>Sur la section de ligne entre Le Puy-en-Velay et Firminy, les travaux consistent \u00e0 r\u00e9g\u00e9n\u00e9rer des ouvrages d\u2019art (pont ferroviaire de Sem\u00e8ne), \u00e0 s\u00e9curiser des parois rocheuses et conforter des talus (au niveau de la tranch\u00e9e de Chadrac et des tunnels de Bout\u00e8re, Nantet, Gournier et Mesonnet), et \u00e0 remplacer des installations de signalisation.<\/p>\n<p>Le chantier s&rsquo;\u00e9l\u00e8ve \u00e0 5,7 millions d\u2019euros financ\u00e9s par l\u2019Etat (76,5%), la R\u00e9gion Auvergne-Rh\u00f4ne-Alpes (15%) et SNCF R\u00e9seau (8,5%). Ces travaux doivent permettre de maintenir le niveau de performance actuel de la desserte entre Le Puy-en-Velay et Firminy, de garantir la s\u00e9curit\u00e9 et la r\u00e9gularit\u00e9 de cette section de ligne.<\/p>\n<p><strong>Une d\u00e9charge sauvage nettoy\u00e9e<\/strong><\/p>\n<p>Soixante agents sont engag\u00e9s sur ce multiple chantier qui s&rsquo;\u00e9tire sur 70 km. En gare du Puy, 3000 tonnes de ballast sont pos\u00e9s. Entre Chamali\u00e8res et Retournac, une d\u00e9charge sauvage a \u00e9t\u00e9 nettoy\u00e9e, 2 tonnes de mat\u00e9riaux ont \u00e9t\u00e9 retir\u00e9s, 250 arbres coup\u00e9s et 3300 m2 de grillage sont pos\u00e9s sur cette roche friable dont les chutes obstruaient r\u00e9guli\u00e8rement les voies et entra\u00eenaient des perturbations.<\/p>\n<p>Le chantier aborde la derni\u00e8re ligne droite. A l&rsquo;heure actuelle, SNCF R\u00e9seau maintient le retour des trains en soir\u00e9e du 12 d\u00e9cembre.<\/p><\/p>\n","protected":false},"excerpt":{"rendered":"Depuis le 29 septembre, la ligne SNCF Le Puy-en-Velay\/Firminy est ferm\u00e9e pour permettre d&rsquo;importants travaux en gare du&hellip;\n","protected":false},"author":2,"featured_media":543061,"comment_status":"","ping_status":"","sticky":false,"template":"","format":"standard","meta":{"footnotes":""},"categories":[9653],"tags":[1111,2281,11,2430,1777,674,2282,1011,27,2280,2284,2285,2283,12,25,4001],"class_list":{"0":"post-546938","1":"post","2":"type-post","3":"status-publish","4":"format-standard","5":"has-post-thumbnail","7":"category-saint-etienne","8":"tag-actu","9":"tag-actualite-43","10":"tag-actualites","11":"tag-auvergne-rhone-alpes","12":"tag-eu","13":"tag-europe","14":"tag-faits-divers-auvergne","15":"tag-fr","16":"tag-france","17":"tag-information-haute-loire","18":"tag-infos-43","19":"tag-journal-haute-loire","20":"tag-la-commere-43","21":"tag-news","22":"tag-republique-francaise","23":"tag-saint-etienne"},"share_on_mastodon":{"url":"https:\/\/pubeurope.com\/@fr\/115582357080528313","error":""},"_links":{"self":[{"href":"https:\/\/www.europesays.com\/fr\/wp-json\/wp\/v2\/posts\/546938","targetHints":{"allow":["GET"]}}],"collection":[{"href":"https:\/\/www.europesays.com\/fr\/wp-json\/wp\/v2\/posts"}],"about":[{"href":"https:\/\/www.europesays.com\/fr\/wp-json\/wp\/v2\/types\/post"}],"author":[{"embeddable":true,"href":"https:\/\/www.europesays.com\/fr\/wp-json\/wp\/v2\/users\/2"}],"replies":[{"embeddable":true,"href":"https:\/\/www.europesays.com\/fr\/wp-json\/wp\/v2\/comments?post=546938"}],"version-history":[{"count":0,"href":"https:\/\/www.europesays.com\/fr\/wp-json\/wp\/v2\/posts\/546938\/revisions"}],"wp:featuredmedia":[{"embeddable":true,"href":"https:\/\/www.europesays.com\/fr\/wp-json\/wp\/v2\/media\/543061"}],"wp:attachment":[{"href":"https:\/\/www.europesays.com\/fr\/wp-json\/wp\/v2\/media?parent=546938"}],"wp:term":[{"taxonomy":"category","embeddable":true,"href":"https:\/\/www.europesays.com\/fr\/wp-json\/wp\/v2\/categories?post=546938"},{"taxonomy":"post_tag","embeddable":true,"href":"https:\/\/www.europesays.com\/fr\/wp-json\/wp\/v2\/tags?post=546938"}],"curies":[{"name":"wp","href":"https:\/\/api.w.org\/{rel}","templated":true}]}}