{"id":546939,"date":"2025-11-20T13:52:17","date_gmt":"2025-11-20T13:52:17","guid":{"rendered":"https:\/\/www.europesays.com\/fr\/546939\/"},"modified":"2025-11-20T13:52:17","modified_gmt":"2025-11-20T13:52:17","slug":"le-pere-condamne-a-12-ans-de-reclusion-criminelle","status":"publish","type":"post","link":"https:\/\/www.europesays.com\/fr\/546939\/","title":{"rendered":"le p\u00e8re condamn\u00e9 \u00e0 12 ans de r\u00e9clusion criminelle"},"content":{"rendered":"<p>Au bout de deux jours de proc\u00e8s, le verdict est tomb\u00e9 dans la soir\u00e9e de mercredi \u00e0 jeudi dans cette affaire de viol incestueux. Apr\u00e8s des t\u00e9moignages poignants, les avocats ont plaid\u00e9.<\/p>\n<p>\u2003La plaidoirie de Me Charlotte Balique, avocate de la partie civile, \u00e9tait tout en retenue pour d\u00e9crire la vie fracass\u00e9e de la victime. \u00ab\u00a0Je pratique beaucoup le droit de la famille. Et dans toutes les familles, quels que soient les probl\u00e8mes, on arrive toujours \u00e0 voir, sur un temps court, un peu d\u2019amour. L\u00e0, depuis deux jours d\u2019audience, on est sur le n\u00e9ant. Est-ce qu\u2019un p\u00e8re peut faire \u00e7a\u00a0? \u00c9videmment non. Une petite fille, quand elle parle de son p\u00e8re, elle a des \u00e9toiles dans les yeux. Un p\u00e8re,&#8230;<\/p>\n","protected":false},"excerpt":{"rendered":"Au bout de deux jours de proc\u00e8s, le verdict est tomb\u00e9 dans la soir\u00e9e de mercredi \u00e0 jeudi&hellip;\n","protected":false},"author":2,"featured_media":546940,"comment_status":"","ping_status":"","sticky":false,"template":"","format":"standard","meta":{"footnotes":""},"categories":[9653],"tags":[1111,11,2430,271,272,7539,1777,674,274,107,1011,27,3367,12,25,4001,7538],"class_list":{"0":"post-546939","1":"post","2":"type-post","3":"status-publish","4":"format-standard","5":"has-post-thumbnail","7":"category-saint-etienne","8":"tag-actu","9":"tag-actualites","10":"tag-auvergne-rhone-alpes","11":"tag-crime","12":"tag-delit-et-contravention","13":"tag-edition-loire-sud","14":"tag-eu","15":"tag-europe","16":"tag-faits-divers-justice","17":"tag-fil-info","18":"tag-fr","19":"tag-france","20":"tag-loire","21":"tag-news","22":"tag-republique-francaise","23":"tag-saint-etienne","24":"tag-saint-etienne-ville"},"share_on_mastodon":{"url":"https:\/\/pubeurope.com\/@fr\/115582359506784748","error":""},"_links":{"self":[{"href":"https:\/\/www.europesays.com\/fr\/wp-json\/wp\/v2\/posts\/546939","targetHints":{"allow":["GET"]}}],"collection":[{"href":"https:\/\/www.europesays.com\/fr\/wp-json\/wp\/v2\/posts"}],"about":[{"href":"https:\/\/www.europesays.com\/fr\/wp-json\/wp\/v2\/types\/post"}],"author":[{"embeddable":true,"href":"https:\/\/www.europesays.com\/fr\/wp-json\/wp\/v2\/users\/2"}],"replies":[{"embeddable":true,"href":"https:\/\/www.europesays.com\/fr\/wp-json\/wp\/v2\/comments?post=546939"}],"version-history":[{"count":0,"href":"https:\/\/www.europesays.com\/fr\/wp-json\/wp\/v2\/posts\/546939\/revisions"}],"wp:featuredmedia":[{"embeddable":true,"href":"https:\/\/www.europesays.com\/fr\/wp-json\/wp\/v2\/media\/546940"}],"wp:attachment":[{"href":"https:\/\/www.europesays.com\/fr\/wp-json\/wp\/v2\/media?parent=546939"}],"wp:term":[{"taxonomy":"category","embeddable":true,"href":"https:\/\/www.europesays.com\/fr\/wp-json\/wp\/v2\/categories?post=546939"},{"taxonomy":"post_tag","embeddable":true,"href":"https:\/\/www.europesays.com\/fr\/wp-json\/wp\/v2\/tags?post=546939"}],"curies":[{"name":"wp","href":"https:\/\/api.w.org\/{rel}","templated":true}]}}