{"id":546941,"date":"2025-11-20T13:53:27","date_gmt":"2025-11-20T13:53:27","guid":{"rendered":"https:\/\/www.europesays.com\/fr\/546941\/"},"modified":"2025-11-20T13:53:27","modified_gmt":"2025-11-20T13:53:27","slug":"un-couple-de-nancy-auditionne-par-lassemblee-nationale","status":"publish","type":"post","link":"https:\/\/www.europesays.com\/fr\/546941\/","title":{"rendered":"un couple de Nancy auditionn\u00e9 par l\u2019Assembl\u00e9e nationale"},"content":{"rendered":"<p>Ils approchent de la quarantaine. Il ne leur manque rien \u00e0 part cet enfant qu\u2019ils essaient d\u2019avoir depuis l\u2019ann\u00e9e 2020. D\u00e9but novembre, Aur\u00e9lie et Guillaume Bernet, membres du collectif BAMP 54, une association de patients et d\u2019anciens patients de l\u2019assistance m\u00e9dicale \u00e0 la procr\u00e9ation (AMP), ont pris leur courage \u00e0 deux mains pour raconter leur histoire \u00e0 l\u2019occasion d\u2019une commission d\u2019enqu\u00eate de l\u2019Assembl\u00e9e nationale. \u00ab\u00a0J\u2019ai eu trois ins\u00e9minations et quatre FIV (f\u00e9condation in vitro), 23 embryons, 15 transferts et autant d\u2019\u00e9checs\u00a0\u00bb, r\u00e9v\u00e8le Aur\u00e9lie Bernet. Des chiffres qui ne disent&#8230;<\/p>\n","protected":false},"excerpt":{"rendered":"Ils approchent de la quarantaine. Il ne leur manque rien \u00e0 part cet enfant qu\u2019ils essaient d\u2019avoir depuis&hellip;\n","protected":false},"author":2,"featured_media":546942,"comment_status":"","ping_status":"","sticky":false,"template":"","format":"standard","meta":{"footnotes":""},"categories":[9635],"tags":[1111,11,1777,674,107,1011,27,775,5362,1702,12,3456,25,71,104],"class_list":{"0":"post-546941","1":"post","2":"type-post","3":"status-publish","4":"format-standard","5":"has-post-thumbnail","7":"category-nancy","8":"tag-actu","9":"tag-actualites","10":"tag-eu","11":"tag-europe","12":"tag-fil-info","13":"tag-fr","14":"tag-france","15":"tag-grand-est","16":"tag-magazine-sante","17":"tag-nancy","18":"tag-news","19":"tag-region-lorraine","20":"tag-republique-francaise","21":"tag-sante","22":"tag-societe"},"share_on_mastodon":{"url":"https:\/\/pubeurope.com\/@fr\/115582363605777738","error":""},"_links":{"self":[{"href":"https:\/\/www.europesays.com\/fr\/wp-json\/wp\/v2\/posts\/546941","targetHints":{"allow":["GET"]}}],"collection":[{"href":"https:\/\/www.europesays.com\/fr\/wp-json\/wp\/v2\/posts"}],"about":[{"href":"https:\/\/www.europesays.com\/fr\/wp-json\/wp\/v2\/types\/post"}],"author":[{"embeddable":true,"href":"https:\/\/www.europesays.com\/fr\/wp-json\/wp\/v2\/users\/2"}],"replies":[{"embeddable":true,"href":"https:\/\/www.europesays.com\/fr\/wp-json\/wp\/v2\/comments?post=546941"}],"version-history":[{"count":0,"href":"https:\/\/www.europesays.com\/fr\/wp-json\/wp\/v2\/posts\/546941\/revisions"}],"wp:featuredmedia":[{"embeddable":true,"href":"https:\/\/www.europesays.com\/fr\/wp-json\/wp\/v2\/media\/546942"}],"wp:attachment":[{"href":"https:\/\/www.europesays.com\/fr\/wp-json\/wp\/v2\/media?parent=546941"}],"wp:term":[{"taxonomy":"category","embeddable":true,"href":"https:\/\/www.europesays.com\/fr\/wp-json\/wp\/v2\/categories?post=546941"},{"taxonomy":"post_tag","embeddable":true,"href":"https:\/\/www.europesays.com\/fr\/wp-json\/wp\/v2\/tags?post=546941"}],"curies":[{"name":"wp","href":"https:\/\/api.w.org\/{rel}","templated":true}]}}