{"id":546951,"date":"2025-11-20T13:59:19","date_gmt":"2025-11-20T13:59:19","guid":{"rendered":"https:\/\/www.europesays.com\/fr\/546951\/"},"modified":"2025-11-20T13:59:19","modified_gmt":"2025-11-20T13:59:19","slug":"entrainement-en-public-seances-dautographes-le-basket-lattes-montpellier-a-seduit-le-vaucluse","status":"publish","type":"post","link":"https:\/\/www.europesays.com\/fr\/546951\/","title":{"rendered":"entra\u00eenement en public, s\u00e9ances d&rsquo;autographes, le Basket Lattes Montpellier a s\u00e9duit le Vaucluse"},"content":{"rendered":"<p>Ce mercredi 19\u00a0novembre, le cosec Moretti, qui sert de camp de base \u00e0 <a href=\"https:\/\/www.laprovence.com\/article\/sports\/1271411325276414\/basket-nationale-2-les-raisons-de-larrivee-de-frederic-carrion-a-avignon-le-pontet\" target=\"_blank\" rel=\"noopener\">Avignon-Le Pontet<\/a>, a accueilli l\u2019\u00e9quipe de <a href=\"https:\/\/www.laprovence.com\/article\/sports\/3322927736834114\/basket-nationale-2-masculine-malmene-par-montpellier-durant-tout-le-match-le-smuc-passe-par-un-trou-de-souris\" target=\"_blank\" rel=\"noopener\">Montpellier<\/a> Basketball Lattes, actuellement 3e de \u00ab\u00a0La Boulang\u00e8re Wonderligue\u00a0\u00bb (1\u00e8re division professionnelle f\u00e9minine). Un \u00e9v\u00e9nement sp\u00e9cial, qui n\u2019a pas manqu\u00e9 de faire r\u00e9agir et d\u2019attirer du monde.<\/p>\n<p>Tout commence \u00e0 16h30, avec un entra\u00eenement ouvert au public. D\u00e9couverte du <a href=\"https:\/\/www.laprovence.com\/article\/sports\/6482552985509\/basket-zoe-gras-en-route-pour-le-championnat-du-monde-universitaire-a-barcelone\" target=\"_blank\" rel=\"noopener\">basket f\u00e9minin<\/a> pour certains, rencontre avec \u00ab\u00a0des idoles\u00a0\u00bb pour d\u2019autres\u00a0: tout le monde \u00e9tait conquis. Durant cette s\u00e9ance, les Montpelli\u00e9raines n\u2019ont pas h\u00e9sit\u00e9 \u00e0 montrer toute l\u2019\u00e9tendue de leur talent, notamment gr\u00e2ce \u00e0 leur adresse \u00e0 trois points. Petites comme grands, elles n\u2019ont eu aucune difficult\u00e9 \u00e0 convaincre le public.<\/p>\n<p>\u00c0 la fin de l\u2019entra\u00eenement, le moment tant attendu des d\u00e9dicaces est arriv\u00e9\u00a0: l\u2019occasion parfaite pour \u00e9changer avec les stars du parquet.<\/p>\n<p>\u00ab\u00a0On ne connaissait pas trop le basket f\u00e9minin, mais maintenant on va essayer d\u2019en regarder plus\u00a0\u00bb<\/p>\n<p>C\u2019est le cas de Tim\u00e9o (10\u00a0ans) et Lucas (9\u00a0ans), pour qui ce moment restera grav\u00e9. Bien qu\u2019ils ne connaissaient pas cette \u00e9quipe auparavant, ils n\u2019ont pas h\u00e9sit\u00e9 une seule seconde \u00e0 venir assister \u00e0 l\u2019entra\u00eenement.<\/p>\n<p>\u00ab\u00a0On ne joue pas ici, mais on voulait absolument venir voir cet entra\u00eenement. Ce sont des pros, \u00e7a nous entra\u00eene, \u00e7a nous donne des consignes, on prend des consignes, indiquent les deux basketteurs.\u202fOn ne connaissait pas trop le basket f\u00e9minin, mais maintenant on va essayer d\u2019en regarder plus. C\u2019est vraiment beau \u00e0 voir.\u00a0\u00bb<\/p>\n<p>\u00ab\u00a0C\u2019est g\u00e9nial de partager des choses avec elles et le public\u202fc\u2019est toujours un plaisir\u00a0\u00bb, confie, pour sa part, Ma\u00eblys Dupont, jeune joueuse du BLMA.<\/p>\n<p>Val\u00e9ry Demory : \u00ab\u00a0Si \u00e7a peut aider les gens \u00e0 d\u00e9couvrir le basket f\u00e9minin \u00e0 haut niveau (\u2026), \u00e7a me pla\u00eet\u00a0\u00bb<\/p>\n<p>Pour l\u2019entra\u00eeneur Val\u00e9ry Demory, ancien joueur de l\u2019\u00e9quipe de France masculine (121 s\u00e9lections), la question des entra\u00eenements ouverts au public suscite une r\u00e9ponse pertinente. \u00ab\u00a0Je ne cache pas qu\u2019on pr\u00e9f\u00e8re s\u2019entra\u00eener chez nous dans nos infrastructures. Mais si \u00e7a peut aider les gens \u00e0 d\u00e9couvrir le basket f\u00e9minin \u00e0 haut niveau et donner envie aux jeunes filles de s\u2019entra\u00eener, \u00e0 ce moment-l\u00e0, \u00e7a me pla\u00eet\u00a0\u00bb, indique l\u2019entra\u00eeneur du BLMA.<\/p>\n<p>La journ\u00e9e s\u2019est conclue sur une revalidation pour les entra\u00eeneurs sud r\u00e9alis\u00e9e par Val\u00e9ry Demory et Gurvan Morvan (coach adjoint du BLMA). Un moment, une fois de plus ouvert au public, qui a laiss\u00e9 appara\u00eetre de nombreux sourires, y compris ceux des tacticiens pr\u00e9sents.<\/p>\n","protected":false},"excerpt":{"rendered":"Ce mercredi 19\u00a0novembre, le cosec Moretti, qui sert de camp de base \u00e0 Avignon-Le Pontet, a accueilli l\u2019\u00e9quipe&hellip;\n","protected":false},"author":2,"featured_media":546952,"comment_status":"","ping_status":"","sticky":false,"template":"","format":"standard","meta":{"footnotes":""},"categories":[9599],"tags":[17,1111,11,1465,1791,66496,6769,1777,674,1011,27,66497,2208,12,2680,3532,25,1786,60],"class_list":{"0":"post-546951","1":"post","2":"type-post","3":"status-publish","4":"format-standard","5":"has-post-thumbnail","7":"category-montpellier","8":"tag-17","9":"tag-actu","10":"tag-actualites","11":"tag-basket","12":"tag-basket-ball","13":"tag-dautographes","14":"tag-entrainement","15":"tag-eu","16":"tag-europe","17":"tag-fr","18":"tag-france","19":"tag-lattes","20":"tag-montpellier","21":"tag-news","22":"tag-occitanie","23":"tag-public","24":"tag-republique-francaise","25":"tag-seances","26":"tag-sports"},"share_on_mastodon":{"url":"https:\/\/pubeurope.com\/@fr\/115582387257630702","error":""},"_links":{"self":[{"href":"https:\/\/www.europesays.com\/fr\/wp-json\/wp\/v2\/posts\/546951","targetHints":{"allow":["GET"]}}],"collection":[{"href":"https:\/\/www.europesays.com\/fr\/wp-json\/wp\/v2\/posts"}],"about":[{"href":"https:\/\/www.europesays.com\/fr\/wp-json\/wp\/v2\/types\/post"}],"author":[{"embeddable":true,"href":"https:\/\/www.europesays.com\/fr\/wp-json\/wp\/v2\/users\/2"}],"replies":[{"embeddable":true,"href":"https:\/\/www.europesays.com\/fr\/wp-json\/wp\/v2\/comments?post=546951"}],"version-history":[{"count":0,"href":"https:\/\/www.europesays.com\/fr\/wp-json\/wp\/v2\/posts\/546951\/revisions"}],"wp:featuredmedia":[{"embeddable":true,"href":"https:\/\/www.europesays.com\/fr\/wp-json\/wp\/v2\/media\/546952"}],"wp:attachment":[{"href":"https:\/\/www.europesays.com\/fr\/wp-json\/wp\/v2\/media?parent=546951"}],"wp:term":[{"taxonomy":"category","embeddable":true,"href":"https:\/\/www.europesays.com\/fr\/wp-json\/wp\/v2\/categories?post=546951"},{"taxonomy":"post_tag","embeddable":true,"href":"https:\/\/www.europesays.com\/fr\/wp-json\/wp\/v2\/tags?post=546951"}],"curies":[{"name":"wp","href":"https:\/\/api.w.org\/{rel}","templated":true}]}}