{"id":546953,"date":"2025-11-20T14:00:13","date_gmt":"2025-11-20T14:00:13","guid":{"rendered":"https:\/\/www.europesays.com\/fr\/546953\/"},"modified":"2025-11-20T14:00:13","modified_gmt":"2025-11-20T14:00:13","slug":"mais-qui-est-son-concepteur","status":"publish","type":"post","link":"https:\/\/www.europesays.com\/fr\/546953\/","title":{"rendered":"mais qui est son concepteur\u00a0?"},"content":{"rendered":"<p>                    Par<br \/>\n        <strong><br \/>\n            <a href=\"https:\/\/actu.fr\/auteur\/isabellevilly\" title=\"Consulter tous les articles de Isabelle Villy\" rel=\"nofollow noopener\" target=\"_blank\">Isabelle Villy<\/a><br \/>\n                    <\/strong><\/p>\n<p>        Publi\u00e9 le<\/p>\n<p>            20 nov. 2025 \u00e0 14h06        <\/p>\n<p>Avis aux passionn\u00e9s (mais pas que).\u00a0Le Salon normand de l\u2019artisanat coutelier (SNAC) revient pour sa 4\u00e8me \u00e9dition, les samedi 22 et dimanche 23 novembre 2025 \u00e0 <a href=\"https:\/\/actu.fr\/normandie\/rouen_76540\" rel=\"nofollow noopener\" target=\"_blank\">Rouen.<\/a> Une cinquantaine de couteliers venue des quatre coins de France seront pr\u00e9sents sous l\u2019\u00e9gide d\u2019\u00c9ric Raoult, invit\u00e9 d\u2019honneur. A cette occasion, une tombola est organis\u00e9e pour tenter de repartir avec une petite p\u00e9pite : <strong>un couteau Alpine n\u00b02 de Durier Coutellerie \u00e0 Fry.<\/strong><\/p>\n<p>Pour l\u2019amour de la cr\u00e9ation<\/p>\n<p class=\" wall-content\">\u00c0 40 ans, Romain Durier, le patron, s\u2019est install\u00e9 il y a trois ans \u00ab apr\u00e8s un changement de parcours\u00a0\u00bb.<\/p>\n<blockquote class=\"ac-article-quote wall-content\">\n<p>J&rsquo;\u00e9tais directeur de production chez Mecanolav \u00e0 Neufch\u00e2tel-en-Bray. J&rsquo;ai voulu voir autre chose, alors en couple, nous sommes partis deux ans pour un tour du monde o\u00f9 nous avons travers\u00e9 une vingtaine de pays.<\/p>\n<p>    <strong>Romain Durier <\/strong>\n            <\/p><\/blockquote>\n<p class=\" wall-content\">\u00c0 son retour, il a rachet\u00e9 <strong>une usine de chaudronnerie \u00e0 Gisors<\/strong>, qu\u2019il a redress\u00e9e, puis revendue trois ans plus tard. \u00ab C\u2019est l\u00e0 que j\u2019ai voulu faire totalement autre chose. Travailler pour moi et avec mes mains. C\u2019\u00e9tait dans mon ADN. Comme j\u2019ai toujours \u00e9t\u00e9 attir\u00e9 par la coutellerie et qu\u2019au m\u00eame moment, au d\u00e9c\u00e8s de mon grand-p\u00e8re, j\u2019ai retrouv\u00e9 son vieux couteau, cela m\u2019a fait un d\u00e9clic \u00bb, poursuit l\u2019artisan. D\u00e8s lors, Romain Durier fait quelques formations \u00ab pour avoir les bases, mais sans jamais vouloir \u00eatre endoctrin\u00e9 \u00bb, et \u00e9change avec d\u2019autres couteliers \u00ab pour me rendre compte du potentiel cr\u00e9atif qu\u2019\u00e0 cet artisanat \u00bb.<\/p>\n<p class=\" wall-content\">Il imagine ensuite sa premi\u00e8re gamme, \u00ab<strong> Le Normand dit<\/strong>. Sur la base du Rouennais, typiquement normand, pliant avec ses cinq clous, je fabrique alors un mod\u00e8le avec la m\u00eame lame, la m\u00eame saign\u00e9e, un manche en bois de pommier, mais avec un verrouillage exclusif \u00bb, pr\u00e9cise Romain Durier.\u00a0<\/p>\n<p>Vid\u00e9os : en ce moment sur ActuDu D\u00e9barquement \u00e0 la Formule 1<\/p>\n<p class=\" wall-content\">Depuis, le coutelier s\u2019est surtout fait conna\u00eetre pour <strong>ses s\u00e9ries limit\u00e9es<\/strong> et ses mod\u00e8les \u00e0 la demande. En effet, pour le <a href=\"https:\/\/actu.fr\/tag\/80e-anniversaire-du-debarquement\" rel=\"nofollow noopener\" target=\"_blank\">80e anniversaire du D\u00e9barquement<\/a>, Romain Durier a con\u00e7u un couteau \u00e0 base \u00ab d\u2019un ressort de Jeep Willis. Pour les <strong>70\u00a0ans d\u2019Alpine<\/strong>, pour mettre en avant l\u2019\u00e9v\u00e9nement autrement que par une gravure, car tout le monde sait le faire, j\u2019ai r\u00e9cup\u00e9r\u00e9 une aile froiss\u00e9e d\u2019une A310 au centre Alpine de Rouen, pour int\u00e9grer un morceau d\u2019alu bleu dans les 70 exemplaires. Avec la lame damass\u00e9e, c\u2019est du plus bel effet. D\u2019ailleurs, ils ont tous \u00e9t\u00e9 vendus lors de la pr\u00e9-r\u00e9servation en deux semaines \u00bb, remarque l\u2019artisan.<\/p>\n<p class=\" wall-content\">Pour r\u00e9pondre \u00e0 la demande, Romain Durier va sortir le \u00ab\u00a0n\u00b02. \u00ab\u00a0Ce ne sera pas le m\u00eame que la s\u00e9rie num\u00e9rot\u00e9e. Le lancement se fera lors du SNAC 2025 et un exemplaire sera \u00e0 gagner \u00e0 la tombola\u00a0\u00bb, pr\u00e9cise-t-il.<\/p>\n<p>Votre r\u00e9gion, votre actu !<\/p>\n<p>Recevez chaque jour les infos qui comptent pour vous.<\/p>\n<p>\t<a href=\"https:\/\/actu.fr\/newsletter\" class=\"ac-btn ac-btn--corner ac-btn--medium ac-btn--blue800\" rel=\"nofollow noopener\" target=\"_blank\">S&rsquo;incrire<\/a><br \/>\nDu sur-mesure<\/p>\n<p class=\" wall-content\">Pour d\u2019autres clients, il fait aussi des 100 % sur-mesure comme pour ce m\u00e9decin qui intervient sur le circuit de <strong>F1 \u00e0 Monaco<\/strong> \u00ab avec des \u00e9l\u00e9ments d\u2019une monoplace accident\u00e9e \u00bb, ou ce passionn\u00e9 du cirque \u00ab qui a voulu un mod\u00e8le qui repr\u00e9sente le chapiteau et la toison de son cheval. De fa\u00e7on g\u00e9n\u00e9rale, j\u2019ai plein d\u2019id\u00e9es. Ce qui me manque, c\u2019est du temps. Je r\u00e9fl\u00e9chis par exemple \u00e0 un couteau symbole du fromage de Neufch\u00e2tel, pour le mill\u00e9naire de Guillaume le Conqu\u00e9rant ou encore \u00e0 partir du bateau de Charlie Dalin, vainqueur du Vend\u00e9e Globe 2024 \u00bb.<\/p>\n<p>SNAC, le samedi 22\u00a0novembre de 9 h \u00e0 18 h et le dimanche 23\u00a0novembre de 10 h \u00e0 17 h \u00e0 Expotec 103, 13 rue Saint-Gilles, \u00e0 Rouen. Entr\u00e9e : 5\u00a0euros \u2013 gratuit pour les moins de 16\u00a0ans.<\/p>\n<p>Suivez l\u2019actualit\u00e9 de Rouen sur notre <a href=\"https:\/\/www.whatsapp.com\/channel\/0029VaKfnf99hXF2ddApFB1D\" rel=\"nofollow noopener\" target=\"_blank\">cha\u00eene WhatsApp<\/a> et sur notre <a href=\"https:\/\/www.tiktok.com\/@76actu.fr?lang=fr\" rel=\"nofollow noopener\" target=\"_blank\">compte TikTok<\/a><\/p>\n<p class=\" wall-content\">Personnalisez votre actualit\u00e9 en ajoutant vos villes et m\u00e9dias en favori avec <a href=\"https:\/\/moncompte.actu.fr\" title=\"D\u00e9couvez Mon Actu\" rel=\"nofollow noopener\" data-trk=\"{&quot;cta&quot;:{&quot;action&quot;:&quot;https:\\\/\\\/moncompte.actu.fr&quot;,&quot;category&quot;:&quot;mon compte&quot;,&quot;from&quot;:&quot;article footer&quot;,&quot;name&quot;:&quot;Mon actu&quot;,&quot;type&quot;:&quot;cta&quot;}}\" target=\"_blank\">Mon Actu<\/a>.<\/p>\n<p>                    <script async src=\"\/\/www.tiktok.com\/embed.js\"><\/script><\/p>\n","protected":false},"excerpt":{"rendered":"Par Isabelle Villy Publi\u00e9 le 20 nov. 2025 \u00e0 14h06 Avis aux passionn\u00e9s (mais pas que).\u00a0Le Salon normand&hellip;\n","protected":false},"author":2,"featured_media":546954,"comment_status":"","ping_status":"","sticky":false,"template":"","format":"standard","meta":{"footnotes":""},"categories":[9587],"tags":[1111,11,1777,674,1011,27,12,5161,25,9590,104],"class_list":{"0":"post-546953","1":"post","2":"type-post","3":"status-publish","4":"format-standard","5":"has-post-thumbnail","7":"category-rouen","8":"tag-actu","9":"tag-actualites","10":"tag-eu","11":"tag-europe","12":"tag-fr","13":"tag-france","14":"tag-news","15":"tag-normandie","16":"tag-republique-francaise","17":"tag-rouen","18":"tag-societe"},"share_on_mastodon":{"url":"https:\/\/pubeurope.com\/@fr\/115582390971386820","error":""},"_links":{"self":[{"href":"https:\/\/www.europesays.com\/fr\/wp-json\/wp\/v2\/posts\/546953","targetHints":{"allow":["GET"]}}],"collection":[{"href":"https:\/\/www.europesays.com\/fr\/wp-json\/wp\/v2\/posts"}],"about":[{"href":"https:\/\/www.europesays.com\/fr\/wp-json\/wp\/v2\/types\/post"}],"author":[{"embeddable":true,"href":"https:\/\/www.europesays.com\/fr\/wp-json\/wp\/v2\/users\/2"}],"replies":[{"embeddable":true,"href":"https:\/\/www.europesays.com\/fr\/wp-json\/wp\/v2\/comments?post=546953"}],"version-history":[{"count":0,"href":"https:\/\/www.europesays.com\/fr\/wp-json\/wp\/v2\/posts\/546953\/revisions"}],"wp:featuredmedia":[{"embeddable":true,"href":"https:\/\/www.europesays.com\/fr\/wp-json\/wp\/v2\/media\/546954"}],"wp:attachment":[{"href":"https:\/\/www.europesays.com\/fr\/wp-json\/wp\/v2\/media?parent=546953"}],"wp:term":[{"taxonomy":"category","embeddable":true,"href":"https:\/\/www.europesays.com\/fr\/wp-json\/wp\/v2\/categories?post=546953"},{"taxonomy":"post_tag","embeddable":true,"href":"https:\/\/www.europesays.com\/fr\/wp-json\/wp\/v2\/tags?post=546953"}],"curies":[{"name":"wp","href":"https:\/\/api.w.org\/{rel}","templated":true}]}}