{"id":546955,"date":"2025-11-20T14:02:23","date_gmt":"2025-11-20T14:02:23","guid":{"rendered":"https:\/\/www.europesays.com\/fr\/546955\/"},"modified":"2025-11-20T14:02:23","modified_gmt":"2025-11-20T14:02:23","slug":"beaujolais-nouveau-2025-preparez-vos-verres-la-selection-rouen-bouge-pour-une-degustation","status":"publish","type":"post","link":"https:\/\/www.europesays.com\/fr\/546955\/","title":{"rendered":"Beaujolais Nouveau 2025 : Pr\u00e9parez vos verres, la s\u00e9lection Rouen Bouge pour une d\u00e9gustation !"},"content":{"rendered":"<p>            <strong>Soir\u00e9es Beaujolais Nouveau \u00e0 Rouen : La cr\u00e8me des spots o\u00f9 trinquer ce jeudi 20 novembre 2025.<\/strong><\/p>\n<p>C\u2019est le rendez-vous annuel que tout amateur de <strong>quilles l\u00e9g\u00e8res<\/strong> attend. Le fameux <strong>Beaujolais nouveau<\/strong> d\u00e9barque ! Et comme le veut l\u2019immuable tradition, c\u2019est ce <strong>jeudi 20 novembre 2025<\/strong> que l\u2019on pourra enfin le d\u00e9guster (et juger sa robe, son nez, sa bouche\u2026 vous connaissez la chanson).<\/p>\n<p>Alors, quel go\u00fbt aura ce mill\u00e9sime ? Cerise, banane, framboise\u2026 le myst\u00e8re reste entier jusqu\u2019\u00e0 l\u2019ouverture de la premi\u00e8re bouteille. Pas de panique, pour lever le voile dans la meilleure ambiance possible, <strong>Rouen Bouge<\/strong> vous a d\u00e9got\u00e9 les meilleures adresses o\u00f9 c\u00e9l\u00e9brer ce cru tant attendu ! Voici notre s\u00e9lection, bien \u00e9videmment non-exhaustive, des spots o\u00f9 il faudra \u00eatre ce jeudi.<\/p>\n<p>Notre s\u00e9lection des soir\u00e9es Beaujolais \u00e0 Rouen<\/p>\n<p><strong><a href=\"https:\/\/rouen-bouge.fr\/le-beaujolais-nouveau-arrive-aux-halles-biltoki-on-trinque-le-20-novembre\/\" rel=\"nofollow noopener\" target=\"_blank\">Biltoki<\/a>, 1 Bd Ferdinand de Lesseps<\/strong> C\u2019est le spot de vie du quartier des docks. <strong>Biltoki<\/strong> s\u2019associe aux copains de la <strong><a href=\"https:\/\/www.cavespierrenoble.fr\/\" target=\"_blank\" rel=\"noopener nofollow\">Cave Pierre Noble<\/a><\/strong> pour un ap\u00e9ro XXL. De l\u2019espace, du bon vin, et surtout, de quoi vous caler l\u2019estomac. Le lieu parfait pour un afterwork d\u00e9contract\u00e9 et gourmand.<\/p>\n<p><strong>Le Clipper, 11, rue des Boucheries Saint-Ouen<\/strong> Le bar qui vient de rena\u00eetre de ses cendres met les petits plats dans les grands ! <strong>Le Clipper<\/strong> organise une soir\u00e9e en pr\u00e9sence d\u2019un <strong>vigneron<\/strong> pour une d\u00e9gustation experte. Et le meilleur pour la fin : un <strong>buffet de charcuterie et fromage \u00e0 volont\u00e9<\/strong> ! Le paradis des \u00e9picuriens.<\/p>\n<p><strong><a href=\"https:\/\/rouen-bouge.fr\/jaja-sinstalle-rue-du-pere-adam-le-nouveau-qg-des-amateurs-de-vins-a-rouen\/\" rel=\"nofollow noopener\" target=\"_blank\">Jaja<\/a>, 13, rue, du P\u00e8re Adam<\/strong> Chez ce nouveau bar \u00e0 vin qui fait d\u00e9j\u00e0 parler de lui, on mise sur l\u2019efficacit\u00e9 chic. <strong>Jaja<\/strong> vous propose une <strong>formule bouteille et planche mixte<\/strong>. Simple, \u00e9l\u00e9gant, parfait pour trinquer entre amis sans chichis.<\/p>\n<p><strong>Le Pr\u00eachoir, 148, rue Eau de Robec<\/strong> Ambiance garantie rue Eau de Robec ! Au <strong>Pr\u00eachoir<\/strong>, m\u00eame recette gagnante (bouteille et planche) mais avec un petit twist pour l\u2019ambiance : un <strong>DJ set<\/strong> endiabl\u00e9 de <strong>Maison Ulna<\/strong>. Pour faire vibrer le vin\u2026 et la piste de danse !<\/p>\n<p><strong>Louisette, 35, rue Perci\u00e8re<\/strong> La \u00ab <strong>cave \u00e0 manger<\/strong> \u00bb la plus cr\u00e9ative de la ville vous attend. <strong>Louisette<\/strong> propose une formule audacieuse : une bouteille de Beaujolais accompagn\u00e9e de panisses, yaourt aux herbes et zaatar, et tarama de haddock. Parfait pour les palais aventureux !<\/p>\n<p><strong>Le Nash, 97, rue \u00c9cuy\u00e8re<\/strong> L\u2019adresse la plus <strong>insolite<\/strong> de cette s\u00e9lection ? Sans aucun doute ! Au <strong>Nash<\/strong>, on ne se contente pas de servir du vin. On profite d\u2019un duo <strong>guitare-accord\u00e9on<\/strong> pour l\u2019ambiance et, tenez-vous bien, d\u2019une d\u00e9monstration d\u2019un <strong>hypnotiseur<\/strong> ! On parie qu\u2019il essaiera de vous faire oublier la fameuse note de banane du Beaujolais.<\/p>\n<p><strong>L\u2019\u00c9cuyer, 79, rue \u00c9cuy\u00e8re<\/strong> Si le Beaujolais nouveau n\u2019est vraiment pas votre tasse de th\u00e9, pas de panique, <strong>L\u2019\u00c9cuyer<\/strong> a pens\u00e9 \u00e0 vous ! Venez tester leur <strong>sangria sp\u00e9ciale Beaujolais<\/strong> ! Une alternative fun et fruit\u00e9e pour c\u00e9l\u00e9brer la tradition autrement.<\/p>\n<p><strong>Les Explorateurs, 54, rue de la R\u00e9publique<\/strong> Ici, c\u2019est la f\u00eate en mode g\u00e9n\u00e9reux ! <strong>Les Explorateurs<\/strong> vous offrent le <strong>saucisson<\/strong> pour une bouteille achet\u00e9e. Ajoutez \u00e0 cela un jeu concours et l\u2019invitation \u00e0 vous d\u00e9hancher sur la piste de danse. C\u2019est \u00e7a, la convivialit\u00e9 !<\/p>\n<p>L\u2019abus d\u2019alcool est dangereux pour la sant\u00e9, il faut le consommer avec mod\u00e9ration.<\/p>\n<p style=\"margin: 0; color: #000000; font-size: 16px; font-weight: bold;\">\u00c0 voir aussi sur Rouen Bouge<\/p>\n<\/p>\n<p>                    \u2716\n                <\/p>\n","protected":false},"excerpt":{"rendered":"Soir\u00e9es Beaujolais Nouveau \u00e0 Rouen : La cr\u00e8me des spots o\u00f9 trinquer ce jeudi 20 novembre 2025. C\u2019est&hellip;\n","protected":false},"author":2,"featured_media":546956,"comment_status":"","ping_status":"","sticky":false,"template":"","format":"standard","meta":{"footnotes":""},"categories":[9587],"tags":[1111,11,1777,674,1011,27,12,5161,25,9590],"class_list":{"0":"post-546955","1":"post","2":"type-post","3":"status-publish","4":"format-standard","5":"has-post-thumbnail","7":"category-rouen","8":"tag-actu","9":"tag-actualites","10":"tag-eu","11":"tag-europe","12":"tag-fr","13":"tag-france","14":"tag-news","15":"tag-normandie","16":"tag-republique-francaise","17":"tag-rouen"},"share_on_mastodon":{"url":"https:\/\/pubeurope.com\/@fr\/115582399018377684","error":""},"_links":{"self":[{"href":"https:\/\/www.europesays.com\/fr\/wp-json\/wp\/v2\/posts\/546955","targetHints":{"allow":["GET"]}}],"collection":[{"href":"https:\/\/www.europesays.com\/fr\/wp-json\/wp\/v2\/posts"}],"about":[{"href":"https:\/\/www.europesays.com\/fr\/wp-json\/wp\/v2\/types\/post"}],"author":[{"embeddable":true,"href":"https:\/\/www.europesays.com\/fr\/wp-json\/wp\/v2\/users\/2"}],"replies":[{"embeddable":true,"href":"https:\/\/www.europesays.com\/fr\/wp-json\/wp\/v2\/comments?post=546955"}],"version-history":[{"count":0,"href":"https:\/\/www.europesays.com\/fr\/wp-json\/wp\/v2\/posts\/546955\/revisions"}],"wp:featuredmedia":[{"embeddable":true,"href":"https:\/\/www.europesays.com\/fr\/wp-json\/wp\/v2\/media\/546956"}],"wp:attachment":[{"href":"https:\/\/www.europesays.com\/fr\/wp-json\/wp\/v2\/media?parent=546955"}],"wp:term":[{"taxonomy":"category","embeddable":true,"href":"https:\/\/www.europesays.com\/fr\/wp-json\/wp\/v2\/categories?post=546955"},{"taxonomy":"post_tag","embeddable":true,"href":"https:\/\/www.europesays.com\/fr\/wp-json\/wp\/v2\/tags?post=546955"}],"curies":[{"name":"wp","href":"https:\/\/api.w.org\/{rel}","templated":true}]}}