{"id":546957,"date":"2025-11-20T14:03:11","date_gmt":"2025-11-20T14:03:11","guid":{"rendered":"https:\/\/www.europesays.com\/fr\/546957\/"},"modified":"2025-11-20T14:03:11","modified_gmt":"2025-11-20T14:03:11","slug":"je-pense-queric-piolle-ne-vit-pas-dans-la-meme-ville-que-nous","status":"publish","type":"post","link":"https:\/\/www.europesays.com\/fr\/546957\/","title":{"rendered":"\u00ab\u00a0Je pense qu\u2019\u00c9ric Piolle ne vit pas dans la m\u00eame ville que nous\u00a0\u00bb"},"content":{"rendered":"<p>La conf\u00e9rence de presse portait sur la s\u00e9curit\u00e9 \u00e0 Grenoble, sur les propositions de la liste \u00ab\u00a0R\u00e9concilier Grenoble\u00a0\u00bb. Le lieu avait \u00e9t\u00e9 choisi en connaissance de cause, sur la place Andr\u00e9 Malraux, non loin d\u2019un des gros points de deal de la ville. Et le candidat <a href=\"https:\/\/www.ledauphine.com\/p\/alain-carignon\" target=\"_blank\" rel=\"noopener\">Alain Carignon<\/a> (LR) l\u2019a commenc\u00e9 en faisant un commentaire sur les r\u00e9cents propos de l\u2019actuel maire <a href=\"https:\/\/www.ledauphine.com\/p\/eric-piolle\" target=\"_blank\" rel=\"noopener\">\u00c9ric Piolle<\/a>, pendant le Congr\u00e8s des maires et aussi dans <a href=\"https:\/\/www.lopinion.fr\/politique\/municipales-maires-ecologistes-la-debacle-qui-vient\" target=\"_blank\" rel=\"noopener\">l\u2019article du journal  L\u2019Opinion <\/a> o\u00f9, interrog\u00e9 sur les trafics, il a notamment dit\u00a0: \u00ab\u00a0Il y a \u00e9videmment\u00a0des violences li\u00e9es aux affrontements entre narcotrafiquants\u00a0et l\u2019exploitation des mineurs non accompagn\u00e9s. Mais l\u2019exp\u00e9rience\u00a0quotidienne\u00a0des Grenoblois n\u2019est pas celle-l\u00e0. Les dealers, ils ne les croisent pas en ville.\u00a0\u00bb<\/p>\n<p>\u00ab\u00a0Je pense qu\u2019\u00c9ric Piolle ne vit pas dans la m\u00eame ville que nous, il ne conna\u00eet pas la r\u00e9alit\u00e9 de la vie des habitants\u00a0\u00bb, a r\u00e9torqu\u00e9 Alain Carignon en montrant \u00e0 la presse les sites de deal tout proches, et en rappelant aussi les drames qui ont eu lieu dans les environs. <a href=\"https:\/\/www.ledauphine.com\/faits-divers-justice\/2024\/10\/23\/un-adolescent-de-15-ans-tue-par-balle-dans-le-quartier-hoche\" target=\"_blank\" rel=\"noopener\">En octobre\u00a02024, un adolescent avait \u00e9t\u00e9 tu\u00e9 d\u2019une balle en pleine t\u00eate dans ce quartier Hoche.<\/a><\/p>\n<p>Mercredi lors du Congr\u00e8s des maires, o\u00f9 le narcotrafic s\u2019est impos\u00e9 comme l\u2019un des sujets centraux du Congr\u00e8s des maires de France, \u00c9ric Piolle avait de son c\u00f4t\u00e9 d\u00e9fendu sa position\u00a0: pour lui, la r\u00e9ponse doit passer par la sant\u00e9 publique, non par la seule r\u00e9pression. \u00ab\u00a0Tant que l\u2019on fera semblant que les Fran\u00e7ais ne se droguent pas, on n\u2019avancera pas. La police \u00e9cope la mer \u00e0 la petite cuill\u00e8re, mais le niveau de la mer n\u2019a pas boug\u00e9.\u00a0\u00bb Pour lui, l\u2019erreur consiste \u00e0 juste cibler les dealers.<\/p>\n","protected":false},"excerpt":{"rendered":"La conf\u00e9rence de presse portait sur la s\u00e9curit\u00e9 \u00e0 Grenoble, sur les propositions de la liste \u00ab\u00a0R\u00e9concilier Grenoble\u00a0\u00bb.&hellip;\n","protected":false},"author":2,"featured_media":546958,"comment_status":"","ping_status":"","sticky":false,"template":"","format":"standard","meta":{"footnotes":""},"categories":[9566],"tags":[1111,11,2430,112,4188,1777,674,274,107,1795,1011,27,2731,2732,108,3539,6319,12,316,25],"class_list":{"0":"post-546957","1":"post","2":"type-post","3":"status-publish","4":"format-standard","5":"has-post-thumbnail","7":"category-grenoble","8":"tag-actu","9":"tag-actualites","10":"tag-auvergne-rhone-alpes","11":"tag-edition-grenoble-agglomeration","12":"tag-elections-municipales","13":"tag-eu","14":"tag-europe","15":"tag-faits-divers-justice","16":"tag-fil-info","17":"tag-fil-web","18":"tag-fr","19":"tag-france","20":"tag-grenoble","21":"tag-grenoble-bassin","22":"tag-isere","23":"tag-les-ecologistes","24":"tag-les-republicains","25":"tag-news","26":"tag-politique","27":"tag-republique-francaise"},"share_on_mastodon":{"url":"https:\/\/pubeurope.com\/@fr\/115582402983221360","error":""},"_links":{"self":[{"href":"https:\/\/www.europesays.com\/fr\/wp-json\/wp\/v2\/posts\/546957","targetHints":{"allow":["GET"]}}],"collection":[{"href":"https:\/\/www.europesays.com\/fr\/wp-json\/wp\/v2\/posts"}],"about":[{"href":"https:\/\/www.europesays.com\/fr\/wp-json\/wp\/v2\/types\/post"}],"author":[{"embeddable":true,"href":"https:\/\/www.europesays.com\/fr\/wp-json\/wp\/v2\/users\/2"}],"replies":[{"embeddable":true,"href":"https:\/\/www.europesays.com\/fr\/wp-json\/wp\/v2\/comments?post=546957"}],"version-history":[{"count":0,"href":"https:\/\/www.europesays.com\/fr\/wp-json\/wp\/v2\/posts\/546957\/revisions"}],"wp:featuredmedia":[{"embeddable":true,"href":"https:\/\/www.europesays.com\/fr\/wp-json\/wp\/v2\/media\/546958"}],"wp:attachment":[{"href":"https:\/\/www.europesays.com\/fr\/wp-json\/wp\/v2\/media?parent=546957"}],"wp:term":[{"taxonomy":"category","embeddable":true,"href":"https:\/\/www.europesays.com\/fr\/wp-json\/wp\/v2\/categories?post=546957"},{"taxonomy":"post_tag","embeddable":true,"href":"https:\/\/www.europesays.com\/fr\/wp-json\/wp\/v2\/tags?post=546957"}],"curies":[{"name":"wp","href":"https:\/\/api.w.org\/{rel}","templated":true}]}}