{"id":546959,"date":"2025-11-20T14:04:17","date_gmt":"2025-11-20T14:04:17","guid":{"rendered":"https:\/\/www.europesays.com\/fr\/546959\/"},"modified":"2025-11-20T14:04:17","modified_gmt":"2025-11-20T14:04:17","slug":"grenoble-nino-4-ans-se-fait-voler-ses-cartes-pokemon-dans-le-tram-cetait-sa-fierte","status":"publish","type":"post","link":"https:\/\/www.europesays.com\/fr\/546959\/","title":{"rendered":"Grenoble. Nino, 4 ans, se fait voler ses cartes Pok\u00e9mon dans le tram : \u00ab\u00a0C&rsquo;\u00e9tait sa fiert\u00e9\u00a0\u00bb"},"content":{"rendered":"<p>                    Par<br \/>\n        <strong><br \/>\n            <a href=\"https:\/\/actu.fr\/auteur\/lisa-rodrigues\" title=\"Consulter tous les articles de Lisa Rodrigues\" target=\"_blank\" rel=\"noopener\">Lisa Rodrigues<\/a><br \/>\n                    <\/strong><\/p>\n<p>        Publi\u00e9 le<\/p>\n<p>            20 nov. 2025 \u00e0 14h01        <\/p>\n<p>L\u2019histoire fait le tour des r\u00e9seaux sociaux depuis quelques jours. Lundi 17 novembre, Justine prend le tram \u00e0 <a href=\"https:\/\/actu.fr\/auvergne-rhone-alpes\/grenoble_38185\" target=\"_blank\" rel=\"noopener\">Grenoble<\/a>\u00a0avec ses deux enfants. Son fils, Nino, 4 ans, \u00ab\u00a0\u00e9tait assis tranquillement\u00a0\u00bb \u00e0 feuilleter son carnet de <a href=\"https:\/\/actu.fr\/loisirs-culture\/designs-des-creatures-noms-valeurs-pokemon-est-un-univers-vraiment-cool-on-vous-explique-pourquoi_61961409.html\" target=\"_blank\" rel=\"noopener\">cartes Pok\u00e9mon<\/a>, ces petites cr\u00e9atures japonaises qui envahissent depuis des ann\u00e9es les cours de r\u00e9cr\u00e9.<\/p>\n<p class=\" wall-content\">\u00ab\u00a0Une petite sortie sortie du quotidien\u00a0\u00bb, comme le relate la m\u00e8re de famille sur <a href=\"https:\/\/www.instagram.com\/ninopokemon_off\/?g=5\" target=\"_blank\" rel=\"noopener\">son compte Instagram<\/a>. \u00ab\u00a0Nino avait emport\u00e9 son classeur de cartes Pok\u00e9mon, <strong>son tr\u00e9sor absolu<\/strong> pour montrer ses nouvelles acquisitions \u00e0 son copain\u00a0\u00bb, explique-t-elle. Mais en quelques secondes, \u00ab\u00a0tout a bascul\u00e9\u00a0\u00bb.<\/p>\n<p class=\" wall-content\"><a href=\"https:\/\/www.instagram.com\/p\/DRJ5Fr4jXPs\/embed\" title=\"Ouvrir le lien sur Instagram\" target=\"_blank\" rel=\"noopener\">Visualiser le contenu sur Instagram<\/a><\/p>\n<p>\u00ab\u00a0Un jeune lui a arrach\u00e9 le classeur des mains\u00a0\u00bb<\/p>\n<p class=\" wall-content\">Alors que Justine est aux c\u00f4t\u00e9s de Nino avec son b\u00e9b\u00e9 et la poussette, \u00ab\u00a0un jeune, je dirais peut-\u00eatre dans la vingtaine, s\u2019est approch\u00e9 [de Nino] et lui a arrach\u00e9 le classeur des mains avant de dispara\u00eetre aussi vite qu\u2019il \u00e9tait venu\u00a0\u00bb.<\/p>\n<p class=\" wall-content\">Un vol \u00e0 l\u2019arrach\u00e9e \u00e0 l\u2019encontre d\u2019un petit gar\u00e7on de 4 ans qui <strong>r\u00e9volte sa maman<\/strong>.<\/p>\n<blockquote class=\"ac-article-quote wall-content\">\n<p>Quand Nino a compris, j\u2019ai vu son regard se briser.\u2028Pour certains, ce ne sont que des cartes ou de l\u2019investissement. Mais pour lui, c\u2019\u00e9tait sa passion, sa fiert\u00e9, son petit monde \u00e0 lui. Et je ne comprends pas ce qui a pouss\u00e9 quelqu\u2019un \u00e0 faire \u00e7a.\u2028[&#8230;] Je n\u2019arrive m\u00eame pas \u00e0 imaginer ce qui traverse l\u2019esprit de quelqu\u2019un qui vole un enfant de 4 ans.<\/p>\n<p>    <strong>Justine, maman de Nino sur Instagram<\/strong>\n            <\/p><\/blockquote>\n<p>Des messages \u00ab\u00a0de haine\u00a0\u00bb<\/p>\n<p class=\" wall-content\">Rapidement, la communaut\u00e9 des collectionneurs de cartes Pok\u00e9mon a apport\u00e9 son soutien au petit gar\u00e7on.<\/p>\n<p class=\" wall-content\">Pour autant, d\u2019autres internautes ont \u00e9t\u00e9 moins conciliants, pointant du doigt la responsabilit\u00e9 des parents de Nino qui publient sur leurs r\u00e9seaux sociaux des vid\u00e9os de leur fils ouvrant des paquets de cartes.<\/p>\n<p>Votre r\u00e9gion, votre actu !<\/p>\n<p>Recevez chaque jour les infos qui comptent pour vous.<\/p>\n<p>\t<a href=\"https:\/\/actu.fr\/newsletter\" class=\"ac-btn ac-btn--corner ac-btn--medium ac-btn--blue800\" target=\"_blank\" rel=\"noopener\">S&rsquo;incrire<\/a><\/p>\n<p class=\" wall-content\">Contact\u00e9e par la r\u00e9daction, la famille n\u2019a pas souhait\u00e9 r\u00e9agir davantage sur le sujet, \u00e0 cause de cette \u00ab\u00a0<strong>vague de haine \u00e9norme<\/strong>\u00a0\u00bb qu\u2019elle a re\u00e7u sur les r\u00e9seaux sociaux.<\/p>\n<p>Un soutien insolite<\/p>\n<p class=\" wall-content\">Fort heureusement, une grande majorit\u00e9 des commentaires et messages proposent <strong>d\u2019aider Nino\u00a0\u00e0 reconstituer en partie sa collection<\/strong>, dont la valeur num\u00e9raire ne d\u00e9passerait pas les 800 euros, selon sa famille.<\/p>\n<p class=\" wall-content\">L\u2019histoire est m\u00eame arriv\u00e9e jusqu\u2019aux oreilles de <strong>T\u00e9rence Atmane<\/strong>, joueur de tennis fran\u00e7ais (65e mondial au classement ATP) et grand amateur de cartes Pok\u00e9mon, qui a propos\u00e9 de donner une partie de sa collection au petit Grenoblois, comme le rapporte nos confr\u00e8res de <a href=\"https:\/\/www.lequipe.fr\/Tennis\/Actualites\/Le-coeur-brise-par-l-histoire-d-un-petit-garcon-qui-s-est-fait-voler-ses-cartes-pokemon-terence-atmane-lui-en-a-envoye-certaines-de-sa-propre-collection\/1610844\" target=\"_blank\" rel=\"noopener\">L\u2019\u00c9quipe<\/a>.<\/p>\n<p class=\" wall-content\"><a href=\"https:\/\/www.instagram.com\/p\/DQKI-2YDDpf\/embed\" title=\"Ouvrir le lien sur Instagram\" target=\"_blank\" rel=\"noopener\">Visualiser le contenu sur Instagram<\/a><\/p>\n<p class=\" wall-content\">La famille de Nino a annonc\u00e9 son intention de porter plainte et a contact\u00e9 M\u2019Tag pour tenter de retrouver le voleur.<\/p>\n<p class=\" wall-content\">Personnalisez votre actualit\u00e9 en ajoutant vos villes et m\u00e9dias en favori avec <a href=\"https:\/\/moncompte.actu.fr\" title=\"D\u00e9couvez Mon Actu\" rel=\"nofollow noopener\" data-trk=\"{&quot;cta&quot;:{&quot;action&quot;:&quot;https:\\\/\\\/moncompte.actu.fr&quot;,&quot;category&quot;:&quot;mon compte&quot;,&quot;from&quot;:&quot;article footer&quot;,&quot;name&quot;:&quot;Mon actu&quot;,&quot;type&quot;:&quot;cta&quot;}}\" target=\"_blank\">Mon Actu<\/a>.<\/p>\n<p>                    <script async src=\"\/\/www.instagram.com\/embed.js\"><\/script><\/p>\n","protected":false},"excerpt":{"rendered":"Par Lisa Rodrigues Publi\u00e9 le 20 nov. 2025 \u00e0 14h01 L\u2019histoire fait le tour des r\u00e9seaux sociaux depuis&hellip;\n","protected":false},"author":2,"featured_media":546960,"comment_status":"","ping_status":"","sticky":false,"template":"","format":"standard","meta":{"footnotes":""},"categories":[9566],"tags":[1111,11,2430,1719,1777,674,118,1011,27,2731,12,25,8194],"class_list":{"0":"post-546959","1":"post","2":"type-post","3":"status-publish","4":"format-standard","5":"has-post-thumbnail","7":"category-grenoble","8":"tag-actu","9":"tag-actualites","10":"tag-auvergne-rhone-alpes","11":"tag-enfants","12":"tag-eu","13":"tag-europe","14":"tag-faits-divers","15":"tag-fr","16":"tag-france","17":"tag-grenoble","18":"tag-news","19":"tag-republique-francaise","20":"tag-transport-de-lagglomeration-grenobloise-tag"},"share_on_mastodon":{"url":"https:\/\/pubeurope.com\/@fr\/115582407098464312","error":""},"_links":{"self":[{"href":"https:\/\/www.europesays.com\/fr\/wp-json\/wp\/v2\/posts\/546959","targetHints":{"allow":["GET"]}}],"collection":[{"href":"https:\/\/www.europesays.com\/fr\/wp-json\/wp\/v2\/posts"}],"about":[{"href":"https:\/\/www.europesays.com\/fr\/wp-json\/wp\/v2\/types\/post"}],"author":[{"embeddable":true,"href":"https:\/\/www.europesays.com\/fr\/wp-json\/wp\/v2\/users\/2"}],"replies":[{"embeddable":true,"href":"https:\/\/www.europesays.com\/fr\/wp-json\/wp\/v2\/comments?post=546959"}],"version-history":[{"count":0,"href":"https:\/\/www.europesays.com\/fr\/wp-json\/wp\/v2\/posts\/546959\/revisions"}],"wp:featuredmedia":[{"embeddable":true,"href":"https:\/\/www.europesays.com\/fr\/wp-json\/wp\/v2\/media\/546960"}],"wp:attachment":[{"href":"https:\/\/www.europesays.com\/fr\/wp-json\/wp\/v2\/media?parent=546959"}],"wp:term":[{"taxonomy":"category","embeddable":true,"href":"https:\/\/www.europesays.com\/fr\/wp-json\/wp\/v2\/categories?post=546959"},{"taxonomy":"post_tag","embeddable":true,"href":"https:\/\/www.europesays.com\/fr\/wp-json\/wp\/v2\/tags?post=546959"}],"curies":[{"name":"wp","href":"https:\/\/api.w.org\/{rel}","templated":true}]}}