{"id":546965,"date":"2025-11-20T14:07:14","date_gmt":"2025-11-20T14:07:14","guid":{"rendered":"https:\/\/www.europesays.com\/fr\/546965\/"},"modified":"2025-11-20T14:07:14","modified_gmt":"2025-11-20T14:07:14","slug":"municipales-2026-catherine-trautmann-investie-par-le-ps-a-strasbourg","status":"publish","type":"post","link":"https:\/\/www.europesays.com\/fr\/546965\/","title":{"rendered":"Municipales 2026. Catherine Trautmann investie par le PS \u00e0 Strasbourg"},"content":{"rendered":"<p>Le bureau national du Parti socialiste, qui s\u2019est r\u00e9uni ce mercredi, a d\u00e9cid\u00e9 d\u2019 <a href=\"https:\/\/www.lalsace.fr\/politique\/2025\/11\/09\/militants-mecontents-deputes-recales-et-listes-en-pagaille\" target=\"_blank\" rel=\"nofollow noopener\">investir Catherine Trautmann<\/a> pour les \u00e9lections municipales des 15 et 22 mars, a-t-on appris aupr\u00e8s de la f\u00e9d\u00e9ration bas-rhinoise du parti. L\u2019ancienne maire de Strasbourg (1989-2001) \u00e9tait la seule candidate \u00e0 l\u2019investiture du PS. C\u2019est la cinqui\u00e8me fois qu\u2019elle m\u00e8ne une liste municipale socialiste, les deux premi\u00e8res l\u2019ont conduite \u00e0 la victoire en 1989 et 1995.<\/p>\n","protected":false},"excerpt":{"rendered":"Le bureau national du Parti socialiste, qui s\u2019est r\u00e9uni ce mercredi, a d\u00e9cid\u00e9 d\u2019 investir Catherine Trautmann pour&hellip;\n","protected":false},"author":2,"featured_media":546966,"comment_status":"","ping_status":"","sticky":false,"template":"","format":"standard","meta":{"footnotes":""},"categories":[2820],"tags":[1111,11,2389,1777,674,107,1011,27,775,12,3541,316,25,640],"class_list":{"0":"post-546965","1":"post","2":"type-post","3":"status-publish","4":"format-standard","5":"has-post-thumbnail","7":"category-strasbourg","8":"tag-actu","9":"tag-actualites","10":"tag-alsace","11":"tag-eu","12":"tag-europe","13":"tag-fil-info","14":"tag-fr","15":"tag-france","16":"tag-grand-est","17":"tag-news","18":"tag-parti-socialiste","19":"tag-politique","20":"tag-republique-francaise","21":"tag-strasbourg"},"share_on_mastodon":{"url":"https:\/\/pubeurope.com\/@fr\/115582418670377487","error":""},"_links":{"self":[{"href":"https:\/\/www.europesays.com\/fr\/wp-json\/wp\/v2\/posts\/546965","targetHints":{"allow":["GET"]}}],"collection":[{"href":"https:\/\/www.europesays.com\/fr\/wp-json\/wp\/v2\/posts"}],"about":[{"href":"https:\/\/www.europesays.com\/fr\/wp-json\/wp\/v2\/types\/post"}],"author":[{"embeddable":true,"href":"https:\/\/www.europesays.com\/fr\/wp-json\/wp\/v2\/users\/2"}],"replies":[{"embeddable":true,"href":"https:\/\/www.europesays.com\/fr\/wp-json\/wp\/v2\/comments?post=546965"}],"version-history":[{"count":0,"href":"https:\/\/www.europesays.com\/fr\/wp-json\/wp\/v2\/posts\/546965\/revisions"}],"wp:featuredmedia":[{"embeddable":true,"href":"https:\/\/www.europesays.com\/fr\/wp-json\/wp\/v2\/media\/546966"}],"wp:attachment":[{"href":"https:\/\/www.europesays.com\/fr\/wp-json\/wp\/v2\/media?parent=546965"}],"wp:term":[{"taxonomy":"category","embeddable":true,"href":"https:\/\/www.europesays.com\/fr\/wp-json\/wp\/v2\/categories?post=546965"},{"taxonomy":"post_tag","embeddable":true,"href":"https:\/\/www.europesays.com\/fr\/wp-json\/wp\/v2\/tags?post=546965"}],"curies":[{"name":"wp","href":"https:\/\/api.w.org\/{rel}","templated":true}]}}