{"id":546983,"date":"2025-11-20T14:16:11","date_gmt":"2025-11-20T14:16:11","guid":{"rendered":"https:\/\/www.europesays.com\/fr\/546983\/"},"modified":"2025-11-20T14:16:11","modified_gmt":"2025-11-20T14:16:11","slug":"le-sapin-de-noel-geant-concu-avec-385-arbres-fait-son-retour-sur-les-ramblas","status":"publish","type":"post","link":"https:\/\/www.europesays.com\/fr\/546983\/","title":{"rendered":"le sapin de No\u00ebl g\u00e9ant, con\u00e7u avec 385 arbres, fait son retour sur les ramblas"},"content":{"rendered":"<p>                    Par<br \/>\n        <strong><br \/>\n            <a href=\"https:\/\/actu.fr\/auteur\/gabriel-kenedi\" title=\"Consulter tous les articles de Gabriel Kenedi\" rel=\"nofollow noopener\" target=\"_blank\">Gabriel Kenedi<\/a><br \/>\n                    <\/strong><\/p>\n<p>        Publi\u00e9 le<\/p>\n<p>            20 nov. 2025 \u00e0 14h53        <\/p>\n<p>C\u2019est d\u00e9sormais un classique <strong>des festivit\u00e9s de No\u00ebl<\/strong> \u00e0 Toulouse. Comme chaque ann\u00e9e depuis 2019, le grand sapin des ramblas est en cours d\u2019installation sur les all\u00e9es Jean-Jaur\u00e8s, a constat\u00e9 <a href=\"https:\/\/actu.fr\/occitanie\/toulouse_31555\/toulouse-se-prepare-a-revetir-ses-habits-de-fete-le-marche-de-noel-s-installe-place-du-capitole_63432417.html\" rel=\"nofollow noopener\" target=\"_blank\">Actu Toulouse<\/a>, ce jeudi 20\u00a0novembre 2025.<\/p>\n<p>385 petits sapins install\u00e9s pour former un arbre g\u00e9ant<\/p>\n<p class=\" wall-content\">Le chantier ne passe pas inaper\u00e7u\u2009!<\/p>\n<p class=\" wall-content\">\u00c0 l\u2019image des ann\u00e9es pr\u00e9c\u00e9dentes, <strong>385 petits sapins<\/strong> \u2014 tous cultiv\u00e9s et replant\u00e9s chaque ann\u00e9e dans le Morvan (Bourgogne-Franche-Comt\u00e9) \u2014 sont utilis\u00e9s et assembl\u00e9s gr\u00e2ce \u00e0 une structure m\u00e9tallique pour former <strong>un arbre g\u00e9ant<\/strong>.<\/p>\n<p class=\" wall-content\">Au vu de l\u2019avanc\u00e9e du montage de la structure, qui fera au final <strong>20\u00a0m\u00e8tres de haut<\/strong>, tout devrait \u00eatre pr\u00eat d\u2019ici \u00e0 la fin de semaine. Une fois les petits sapins tous dispos\u00e9s, les agents de la ville mettront en place <strong>le dispositif d\u2019\u00e9clairage<\/strong>.<\/p>\n<p>    <img   decoding=\"async\" loading=\"lazy\" src=\"https:\/\/www.europesays.com\/fr\/wp-content\/uploads\/2025\/11\/sapin-noel-ramblas-toulouse-2025-2-960x640.jpeg\" alt=\"Le sapin de No\u00ebl des ramblas en cours de montage, \u00e0 Toulouse. \" width=\"960\" height=\"640\"\/><br \/>\n    Le sapin de No\u00ebl des ramblas en cours de montage, \u00e0 Toulouse. (\u00a9Gabriel Kenedi \/ Actu Toulouse)Vid\u00e9os : en ce moment sur ActuCoup d\u2019envoi des festivit\u00e9s le 27\u00a0novembre<\/p>\n<p class=\" wall-content\">\u00c9galement en cours de montage, l\u2019embl\u00e9matique <strong>March\u00e9 de No\u00ebl<\/strong> de la place du Capitole fera son retour <strong>le 27\u00a0novembre prochain<\/strong>. Jusqu\u2019au 28\u00a0d\u00e9cembre, une centaine de chalets accueilleront artisans, cr\u00e9ateurs et producteurs venus de toute la r\u00e9gion, ainsi que la fameuse patinoire.<\/p>\n<p class=\" wall-content\">D\u2019autres march\u00e9s seront install\u00e9s durant la p\u00e9riode\u2009:<\/p>\n<p>Votre r\u00e9gion, votre actu !<\/p>\n<p>Recevez chaque jour les infos qui comptent pour vous.<\/p>\n<p>\t<a href=\"https:\/\/actu.fr\/newsletter\" class=\"ac-btn ac-btn--corner ac-btn--medium ac-btn--blue800\" rel=\"nofollow noopener\" target=\"_blank\">S&rsquo;incrire<\/a><\/p>\n<ul class=\" wall-content\">\n<li><strong>sur le square Charles de\u00a0Gaulle<\/strong>, on pourra ainsi d\u00e9couvrir des exposants, des d\u00e9cors f\u00e9eriques et des animations pour les enfants (il se murmure que le P\u00e8re No\u00ebl sera pr\u00e9sent\u2009!).<\/li>\n<li>\u00a0<strong>sur les Ramblas<\/strong> \/ All\u00e9es Jean-Jaur\u00e8s, le Village des Cr\u00e9ateurs sera de retour.<\/li>\n<li><strong>sur les all\u00e9es Jules Guesde<\/strong>, c\u2019est un march\u00e9 de No\u00ebl Artisanal et Solidaire qui fera son retour.<\/li>\n<\/ul>\n<p class=\" wall-content\">Pour ces trois petits march\u00e9s, les dates et horaires d\u2019ouverture n\u2019ont pas encore \u00e9t\u00e9 communiqu\u00e9es par la mairie de Toulouse. Encore un peu de patience, donc\u2009!<\/p>\n<p class=\" wall-content\">Personnalisez votre actualit\u00e9 en ajoutant vos villes et m\u00e9dias en favori avec <a href=\"https:\/\/moncompte.actu.fr\" title=\"D\u00e9couvez Mon Actu\" rel=\"nofollow noopener\" data-trk=\"{&quot;cta&quot;:{&quot;action&quot;:&quot;https:\\\/\\\/moncompte.actu.fr&quot;,&quot;category&quot;:&quot;mon compte&quot;,&quot;from&quot;:&quot;article footer&quot;,&quot;name&quot;:&quot;Mon actu&quot;,&quot;type&quot;:&quot;cta&quot;}}\" target=\"_blank\">Mon Actu<\/a>.<\/p>\n","protected":false},"excerpt":{"rendered":"Par Gabriel Kenedi Publi\u00e9 le 20 nov. 2025 \u00e0 14h53 C\u2019est d\u00e9sormais un classique des festivit\u00e9s de No\u00ebl&hellip;\n","protected":false},"author":2,"featured_media":546984,"comment_status":"","ping_status":"","sticky":false,"template":"","format":"standard","meta":{"footnotes":""},"categories":[2816],"tags":[1111,11,1777,674,1011,27,1652,12,15830,2680,25,1341,2312],"class_list":{"0":"post-546983","1":"post","2":"type-post","3":"status-publish","4":"format-standard","5":"has-post-thumbnail","7":"category-toulouse","8":"tag-actu","9":"tag-actualites","10":"tag-eu","11":"tag-europe","12":"tag-fr","13":"tag-france","14":"tag-loisirs-culture","15":"tag-news","16":"tag-noel","17":"tag-occitanie","18":"tag-republique-francaise","19":"tag-sortir-a-toulouse","20":"tag-toulouse"},"share_on_mastodon":{"url":"https:\/\/pubeurope.com\/@fr\/115582454371169924","error":""},"_links":{"self":[{"href":"https:\/\/www.europesays.com\/fr\/wp-json\/wp\/v2\/posts\/546983","targetHints":{"allow":["GET"]}}],"collection":[{"href":"https:\/\/www.europesays.com\/fr\/wp-json\/wp\/v2\/posts"}],"about":[{"href":"https:\/\/www.europesays.com\/fr\/wp-json\/wp\/v2\/types\/post"}],"author":[{"embeddable":true,"href":"https:\/\/www.europesays.com\/fr\/wp-json\/wp\/v2\/users\/2"}],"replies":[{"embeddable":true,"href":"https:\/\/www.europesays.com\/fr\/wp-json\/wp\/v2\/comments?post=546983"}],"version-history":[{"count":0,"href":"https:\/\/www.europesays.com\/fr\/wp-json\/wp\/v2\/posts\/546983\/revisions"}],"wp:featuredmedia":[{"embeddable":true,"href":"https:\/\/www.europesays.com\/fr\/wp-json\/wp\/v2\/media\/546984"}],"wp:attachment":[{"href":"https:\/\/www.europesays.com\/fr\/wp-json\/wp\/v2\/media?parent=546983"}],"wp:term":[{"taxonomy":"category","embeddable":true,"href":"https:\/\/www.europesays.com\/fr\/wp-json\/wp\/v2\/categories?post=546983"},{"taxonomy":"post_tag","embeddable":true,"href":"https:\/\/www.europesays.com\/fr\/wp-json\/wp\/v2\/tags?post=546983"}],"curies":[{"name":"wp","href":"https:\/\/api.w.org\/{rel}","templated":true}]}}