{"id":546985,"date":"2025-11-20T14:17:59","date_gmt":"2025-11-20T14:17:59","guid":{"rendered":"https:\/\/www.europesays.com\/fr\/546985\/"},"modified":"2025-11-20T14:17:59","modified_gmt":"2025-11-20T14:17:59","slug":"jadore-lambiance-je-pourrais-tout-acheter","status":"publish","type":"post","link":"https:\/\/www.europesays.com\/fr\/546985\/","title":{"rendered":"J&rsquo;adore l&rsquo;ambiance, je pourrais tout acheter !"},"content":{"rendered":"<p>                    Par<br \/>\n        <strong><br \/>\n            <a href=\"https:\/\/actu.fr\/auteur\/zoe-hondt\" title=\"Consulter tous les articles de Zoe Hondt\" rel=\"nofollow noopener\" target=\"_blank\">Zoe Hondt<\/a><br \/>\n                    <\/strong><\/p>\n<p>        Publi\u00e9 le<\/p>\n<p>            19 nov. 2025 \u00e0 17h00        <\/p>\n<p>Pas de grande file d\u2019attente pour l\u2019ouverture du <b>Village de <a href=\"https:\/\/actu.fr\/tag\/noel\" rel=\"nofollow noopener\" target=\"_blank\">No\u00ebl<\/a> de <a href=\"https:\/\/actu.fr\/lille\/\" rel=\"nofollow noopener\" target=\"_blank\">Lille<\/a><\/b> (Nord), ce mercredi 19 novembre. Quelques visiteurs se laissent tout de m\u00eame tenter par l\u2019ambiance de No\u00ebl, <b>d\u00e9j\u00e0 pr\u00e9sente dans le centre-ville<\/b>. En famille ou entres amis, tous d\u00e9ambulent parmi les <a href=\"https:\/\/actu.fr\/hauts-de-france\/lille_59350\/le-marche-de-noel-de-lille-2025-ouvre-ce-mercredi-voici-ce-que-vous-trouverez-dans-les-90-chalets_63455582.html\" rel=\"nofollow noopener\" target=\"_blank\">90 chalets<\/a>, install\u00e9s sur la <b>place Rihour <\/b>jusqu\u2019au 30 d\u00e9cembre 2025. S\u2019il n\u2019y a pas de grands changements dans les produits propos\u00e9s, <b>quelques nouveaut\u00e9s sont \u00e0 d\u00e9couvrir<\/b>.<\/p>\n<p>Une ambiance festive marqu\u00e9e par quelques nouveaut\u00e9s<\/p>\n<p class=\" wall-content\">Jos\u00e9phine et Alice viennent de Valenciennes. De passage \u00e0 Lille, elles sont tomb\u00e9es sur le march\u00e9 de No\u00ebl par hasard. \u00ab\u00a0Ce n\u2019est pas la premi\u00e8re fois, mais on ne vient pas souvent. J\u2019adore l\u2019ambiance, je pourrais tout acheter !\u00a0\u00bb s\u2019exclame Jos\u00e9phine. Finalement les deux amies craquent pour une raclette, leur premi\u00e8re de l\u2019ann\u00e9e.<\/p>\n<p class=\" wall-content\">C\u00f4t\u00e9 commer\u00e7ants, il y a <b>les habitu\u00e9s comme Claire et Fran\u00e7ois<\/b>.\u00a0Originaires des Sables-d\u2019Olonne (Vend\u00e9e),\u00a0ils font le d\u00e9placement chaque ann\u00e9e <b>depuis quatre ans<\/b> pour vendre leurs <b>galets d\u2019argile parfum\u00e9s<\/b>.<\/p>\n<p class=\" wall-content\">Il y a aussi des <b>petits nouveaux<\/b>. Kadiatou<b> <\/b>a fait la route <b>depuis le Finist\u00e8re<\/b> et propose des <b>bijoux et statuettes faits main<\/b>, \u00e0 partir de bois d\u2019\u00e9b\u00e8ne. \u00ab\u00a0J\u2019ai fait le march\u00e9 de No\u00ebl de Montb\u00e9liard (Doubs) pendant deux ans. J\u2019avais envie de changer et je connaissais la bonne ambiance de Lille\u00a0\u00bb, explique-t-elle, enthousiaste.\u00a0<\/p>\n<p class=\" wall-content\">Max, quant \u00e0 lui, est d\u00e9j\u00e0 victime de son succ\u00e8s. \u00c0 peine ouvert, le stand a accueilli <b>des dizaines de visiteurs intrigu\u00e9s<\/b>. Le commer\u00e7ant, venu de Lyon (Rh\u00f4ne) pour l\u2019occasion, vend des <b>puzzles 3D en bois de bouleau<\/b>. \u00ab\u00a0Je ne m\u2019attendais \u00e0 rien par peur d\u2019\u00eatre d\u00e9\u00e7u, mais \u00e7a fait plaisir de voir autant de monde\u00a0\u00bb, d\u00e9clare-t-il.<\/p>\n<p class=\" wall-content\">Pour d\u00e9couvrir les autres chalets, rendez-vous place Rihour au c\u0153ur de Lille. En attendant, vivez l\u2019exp\u00e9rience en images :<\/p>\n<p>Votre r\u00e9gion, votre actu !<\/p>\n<p>Recevez chaque jour les infos qui comptent pour vous.<\/p>\n<p>\t<a href=\"https:\/\/actu.fr\/newsletter\" class=\"ac-btn ac-btn--corner ac-btn--medium ac-btn--blue800\" rel=\"nofollow noopener\" target=\"_blank\">S&rsquo;incrire<\/a><\/p>\n<p>    <img   decoding=\"async\" loading=\"lazy\" class=\"size-large\" src=\"https:\/\/www.europesays.com\/fr\/wp-content\/uploads\/2025\/11\/bc5c1fe3dd196b06c1fe3dd19c46c1v-960x640.jpeg\" alt=\"march\u00e9 de no\u00ebl de lille (nord)\" width=\"960\" height=\"640\"\/><br \/>\n    Les passants se font encore discrets ce mercredi 19 novembre, \u00e0 l\u2019ouverture du march\u00e9 de No\u00ebl de Lille (Nord). \u00a9Zo\u00e9 Hondt<br \/>\n    <img   decoding=\"async\" loading=\"lazy\" class=\"size-large\" src=\"https:\/\/www.europesays.com\/fr\/wp-content\/uploads\/2025\/11\/40993baccd19674993baccd1938993v-960x640.jpeg\" alt=\"Derniers d\u00e9tails \u00e0 peaufiner pour les commer\u00e7ants, avant l'arriv\u00e9e des premiers visiteurs.\" width=\"960\" height=\"640\"\/><br \/>\n    Au march\u00e9 de No\u00ebl de Lille (Nord), quelques commer\u00e7ants peaufinent les derniers d\u00e9tails avant l\u2019arriv\u00e9e des premiers visiteurs. \u00a9Zo\u00e9 Hondt<br \/>\n    <img   decoding=\"async\" loading=\"lazy\" class=\"size-large\" src=\"https:\/\/www.europesays.com\/fr\/wp-content\/uploads\/2025\/11\/a4263bf6cd196a8263bf6cd19cc263v-960x640.jpeg\" alt=\"Du 19 novembre au 31 d\u00e9cembre, profitez du Village de No\u00ebl au c\u0153ur de Lille (Nord).\" width=\"960\" height=\"640\"\/><br \/>\n    Depuis le march\u00e9 de No\u00ebl de Lille (Nord), on aper\u00e7oit la Grande roue. Install\u00e9e sur la Grand-Place, elle fait aussi son retour ce mercredi. \u00a9Zo\u00e9 Hondt<br \/>\n    <img   decoding=\"async\" loading=\"lazy\" class=\"size-large\" src=\"https:\/\/www.europesays.com\/fr\/wp-content\/uploads\/2025\/11\/af567afccd19693667afccd1977667v-960x640.jpeg\" alt=\"Les visiteurs curieux prennent d'assaut le chalet de Max, commer\u00e7ant de puzzles 3D en bois de boulot.\" width=\"960\" height=\"640\"\/><br \/>\n    Les plus curieux prennent d\u2019assaut le chalet de Max, commer\u00e7ant de puzzles 3D en bois de bouleau. \u00a9Zo\u00e9 Hondt<br \/>\n    <img   decoding=\"async\" loading=\"lazy\" class=\"size-large\" src=\"https:\/\/www.europesays.com\/fr\/wp-content\/uploads\/2025\/11\/6d58321ecd1967168321ecd1995683v-960x640.jpeg\" alt=\"March\u00e9 de No\u00ebl de Lille (nord)\" width=\"960\" height=\"640\"\/><br \/>\n    Au marche de No\u00ebl de Lille (Nord), de nombreux chalets proposent des sp\u00e9cialit\u00e9s r\u00e9gionales. \u00a9Zo\u00e9 Hondt<\/p>\n<p class=\" wall-content\">Personnalisez votre actualit\u00e9 en ajoutant vos villes et m\u00e9dias en favori avec <a href=\"https:\/\/moncompte.actu.fr\" title=\"D\u00e9couvez Mon Actu\" rel=\"nofollow noopener\" data-trk=\"{&quot;cta&quot;:{&quot;action&quot;:&quot;https:\\\/\\\/moncompte.actu.fr&quot;,&quot;category&quot;:&quot;mon compte&quot;,&quot;from&quot;:&quot;article footer&quot;,&quot;name&quot;:&quot;Mon actu&quot;,&quot;type&quot;:&quot;cta&quot;}}\" target=\"_blank\">Mon Actu<\/a>.<\/p>\n","protected":false},"excerpt":{"rendered":"Par Zoe Hondt Publi\u00e9 le 19 nov. 2025 \u00e0 17h00 Pas de grande file d\u2019attente pour l\u2019ouverture du&hellip;\n","protected":false},"author":2,"featured_media":546986,"comment_status":"","ping_status":"","sticky":false,"template":"","format":"standard","meta":{"footnotes":""},"categories":[2815],"tags":[1111,11,1777,674,1011,27,811,1307,1652,12,15830,25],"class_list":{"0":"post-546985","1":"post","2":"type-post","3":"status-publish","4":"format-standard","5":"has-post-thumbnail","7":"category-lille","8":"tag-actu","9":"tag-actualites","10":"tag-eu","11":"tag-europe","12":"tag-fr","13":"tag-france","14":"tag-hauts-de-france","15":"tag-lille","16":"tag-loisirs-culture","17":"tag-news","18":"tag-noel","19":"tag-republique-francaise"},"share_on_mastodon":{"url":"https:\/\/pubeurope.com\/@fr\/115582463192543439","error":""},"_links":{"self":[{"href":"https:\/\/www.europesays.com\/fr\/wp-json\/wp\/v2\/posts\/546985","targetHints":{"allow":["GET"]}}],"collection":[{"href":"https:\/\/www.europesays.com\/fr\/wp-json\/wp\/v2\/posts"}],"about":[{"href":"https:\/\/www.europesays.com\/fr\/wp-json\/wp\/v2\/types\/post"}],"author":[{"embeddable":true,"href":"https:\/\/www.europesays.com\/fr\/wp-json\/wp\/v2\/users\/2"}],"replies":[{"embeddable":true,"href":"https:\/\/www.europesays.com\/fr\/wp-json\/wp\/v2\/comments?post=546985"}],"version-history":[{"count":0,"href":"https:\/\/www.europesays.com\/fr\/wp-json\/wp\/v2\/posts\/546985\/revisions"}],"wp:featuredmedia":[{"embeddable":true,"href":"https:\/\/www.europesays.com\/fr\/wp-json\/wp\/v2\/media\/546986"}],"wp:attachment":[{"href":"https:\/\/www.europesays.com\/fr\/wp-json\/wp\/v2\/media?parent=546985"}],"wp:term":[{"taxonomy":"category","embeddable":true,"href":"https:\/\/www.europesays.com\/fr\/wp-json\/wp\/v2\/categories?post=546985"},{"taxonomy":"post_tag","embeddable":true,"href":"https:\/\/www.europesays.com\/fr\/wp-json\/wp\/v2\/tags?post=546985"}],"curies":[{"name":"wp","href":"https:\/\/api.w.org\/{rel}","templated":true}]}}