{"id":546989,"date":"2025-11-20T14:20:18","date_gmt":"2025-11-20T14:20:18","guid":{"rendered":"https:\/\/www.europesays.com\/fr\/546989\/"},"modified":"2025-11-20T14:20:18","modified_gmt":"2025-11-20T14:20:18","slug":"easyhotel-marseille-euromed-un-acteur-engage-de-la-vie-locale","status":"publish","type":"post","link":"https:\/\/www.europesays.com\/fr\/546989\/","title":{"rendered":"easyHotel Marseille Euromed, un acteur engag\u00e9 de la vie locale"},"content":{"rendered":"<p>                    <img loading=\"lazy\" decoding=\"async\" src=\"https:\/\/www.europesays.com\/fr\/wp-content\/uploads\/2025\/11\/67aedbd35b272ce1f6a97e11b476cd.png\" class=\"img-responsive post-image\" width=\"680\" height=\"510\" alt=\"easyHotel Marseille (\u2026)\" title=\"easyHotel Marseille Euromed, un acteur engag\u00e9 de la vie locale\"\/><\/p>\n<p class=\"chapo\">easyHotel Marseille Euromed s\u2019est impos\u00e9 comme une adresse incontournable de la cit\u00e9 phoc\u00e9enne.<\/p>\n<p>L\u2019\u00e9tablissement attire aussi bien les voyageurs d\u2019affaires que les visiteurs loisirs, s\u00e9duits par un positionnement qui combine accessibilit\u00e9, modernit\u00e9 et engagement environnemental. En nouant des partenariats avec des acteurs locaux et en s\u2019inscrivant dans la dynamique marseillaise, l\u2019h\u00f4tel s\u2019impose comme un lieu de s\u00e9jour privil\u00e9gi\u00e9, au croisement du tourisme et du d\u00e9veloppement \u00e9conomique de la ville.<br class=\"texte\"\/><br \/>\nDepuis son ouverture, easyHotel Marseille Euromed affiche de solides performances, port\u00e9es \u00e0 la fois par l\u2019attrait touristique de la ville et son r\u00f4le de p\u00f4le \u00e9conomique. L\u2019h\u00f4tel a enregistr\u00e9 un taux d\u2019occupation moyen de 82\u00a0% sur la haute saison et un tarif journalier moyen de 70,8 \u20ac, confirmant sa capacit\u00e9 \u00e0 s\u00e9duire une client\u00e8le vari\u00e9e. Sa r\u00e9partition \u00e9quilibr\u00e9e entre visiteurs loisirs (70\u00a0%) et voyageurs d\u2019affaires (30\u00a0%) illustre cette double vocation.<br class=\"autobr\"\/><br \/>\nDepuis son ouverture en octobre 2024, l\u2019h\u00f4tel a su s\u00e9duire un public diversifi\u00e9, illustrant \u00e0 la fois l\u2019attrait touristique de Marseille et son dynamisme \u00e9conomique. Cette double vocation fait d\u2019<a href=\"http:\/\/www.easyhotel.com\" class=\"spip_out\" rel=\"external noopener\" target=\"_blank\">easyHotel Marseille Euromed<\/a> une adresse de choix pour des s\u00e9jours courts, professionnels ou touristiques.<br class=\"autobr\"\/><br \/>\nAu-del\u00e0, l\u2019h\u00f4tel s\u2019attache \u00e0 jouer un r\u00f4le actif dans la vie de la cit\u00e9. L\u2019\u00e9quipe a particip\u00e9 \u00e0 des initiatives de la Cit\u00e9 des Entrepreneurs, notamment une sortie en v\u00e9lo \u00e9lectrique dans le centre-ville, en coh\u00e9rence avec la d\u00e9marche bas carbone port\u00e9e par la marque. Elle a soutenu des concours locaux en offrant des s\u00e9jours et s\u2019est associ\u00e9e \u00e0 Marseille Bateaux Calanques afin de permettre aux voyageurs de d\u00e9couvrir les paysages embl\u00e9matiques de la r\u00e9gion. En parall\u00e8le, l\u2019h\u00f4tel collabore avec la Ville de Marseille et les entreprises locales pour accueillir leurs partenaires dans les meilleures conditions.<br class=\"autobr\"\/><br \/>\nDressant le bilan de son \u00e9tablissement, Karim Malak, CEO d\u2019easyHotel, a d\u00e9clar\u00e9\u00a0: \u00ab\u00a0En tant qu\u2019\u00e9quipe \u00e0 direction fran\u00e7aise, c\u2019est gratifiant de voir notre h\u00f4tel moderne et bas carbone devenir l\u2019un des pr\u00e9f\u00e9r\u00e9s des voyageurs, comme en t\u00e9moigne notre note de 4,7 \u00e9toiles sur Google. Nous sommes heureux de faire partie de l\u2019\u00e9nergie vibrante de Marseille et fiers de travailler avec la ville et ses parties prenantes en nouant des partenariats avec des entreprises locales afin qu\u2019elles puissent b\u00e9n\u00e9ficier de nos meilleures conditions d\u2019accueil. Il n\u2019est donc pas \u00e9tonnant que l\u2019h\u00f4tel se soit impos\u00e9 comme l\u2019un de nos \u00e9tablissements les plus performants, attirant \u00e0 la fois voyageurs d\u2019affaires et de loisirs. Avec une client\u00e8le, majoritairement \u00e2g\u00e9e de 18 \u00e0 34 ans, nous r\u00e9sonnons avec une nouvelle g\u00e9n\u00e9ration de visiteurs en qu\u00eate d\u2019exp\u00e9riences, attach\u00e9s \u00e0 un design malin et \u00e0 des prix attractifs. Nous nous r\u00e9jouissons \u00e0 l\u2019id\u00e9e de conna\u00eetre encore de nombreuses ann\u00e9es de succ\u00e8s \u00e0 Marseille\u00a0\u00bb.<br class=\"autobr\"\/><br \/>\nFort de ce premier succ\u00e8s, easyHotel poursuit son d\u00e9veloppement dans l\u2019Hexagone. Les ouvertures \u00e0 Aubervilliers et \u00e0 Paris-Charles de Gaulle illustrent cette dynamique, qui se prolongera en 2027 avec l\u2019inauguration d\u2019un \u00e9tablissement \u00e0 Ferney-Voltaire, \u00e0 proximit\u00e9 de l\u2019a\u00e9roport de Gen\u00e8ve.<\/p>\n","protected":false},"excerpt":{"rendered":"easyHotel Marseille Euromed s\u2019est impos\u00e9 comme une adresse incontournable de la cit\u00e9 phoc\u00e9enne. L\u2019\u00e9tablissement attire aussi bien les&hellip;\n","protected":false},"author":2,"featured_media":546990,"comment_status":"","ping_status":"","sticky":false,"template":"","format":"standard","meta":{"footnotes":""},"categories":[2814],"tags":[1111,11,2408,1777,674,1011,27,884,12,882,25],"class_list":{"0":"post-546989","1":"post","2":"type-post","3":"status-publish","4":"format-standard","5":"has-post-thumbnail","7":"category-marseille","8":"tag-actu","9":"tag-actualites","10":"tag-appels-d","11":"tag-eu","12":"tag-europe","13":"tag-fr","14":"tag-france","15":"tag-marseille","16":"tag-news","17":"tag-provence-alpes-cote-dazur","18":"tag-republique-francaise"},"share_on_mastodon":{"url":"","error":""},"_links":{"self":[{"href":"https:\/\/www.europesays.com\/fr\/wp-json\/wp\/v2\/posts\/546989","targetHints":{"allow":["GET"]}}],"collection":[{"href":"https:\/\/www.europesays.com\/fr\/wp-json\/wp\/v2\/posts"}],"about":[{"href":"https:\/\/www.europesays.com\/fr\/wp-json\/wp\/v2\/types\/post"}],"author":[{"embeddable":true,"href":"https:\/\/www.europesays.com\/fr\/wp-json\/wp\/v2\/users\/2"}],"replies":[{"embeddable":true,"href":"https:\/\/www.europesays.com\/fr\/wp-json\/wp\/v2\/comments?post=546989"}],"version-history":[{"count":0,"href":"https:\/\/www.europesays.com\/fr\/wp-json\/wp\/v2\/posts\/546989\/revisions"}],"wp:featuredmedia":[{"embeddable":true,"href":"https:\/\/www.europesays.com\/fr\/wp-json\/wp\/v2\/media\/546990"}],"wp:attachment":[{"href":"https:\/\/www.europesays.com\/fr\/wp-json\/wp\/v2\/media?parent=546989"}],"wp:term":[{"taxonomy":"category","embeddable":true,"href":"https:\/\/www.europesays.com\/fr\/wp-json\/wp\/v2\/categories?post=546989"},{"taxonomy":"post_tag","embeddable":true,"href":"https:\/\/www.europesays.com\/fr\/wp-json\/wp\/v2\/tags?post=546989"}],"curies":[{"name":"wp","href":"https:\/\/api.w.org\/{rel}","templated":true}]}}