{"id":546995,"date":"2025-11-20T14:23:16","date_gmt":"2025-11-20T14:23:16","guid":{"rendered":"https:\/\/www.europesays.com\/fr\/546995\/"},"modified":"2025-11-20T14:23:16","modified_gmt":"2025-11-20T14:23:16","slug":"la-prefecture-ferme-cette-pizzeria-du-7e-pour-manque-dhygiene","status":"publish","type":"post","link":"https:\/\/www.europesays.com\/fr\/546995\/","title":{"rendered":"la pr\u00e9fecture ferme cette pizzeria du 7e\u00a0pour manque d\u2019hygi\u00e8ne"},"content":{"rendered":"<p>La pr\u00e9fecture du Rh\u00f4ne a tranch\u00e9\u00a0ce mercredi\u00a0: Punto pizza n\u2019accueillera plus de clients jusqu\u2019\u00e0 nouvel ordre. L\u2019\u00e9tablissement situ\u00e9 au 151 de l\u2019avenue Berthelot (7e) vient d\u2019\u00e9coper d\u2019une fermeture administrative. Le 11\u00a0septembre dernier, un contr\u00f4le sanitaire mettait en \u00e9vidence des \u00ab\u00a0manquements graves\u00a0\u00bb aux r\u00e8gles d\u2019hygi\u00e8nes en vigueur.<\/p>\n<p>Entre autres entorses aux normes en vigueur, les services de l\u2019\u00c9tat avaient d\u00e9cel\u00e9 un d\u00e9faut d\u2019entretien, de maintenance et de nettoyage des locaux et \u00e9quipements. La d\u00e9tention, aussi, d\u2019aliments \u00e0 une temp\u00e9rature non r\u00e9glementaire. Ou encore un d\u00e9faut de tra\u00e7abilit\u00e9 et de mauvaises conditions de stockage des plats et denr\u00e9es.<\/p>\n<p>  Risques d\u2019intoxication<\/p>\n<p>La pr\u00e9fecture pr\u00e9cise dans son arr\u00eat\u00e9 qu\u2019\u00e0 l\u2019issue d\u2019une seconde visite, ce lundi 17\u00a0novembre, \u00ab\u00a0les m\u00eames manquements ont \u00e9t\u00e9 relev\u00e9s\u00a0\u00bb. Elle juge que \u00ab\u00a0la poursuite de l\u2019activit\u00e9 constitue une menace pour la sant\u00e9 des consommateurs en raison de la probabilit\u00e9 importante de contaminations et des risques d\u2019intoxication qui en r\u00e9sultent.\u00a0\u00bb<\/p>\n<p><strong>\u00c0 lire aussi &gt;&gt; <a href=\"https:\/\/www.leprogres.fr\/economie\/2025\/11\/19\/tabac-de-contrebande-et-fermeture-tardive-l-addition-est-salee-pour-ce-bar-a-chicha-de-perrache\" target=\"_blank\" rel=\"noopener\">Tabac de contrebande et fermeture tardive\u00a0: l\u2019addition est sal\u00e9e pour ce bar \u00e0 chicha de Perrache<\/a><\/strong><\/p>\n<p>Quant aux \u00ab\u00a0observations\u00a0\u00bb transmises par le g\u00e9rant ce mardi, \u00ab\u00a0elles ne sont pas de nature \u00e0 remettre en cause les constats op\u00e9r\u00e9s et les suites qui en d\u00e9coulent\u00a0\u00bb, d\u00e9clarent les services de l\u2019\u00c9tat. La fermeture sera lev\u00e9e \u00ab\u00a0d\u00e8s que l\u2019\u00e9tablissement sera conforme aux normes en vigueur.\u00a0\u00bb Une vingtaine de mesures correctives ont \u00e9t\u00e9 communiqu\u00e9es.<\/p>\n<p>Contact\u00e9e ce jeudi, l\u2019enseigne n\u2019a pas donn\u00e9 suite \u00e0 nos sollicitations.<\/p>\n<p class=\"note\">En tant que consommateur, vous pouvez signaler un manque d\u2019hygi\u00e8ne ou un probl\u00e8me de non-respect du droit de la consommation que vous rep\u00e9rez dans un magasin, un restaurant ou sur un site internet, via la plateforme www.signal.conso.gouv.fr<\/p>\n","protected":false},"excerpt":{"rendered":"La pr\u00e9fecture du Rh\u00f4ne a tranch\u00e9\u00a0ce mercredi\u00a0: Punto pizza n\u2019accueillera plus de clients jusqu\u2019\u00e0 nouvel ordre. L\u2019\u00e9tablissement situ\u00e9&hellip;\n","protected":false},"author":2,"featured_media":546996,"comment_status":"","ping_status":"","sticky":false,"template":"","format":"standard","meta":{"footnotes":""},"categories":[1889],"tags":[1111,11,2430,4406,33,2757,1777,674,1011,27,2428,2756,12,25],"class_list":{"0":"post-546995","1":"post","2":"type-post","3":"status-publish","4":"format-standard","5":"has-post-thumbnail","7":"category-lyon","8":"tag-actu","9":"tag-actualites","10":"tag-auvergne-rhone-alpes","11":"tag-commerce-et-services","12":"tag-economie","13":"tag-edition-lyon-villeurbanne","14":"tag-eu","15":"tag-europe","16":"tag-fr","17":"tag-france","18":"tag-lyon","19":"tag-lyon-bassin","20":"tag-news","21":"tag-republique-francaise"},"share_on_mastodon":{"url":"","error":""},"_links":{"self":[{"href":"https:\/\/www.europesays.com\/fr\/wp-json\/wp\/v2\/posts\/546995","targetHints":{"allow":["GET"]}}],"collection":[{"href":"https:\/\/www.europesays.com\/fr\/wp-json\/wp\/v2\/posts"}],"about":[{"href":"https:\/\/www.europesays.com\/fr\/wp-json\/wp\/v2\/types\/post"}],"author":[{"embeddable":true,"href":"https:\/\/www.europesays.com\/fr\/wp-json\/wp\/v2\/users\/2"}],"replies":[{"embeddable":true,"href":"https:\/\/www.europesays.com\/fr\/wp-json\/wp\/v2\/comments?post=546995"}],"version-history":[{"count":0,"href":"https:\/\/www.europesays.com\/fr\/wp-json\/wp\/v2\/posts\/546995\/revisions"}],"wp:featuredmedia":[{"embeddable":true,"href":"https:\/\/www.europesays.com\/fr\/wp-json\/wp\/v2\/media\/546996"}],"wp:attachment":[{"href":"https:\/\/www.europesays.com\/fr\/wp-json\/wp\/v2\/media?parent=546995"}],"wp:term":[{"taxonomy":"category","embeddable":true,"href":"https:\/\/www.europesays.com\/fr\/wp-json\/wp\/v2\/categories?post=546995"},{"taxonomy":"post_tag","embeddable":true,"href":"https:\/\/www.europesays.com\/fr\/wp-json\/wp\/v2\/tags?post=546995"}],"curies":[{"name":"wp","href":"https:\/\/api.w.org\/{rel}","templated":true}]}}