{"id":547003,"date":"2025-11-20T14:28:14","date_gmt":"2025-11-20T14:28:14","guid":{"rendered":"https:\/\/www.europesays.com\/fr\/547003\/"},"modified":"2025-11-20T14:28:14","modified_gmt":"2025-11-20T14:28:14","slug":"quinte-du-vendredi-21-novembre-2025-en-nocturne-a-vincennes-les-pronostics","status":"publish","type":"post","link":"https:\/\/www.europesays.com\/fr\/547003\/","title":{"rendered":"Quint\u00e9 du vendredi 21 novembre 2025 en nocturne \u00e0 Vincennes : les pronostics"},"content":{"rendered":"<p class=\"article-p mdl\">Retrouvez les pronostics de Dominique Cordier pour le Quint\u00e9 du vendredi 21 novembre 2025 en nocturne \u00e0 Vincennes, le Prix Ostara. <strong>D\u00e9part \u00e0 20h15. 13 partantes. <\/strong>Trot attel\u00e9. 2.100 m\u00e8tres. Grande piste. D\u00e9part \u00e0 l\u2019autostart. Juments de 5 ans.&#13;<\/p>\n<p class=\"article-p mdl\">Pour n\u2019\u00eatre que 13 au d\u00e9part, les juments de ce Quint\u00e9 ne proposent pas une \u00e9nigme facile pour autant, tant elles ont chacune autant de forces que de faiblesses.&#13;<\/p>\n<p class=\"article-p mdl\">Invaincue sur la grande piste de Vincennes, le <strong>4 Kom\u00e8re de Corday<\/strong> n\u2019a cependant jamais couru sur une distance aussi courte. Elle est cependant tr\u00e8s bien plac\u00e9e derri\u00e8re la voiture et est associ\u00e9e \u00e0 l\u2019un des grands drivers de ce d\u00e9but de meeting, Matthieu Mottier. On peut donc l\u00e9gitimement croire en ses chances.&#13;<\/p>\n<p class=\"article-p mdl\">Quand la forme est l\u00e0, il faut en profiter. D\u2019o\u00f9 la candidature du <strong>7 Kaline de Vivoin<\/strong>, qui vient de s\u2019imposer sur la distance, sans rencontrer d\u2019opposition v\u00e9ritable, et qui retrouve Eric Raffin. Elle est en outre la plus riche de ce lot. Cela sent tr\u00e8s bon\u2026&#13;<\/p>\n<p class=\"article-p mdl\">Le <strong>1 Kueen\u2019s Pride <\/strong>d\u00e9bute \u00e0 Vincennes, \u00e0 la faveur toutefois d\u2019un palmar\u00e8s provincial plus que flatteur. On prend, comme on prend le <strong>6 Knitulia<\/strong>, qui \u00e9volue sur son parcours mais qui d\u00e9pend d\u2019un effectif ultra-discret, sinon d\u00e9cevant, ces derni\u00e8res semaines.&#13;<\/p>\n<p class=\"article-p mdl\">L\u2019outsider de RTL, le 1<strong>2 Krakante<\/strong>, a brill\u00e9 pour sa seule apparition sur ce parcours. Avec une bonne course, elle peut apporter du piment aux rapports. C\u2019est une base sp\u00e9culative.<\/p>\n<p>            Les pronostics<\/p>\n<p class=\"article-p mdl\">4. Kom\u00e8re de Corday&#13;<br \/>7. Kaline de Vivoin&#13;<br \/>1. Kueen\u2019s Pride&#13;<br \/>12. Krakante&#13;<br \/>6. Knitulia&#13;<br \/>5. Kika Josselyn&#13;<br \/>9. Koralia de Crouay<\/p>\n<p>            L&rsquo;outsider de RTL<\/p>\n<p class=\"article-p mdl\">12. Krakante<\/p>\n<p>    R\u00e9sultats du mercredi 19 novembre 2025 \u00e0 Mauquenchy<\/p>\n<p class=\"article-p mdl\">La favorite de RTL s\u2019impose de fa\u00e7on assez heureuse, l\u2019outsider de RTL est 3e. La s\u00e9lection indique le Bonus 4sur5.<\/p>\n<p>    La r\u00e9daction vous recommande<\/p>\n<p class=\"s-newsletter__title\">\n                L\u2019actualit\u00e9 par la r\u00e9daction de RTL dans votre bo\u00eete mail.\n            <\/p>\n<p class=\"s-newsletter__subtitle\">\n                Gr\u00e2ce \u00e0 votre compte RTL abonnez-vous \u00e0 la newsletter RTL info pour suivre toute l&rsquo;actualit\u00e9 au quotidien\n            <\/p>\n<p>\n                                    Lire la suite\n                                <\/p>\n","protected":false},"excerpt":{"rendered":"Retrouvez les pronostics de Dominique Cordier pour le Quint\u00e9 du vendredi 21 novembre 2025 en nocturne \u00e0 Vincennes,&hellip;\n","protected":false},"author":2,"featured_media":3836,"comment_status":"","ping_status":"","sticky":false,"template":"","format":"standard","meta":{"footnotes":""},"categories":[1888],"tags":[11,2621,2622,1777,674,107,2619,1011,27,12,626,2623,362,25],"class_list":{"0":"post-547003","1":"post","2":"type-post","3":"status-publish","4":"format-standard","5":"has-post-thumbnail","7":"category-paris","8":"tag-actualites","9":"tag-chevaux","10":"tag-courses","11":"tag-eu","12":"tag-europe","13":"tag-fil-info","14":"tag-fil-sport","15":"tag-fr","16":"tag-france","17":"tag-news","18":"tag-paris","19":"tag-quinte","20":"tag-replay","21":"tag-republique-francaise"},"share_on_mastodon":{"url":"https:\/\/pubeurope.com\/@fr\/115582501075094546","error":""},"_links":{"self":[{"href":"https:\/\/www.europesays.com\/fr\/wp-json\/wp\/v2\/posts\/547003","targetHints":{"allow":["GET"]}}],"collection":[{"href":"https:\/\/www.europesays.com\/fr\/wp-json\/wp\/v2\/posts"}],"about":[{"href":"https:\/\/www.europesays.com\/fr\/wp-json\/wp\/v2\/types\/post"}],"author":[{"embeddable":true,"href":"https:\/\/www.europesays.com\/fr\/wp-json\/wp\/v2\/users\/2"}],"replies":[{"embeddable":true,"href":"https:\/\/www.europesays.com\/fr\/wp-json\/wp\/v2\/comments?post=547003"}],"version-history":[{"count":0,"href":"https:\/\/www.europesays.com\/fr\/wp-json\/wp\/v2\/posts\/547003\/revisions"}],"wp:featuredmedia":[{"embeddable":true,"href":"https:\/\/www.europesays.com\/fr\/wp-json\/wp\/v2\/media\/3836"}],"wp:attachment":[{"href":"https:\/\/www.europesays.com\/fr\/wp-json\/wp\/v2\/media?parent=547003"}],"wp:term":[{"taxonomy":"category","embeddable":true,"href":"https:\/\/www.europesays.com\/fr\/wp-json\/wp\/v2\/categories?post=547003"},{"taxonomy":"post_tag","embeddable":true,"href":"https:\/\/www.europesays.com\/fr\/wp-json\/wp\/v2\/tags?post=547003"}],"curies":[{"name":"wp","href":"https:\/\/api.w.org\/{rel}","templated":true}]}}