{"id":547006,"date":"2025-11-20T14:30:21","date_gmt":"2025-11-20T14:30:21","guid":{"rendered":"https:\/\/www.europesays.com\/fr\/547006\/"},"modified":"2025-11-20T14:30:21","modified_gmt":"2025-11-20T14:30:21","slug":"ce-que-lon-sait-de-la-proposition-americaine-pour-mettre-fin-a-la-guerre-avec-la-russie","status":"publish","type":"post","link":"https:\/\/www.europesays.com\/fr\/547006\/","title":{"rendered":"ce que l&rsquo;on sait de la proposition am\u00e9ricaine pour mettre fin \u00e0 la guerre avec la Russie"},"content":{"rendered":"<p>Ce plan reprend les conditions maximalistes avanc\u00e9es pr\u00e9c\u00e9demment par la Russie et d\u00e9j\u00e0 rejet\u00e9es dans le pass\u00e9 par Kiev qui les voyaient comme \u00e9quivalant \u00e0 une capitulation de facto.<\/p>\n<p>Voici ce que l&rsquo;on sait de ces propositions : <\/p>\n<p>Le plan inclut la \u00ab\u00a0reconnaissance de (l&rsquo;annexion de) la Crim\u00e9e et d&rsquo;autres r\u00e9gions prises par la Russie\u00a0\u00bb, qui contr\u00f4le presque 20% du territoire ukrainien, a indiqu\u00e9 \u00e0 l&rsquo;AFP un haut responsable au fait du dossier sous le couvert de l&rsquo;anonymat. <\/p>\n<p><img alt=\"Protesters have already pushed back on the idea of recognising Russia's annexation of Crimea\" loading=\"lazy\" decoding=\"async\" data-nimg=\"fill\" class=\" TwicCore_img__i9TC1 undefined  undefined\" style=\"position:absolute;height:100%;width:100%;left:0;top:0;right:0;bottom:0;color:transparent;background-size:cover;background-position:50% 50%;background-repeat:no-repeat;background-image:url(&quot;data:image\/svg+xml;charset=utf-8,%3Csvg xmlns='http:\/\/www.w3.org\/2000\/svg' %3E%3Cfilter id='b' color-interpolation-filters='sRGB'%3E%3CfeGaussianBlur stdDeviation='20'\/%3E%3CfeColorMatrix values='1 0 0 0 0 0 1 0 0 0 0 0 1 0 0 0 0 0 100 -1' result='s'\/%3E%3CfeFlood x='0' y='0' width='100%25' height='100%25'\/%3E%3CfeComposite operator='out' in='s'\/%3E%3CfeComposite in2='SourceGraphic'\/%3E%3CfeGaussianBlur stdDeviation='20'\/%3E%3C\/filter%3E%3Cimage width='100%25' height='100%25' x='0' y='0' preserveAspectRatio='none' style='filter: url(%23b);' href='https:\/\/pictures.laprovence.com\/cdn-cgi\/image\/blur=250\/media\/afp\/Part-GTY-2230096079-1-1-0.jpg'\/%3E%3C\/svg%3E&quot;)\"   src=\"https:\/\/www.europesays.com\/fr\/wp-content\/uploads\/2025\/11\/Part-GTY-2230096079-1-1-0.jpg\"\/>Protesters have already pushed back on the idea of recognising Russia&rsquo;s annexation of Crimea PHOTO AFP \/ SEAN GALLUP<\/p>\n<p>Moscou a d\u00e9j\u00e0 r\u00e9clam\u00e9 par le pass\u00e9 que Kiev lui c\u00e8de les r\u00e9gions de Donetsk, Lougansk, Kherson et Zaporijjia, dont elle revendique l&rsquo;annexion depuis septembre 2022 sans en avoir le contr\u00f4le complet, en plus de la p\u00e9ninsule de Crim\u00e9e annex\u00e9e en 2014.<\/p>\n<p>Le pr\u00e9sident russe Vladimir Poutine avait d\u00e9j\u00e0 exig\u00e9 que l&rsquo;Ukraine retire ses troupes des r\u00e9gions de Donetsk et Lougansk (est) en \u00e9change du gel de la ligne de front dans les r\u00e9gions de Zaporijjia et Kherson (sud), selon la Turquie, interm\u00e9diaire dans trois cycles de pourparlers directs entre Kiev et Moscou cette ann\u00e9e. <\/p>\n<p>L&rsquo;Ukraine exclut de reconna\u00eetre comme russes les territoires occup\u00e9s, tout en conc\u00e9dant que leur reprise par la voie militaire risque d&rsquo;\u00eatre impossible.<\/p>\n<p>Surtout, c\u00e9der les territoires de l&rsquo;Est tr\u00e8s fortifi\u00e9s risque de laisser l&rsquo;Ukraine vuln\u00e9rable \u00e0 de futures attaques russes.<\/p>\n<p>Les propositions pr\u00e9voient aussi \u00ab\u00a0la r\u00e9duction de l&rsquo;arm\u00e9e ukrainienne \u00e0 400.000 personnes\u00a0\u00bb, soit \u00e0 peine plus de la moiti\u00e9 de ses effectifs et l&rsquo;abandon de toutes ses armes \u00e0 longue port\u00e9e, selon le haut responsable. <\/p>\n<p><img alt=\"Des soldats ukrainiens se reposent non loin de la ligne de front dans la r\u00e9gion de Dnipropetrovsk en Ukraine le 14 juin 2025\" loading=\"lazy\" decoding=\"async\" data-nimg=\"fill\" class=\" TwicCore_img__i9TC1 undefined  undefined\" style=\"position:absolute;height:100%;width:100%;left:0;top:0;right:0;bottom:0;color:transparent;background-size:cover;background-position:50% 50%;background-repeat:no-repeat;background-image:url(&quot;data:image\/svg+xml;charset=utf-8,%3Csvg xmlns='http:\/\/www.w3.org\/2000\/svg' %3E%3Cfilter id='b' color-interpolation-filters='sRGB'%3E%3CfeGaussianBlur stdDeviation='20'\/%3E%3CfeColorMatrix values='1 0 0 0 0 0 1 0 0 0 0 0 1 0 0 0 0 0 100 -1' result='s'\/%3E%3CfeFlood x='0' y='0' width='100%25' height='100%25'\/%3E%3CfeComposite operator='out' in='s'\/%3E%3CfeComposite in2='SourceGraphic'\/%3E%3CfeGaussianBlur stdDeviation='20'\/%3E%3C\/filter%3E%3Cimage width='100%25' height='100%25' x='0' y='0' preserveAspectRatio='none' style='filter: url(%23b);' href='https:\/\/pictures.laprovence.com\/cdn-cgi\/image\/blur=250\/media\/afp\/3cf4233aed6190890120b4ca37273c635b482a93.jpg'\/%3E%3C\/svg%3E&quot;)\"   src=\"https:\/\/www.europesays.com\/fr\/wp-content\/uploads\/2025\/11\/3cf4233aed6190890120b4ca37273c635b482a93.jpg\"\/>Des soldats ukrainiens se reposent non loin de la ligne de front dans la r\u00e9gion de Dnipropetrovsk en Ukraine le 14 juin 2025 PHOTO AFP \/ Florent VERGNES<\/p>\n<p>La limitation des capacit\u00e9s militaires de l&rsquo;Ukraine, l&rsquo;arr\u00eat des livraisons d&rsquo;armes par ses alli\u00e9s et l&rsquo;interdiction de la mobilisation font partie des exigences d\u00e9j\u00e0 exprim\u00e9es par Moscou qui dispose de troupes plus nombreuses et mieux arm\u00e9es. <\/p>\n<p>La Russie est farouchement oppos\u00e9e \u00e0 toute pr\u00e9sence de troupes de l&rsquo;Otan en Ukraine ainsi qu&rsquo;\u00e0 l&rsquo;adh\u00e9sion de Kiev dans l&rsquo;Alliance.<\/p>\n<p>Kiev r\u00e9clame pour sa part des garanties de s\u00e9curit\u00e9 de l&rsquo;Occident dont des troupes europ\u00e9ennes sur son sol.<\/p>\n<p>Kiev estime que ces propositions avaient \u00e9t\u00e9 pr\u00e9par\u00e9es par la Russie et approuv\u00e9es par les Am\u00e9ricains qui envoient \u00e0 Kiev des \u00ab\u00a0signaux\u00a0\u00bb pour \u00ab\u00a0accepter ce plan\u00a0\u00bb, a d\u00e9clar\u00e9 \u00e0 l&rsquo;AFP le haut responsable.<\/p>\n<p>\u00ab\u00a0Nous ne savons pas s&rsquo;il s&rsquo;agit r\u00e9ellement d&rsquo;un plan de Trump\u00a0\u00bb ou simplement \u00ab\u00a0de son entourage\u00a0\u00bb, a-t-il ajout\u00e9. Ce que la Russie est cens\u00e9e faire en retour \u00ab\u00a0n&rsquo;est pas clair\u00a0\u00bb, a encore soulign\u00e9 ce responsable.<\/p>\n<p>D&rsquo;apr\u00e8s le m\u00e9dia am\u00e9ricain Axios, Washington et Moscou ont travaill\u00e9 en secret \u00e0 son \u00e9laboration, ce que le Kremlin a refus\u00e9 de commenter.<\/p>\n<p>Cette proposition intervient alors que les pourparlers entre Kiev et Moscou sont au point mort, et que l&rsquo;arm\u00e9e russe avance dans plusieurs secteurs tout en poursuivant ses attaques sur les villes ukrainiennes.<\/p>\n<p><img alt=\"Au moins 26 personnes sont mortes dans des frappes russes sur la ville de Ternopil dans l'ouest de l'Ukraine le 19 novembre 2025\" loading=\"lazy\" decoding=\"async\" data-nimg=\"fill\" class=\" TwicCore_img__i9TC1 undefined  undefined\" style=\"position:absolute;height:100%;width:100%;left:0;top:0;right:0;bottom:0;color:transparent;background-size:cover;background-position:50% 50%;background-repeat:no-repeat;background-image:url(&quot;data:image\/svg+xml;charset=utf-8,%3Csvg xmlns='http:\/\/www.w3.org\/2000\/svg' %3E%3Cfilter id='b' color-interpolation-filters='sRGB'%3E%3CfeGaussianBlur stdDeviation='20'\/%3E%3CfeColorMatrix values='1 0 0 0 0 0 1 0 0 0 0 0 1 0 0 0 0 0 100 -1' result='s'\/%3E%3CfeFlood x='0' y='0' width='100%25' height='100%25'\/%3E%3CfeComposite operator='out' in='s'\/%3E%3CfeComposite in2='SourceGraphic'\/%3E%3CfeGaussianBlur stdDeviation='20'\/%3E%3C\/filter%3E%3Cimage width='100%25' height='100%25' x='0' y='0' preserveAspectRatio='none' style='filter: url(%23b);' href='https:\/\/pictures.laprovence.com\/cdn-cgi\/image\/blur=250\/media\/afp\/34dbd559ebf513293ec7db7958fceee5f5562f51.jpg'\/%3E%3C\/svg%3E&quot;)\"   src=\"https:\/\/www.europesays.com\/fr\/wp-content\/uploads\/2025\/11\/34dbd559ebf513293ec7db7958fceee5f5562f51.jpg\"\/>Au moins 26 personnes sont mortes dans des frappes russes sur la ville de Ternopil dans l&rsquo;ouest de l&rsquo;Ukraine le 19 novembre 2025 PHOTO AFP \/ YURIY DYACHYSHYN<\/p>\n<p>Au moins 26 personnes ont \u00e9t\u00e9 tu\u00e9es mercredi, dont trois enfants, \u00e0 Ternopil, dans l&rsquo;ouest du pays pourtant tr\u00e8s \u00e9loign\u00e9 du front, une des frappes russes les plus meurtri\u00e8res sur l&rsquo;Ukraine cette ann\u00e9e.<\/p>\n<p>Depuis son retour au pouvoir en d\u00e9but d&rsquo;ann\u00e9e, Donald Trump s&rsquo;est pr\u00e9sent\u00e9 comme un m\u00e9diateur pour ce conflit sans aboutir \u00e0 aucune cessation des hostilit\u00e9s. <\/p>\n<p>Se disant tour \u00e0 tour frustr\u00e9 par Volodymyr Zelensky et Vladimir Poutine, il a finalement adopt\u00e9 en octobre des sanctions contre le secteur p\u00e9trolier russe.<\/p>\n<p>Kiev et Washington n&rsquo;ont pas r\u00e9agi officiellement aux publications sur ces propositions. Le Kremlin a d\u00e9clar\u00e9 n&rsquo;avoir aucun commentaire.<\/p>\n<p>Les alli\u00e9s europ\u00e9ens de l&rsquo;Ukraine ont de leur c\u00f4t\u00e9 rappel\u00e9 qu&rsquo;un accord ne pouvait se faire sans inclure l&rsquo;UE et Kiev.<\/p>\n<p>\u00ab\u00a0Pour qu&rsquo;un plan fonctionne, il faut que les Ukrainiens et les Europ\u00e9ens soient impliqu\u00e9s\u00a0\u00bb, a d\u00e9clar\u00e9 jeudi la cheffe de la diplomatie de l&rsquo;UE, Kaja Kallas.<\/p>\n<p>\u00ab\u00a0Dans cette guerre, il y a un agresseur et une victime. Donc, nous n&rsquo;avons entendu parler d&rsquo;aucune concession de la part de la Russie\u00a0\u00bb, a-t-elle ajout\u00e9.<\/p>\n<p>\u00ab\u00a0Les Ukrainiens refuseront toujours toute forme de capitulation\u00a0\u00bb, a lanc\u00e9 \u00e0 Bruxelles le chef de la diplomatie fran\u00e7aise Jean-No\u00ebl Barrot.<\/p>\n<p>Toute paix doit \u00eatre \u00ab\u00a0entour\u00e9e des garanties n\u00e9cessaires pour pr\u00e9venir toute nouvelle agression par la Russie de Vladimir Poutine\u00a0\u00bb, a-t-il ajout\u00e9.<\/p>\n","protected":false},"excerpt":{"rendered":"Ce plan reprend les conditions maximalistes avanc\u00e9es pr\u00e9c\u00e9demment par la Russie et d\u00e9j\u00e0 rejet\u00e9es dans le pass\u00e9 par&hellip;\n","protected":false},"author":2,"featured_media":547007,"comment_status":"","ping_status":"","sticky":false,"template":"","format":"standard","meta":{"footnotes":""},"categories":[1591],"tags":[17,11,6370,1887,329,747,12,471,4655,746,1885,1886,132,748,220],"class_list":{"0":"post-547006","1":"post","2":"type-post","3":"status-publish","4":"format-standard","5":"has-post-thumbnail","7":"category-russie","8":"tag-17","9":"tag-actualites","10":"tag-americaine","11":"tag-federation-de-russie","12":"tag-france-monde","13":"tag-lon","14":"tag-news","15":"tag-pour","16":"tag-proposition","17":"tag-que","18":"tag-russia","19":"tag-russian-federation","20":"tag-russie","21":"tag-sait","22":"tag-ukraine"},"share_on_mastodon":{"url":"https:\/\/pubeurope.com\/@fr\/115582509935606096","error":""},"_links":{"self":[{"href":"https:\/\/www.europesays.com\/fr\/wp-json\/wp\/v2\/posts\/547006","targetHints":{"allow":["GET"]}}],"collection":[{"href":"https:\/\/www.europesays.com\/fr\/wp-json\/wp\/v2\/posts"}],"about":[{"href":"https:\/\/www.europesays.com\/fr\/wp-json\/wp\/v2\/types\/post"}],"author":[{"embeddable":true,"href":"https:\/\/www.europesays.com\/fr\/wp-json\/wp\/v2\/users\/2"}],"replies":[{"embeddable":true,"href":"https:\/\/www.europesays.com\/fr\/wp-json\/wp\/v2\/comments?post=547006"}],"version-history":[{"count":0,"href":"https:\/\/www.europesays.com\/fr\/wp-json\/wp\/v2\/posts\/547006\/revisions"}],"wp:featuredmedia":[{"embeddable":true,"href":"https:\/\/www.europesays.com\/fr\/wp-json\/wp\/v2\/media\/547007"}],"wp:attachment":[{"href":"https:\/\/www.europesays.com\/fr\/wp-json\/wp\/v2\/media?parent=547006"}],"wp:term":[{"taxonomy":"category","embeddable":true,"href":"https:\/\/www.europesays.com\/fr\/wp-json\/wp\/v2\/categories?post=547006"},{"taxonomy":"post_tag","embeddable":true,"href":"https:\/\/www.europesays.com\/fr\/wp-json\/wp\/v2\/tags?post=547006"}],"curies":[{"name":"wp","href":"https:\/\/api.w.org\/{rel}","templated":true}]}}