{"id":547014,"date":"2025-11-20T14:34:23","date_gmt":"2025-11-20T14:34:23","guid":{"rendered":"https:\/\/www.europesays.com\/fr\/547014\/"},"modified":"2025-11-20T14:34:23","modified_gmt":"2025-11-20T14:34:23","slug":"en-allemagne-lafd-divisee-face-a-la-russie","status":"publish","type":"post","link":"https:\/\/www.europesays.com\/fr\/547014\/","title":{"rendered":"En Allemagne, l\u2019AfD divis\u00e9e face \u00e0 la Russie"},"content":{"rendered":"<p>                     <img loading=\"lazy\" decoding=\"async\" src=\"https:\/\/www.europesays.com\/fr\/wp-content\/uploads\/2025\/11\/6b20bff_upload-1-tkakydkqt1vs-epaliveeight639202.jpg\" alt=\"Alice Weidel et Tino Chrupalla, copr\u00e9sidents d\u2019Alternative f\u00fcr Deutschland (AfD), \u00e0 Berlin, le 4\u00a0novembre\u00a02025.\"   width=\"664\" height=\"443\"\/>    Alice Weidel et Tino Chrupalla, copr\u00e9sidents d\u2019Alternative f\u00fcr Deutschland (AfD), \u00e0 Berlin, le 4\u00a0novembre\u00a02025.  CLEMENS BILAN\/EPA                 <\/p>\n<p class=\"article__paragraph  \">Est ou Ouest\u00a0: c\u2019est l\u2019une des lignes de fracture qui divisent le parti d\u2019extr\u00eame droite allemand Alternative f\u00fcr Deutschland (AfD). La formation, qui compte 151\u00a0d\u00e9put\u00e9s au Bundestag (sur 630), est sujette depuis quelques jours \u00e0 une vive dispute interne autour de ses liens avec Moscou, illustr\u00e9s par la pr\u00e9sence de plusieurs \u00e9lus \u00e0 une conf\u00e9rence \u00e0 Sotchi, au bord de la mer Noire.<\/p>\n<p class=\"article__paragraph  \">Trois \u00e9lus de l\u2019AfD se sont rendus vendredi\u00a014 et samedi 15\u00a0novembre \u00e0 cet \u00e9v\u00e9nement baptis\u00e9 \u00ab\u00a0BRICS-Europe\u00a0\u00bb, dont c\u2019\u00e9tait la deuxi\u00e8me \u00e9dition dans la station baln\u00e9aire russe, et auquel participait l\u2019ancien pr\u00e9sident russe Dmitri Medvedev, aujourd\u2019hui vice-pr\u00e9sident du Conseil de s\u00e9curit\u00e9 de la F\u00e9d\u00e9ration de Russie. J\u00f6rg Urban, d\u00e9put\u00e9 au parlement r\u00e9gional de la Saxe, l\u2019eurod\u00e9put\u00e9 Hans Neuhoff et le d\u00e9put\u00e9 f\u00e9d\u00e9ral Steffen Kotr\u00e9 ont fait le d\u00e9placement, tandis qu\u2019une poign\u00e9e d\u2019autres \u00e9lus AfD se sont connect\u00e9s \u00e0 distance. Sur place, les invit\u00e9s ont d\u00e9nonc\u00e9 \u00e0 la tribune les m\u00e9faits de l\u2019embargo sur les hydrocarbures russes et plaid\u00e9 pour la reprise des importations vers l\u2019Allemagne.<\/p>\n<p class=\"article__paragraph  \">\u00ab\u00a0Le renoncement aux mati\u00e8res premi\u00e8res \u00e9nerg\u00e9tiques russes a entra\u00een\u00e9 une telle augmentation du prix de l\u2019\u00e9nergie que de nombreuses entreprises du Land de Saxe ont d\u00fb fermer ou se d\u00e9localiser \u00e0 l\u2019\u00e9tranger\u00a0\u00bb, a affirm\u00e9 J\u00f6rg Urban, selon les propos rapport\u00e9s par le portail T-Online, insistant sur l\u2019existence de forces politiques allemandes d\u00e9sireuses de coop\u00e9rer avec la Russie. <\/p>\n<p class=\"reading-mode-only \"><strong>Il vous reste 76.48% de cet article \u00e0 lire. La suite est r\u00e9serv\u00e9e aux abonn\u00e9s.<\/strong><\/p>\n","protected":false},"excerpt":{"rendered":"Alice Weidel et Tino Chrupalla, copr\u00e9sidents d\u2019Alternative f\u00fcr Deutschland (AfD), \u00e0 Berlin, le 4\u00a0novembre\u00a02025. CLEMENS BILAN\/EPA Est ou&hellip;\n","protected":false},"author":2,"featured_media":547015,"comment_status":"","ping_status":"","sticky":false,"template":"","format":"standard","meta":{"footnotes":""},"categories":[1587],"tags":[11,672,1804,1805,1803,1777,674,1801,12,1802],"class_list":{"0":"post-547014","1":"post","2":"type-post","3":"status-publish","4":"format-standard","5":"has-post-thumbnail","7":"category-allemagne","8":"tag-actualites","9":"tag-allemagne","10":"tag-bundesrepublik-deutschland","11":"tag-de","12":"tag-deutschland","13":"tag-eu","14":"tag-europe","15":"tag-germany","16":"tag-news","17":"tag-republique-federale-dallemagne"},"share_on_mastodon":{"url":"https:\/\/pubeurope.com\/@fr\/115582526209382580","error":""},"_links":{"self":[{"href":"https:\/\/www.europesays.com\/fr\/wp-json\/wp\/v2\/posts\/547014","targetHints":{"allow":["GET"]}}],"collection":[{"href":"https:\/\/www.europesays.com\/fr\/wp-json\/wp\/v2\/posts"}],"about":[{"href":"https:\/\/www.europesays.com\/fr\/wp-json\/wp\/v2\/types\/post"}],"author":[{"embeddable":true,"href":"https:\/\/www.europesays.com\/fr\/wp-json\/wp\/v2\/users\/2"}],"replies":[{"embeddable":true,"href":"https:\/\/www.europesays.com\/fr\/wp-json\/wp\/v2\/comments?post=547014"}],"version-history":[{"count":0,"href":"https:\/\/www.europesays.com\/fr\/wp-json\/wp\/v2\/posts\/547014\/revisions"}],"wp:featuredmedia":[{"embeddable":true,"href":"https:\/\/www.europesays.com\/fr\/wp-json\/wp\/v2\/media\/547015"}],"wp:attachment":[{"href":"https:\/\/www.europesays.com\/fr\/wp-json\/wp\/v2\/media?parent=547014"}],"wp:term":[{"taxonomy":"category","embeddable":true,"href":"https:\/\/www.europesays.com\/fr\/wp-json\/wp\/v2\/categories?post=547014"},{"taxonomy":"post_tag","embeddable":true,"href":"https:\/\/www.europesays.com\/fr\/wp-json\/wp\/v2\/tags?post=547014"}],"curies":[{"name":"wp","href":"https:\/\/api.w.org\/{rel}","templated":true}]}}