{"id":547016,"date":"2025-11-20T14:35:12","date_gmt":"2025-11-20T14:35:12","guid":{"rendered":"https:\/\/www.europesays.com\/fr\/547016\/"},"modified":"2025-11-20T14:35:12","modified_gmt":"2025-11-20T14:35:12","slug":"cette-ancienne-base-nucleaire-secrete-est-devenu-un-laboratoire-unique-en-europe","status":"publish","type":"post","link":"https:\/\/www.europesays.com\/fr\/547016\/","title":{"rendered":"Cette ancienne base nucl\u00e9aire secr\u00e8te est devenu un laboratoire unique en Europe"},"content":{"rendered":"<p><a href=\"https:\/\/www.brut.media\/fr\/sciences-technologies\" class=\"breadcrumbs-link w-inline-block\" rel=\"nofollow noopener\" target=\"_blank\"><\/p>\n<p>Sciences &amp; Technologies<\/p>\n<p><\/a><a href=\"https:\/\/www.brut.media\/fr\/sciences-technologies\/sciences\" class=\"breadcrumbs-link w-inline-block\" rel=\"nofollow noopener\" target=\"_blank\"><\/p>\n<p>Sciences<\/p>\n<p><\/a><\/p>\n<p>Salut, pour ce nouvel \u00e9pisode des explorations de Flo, je vous emm\u00e8ne dans un site souvent surnomm\u00e9 la zone 51 fran\u00e7aise. Depuis les ann\u00e9es 1970, la r\u00e9gion a la r\u00e9putation d\u2019\u00eatre un \u00ab\u00a0hotspot\u00a0\u00bb d\u2019observations d\u2019OVNI, plusieurs personnes disent voir r\u00e9guli\u00e8rement des lumi\u00e8res \u00e9tranges au-dessus du plateau, mais autre chose intrigue les habitants.<\/p>\n<p>Sur le plateau d&rsquo;Albion, entre les champs de lavande et les anciennes mines d\u2019ocre du Colorado Proven\u00e7al, se trouve une zone totalement cl\u00f4tur\u00e9e et longtemps class\u00e9e secret-d\u00e9fense. Jusqu\u2019en 1996, c\u2019\u00e9tait totalement impossible d&rsquo;y p\u00e9n\u00e9trer. L\u2019acc\u00e8s \u00e9tait formellement interdit et pour cause, c\u2019\u00e9tait la base de lancement des missiles nucl\u00e9aires fran\u00e7ais. Comme peu d\u2019informations filtraient sur ce qu\u2019il se passait \u00e0 l&rsquo;int\u00e9rieur, cela a aliment\u00e9 les rumeurs d\u2019exp\u00e9riences \u00e9tranges et m\u00eame de travaux sur les extraterrestres. Alors aujourd\u2019hui, on ne va pas parler d\u2019OVNI, mais vraiment de cette base devenue depuis un laboratoire scientifique unique en Europe.<\/p>\n<p>On va explorer les entrailles de ce bunker g\u00e9ant, comprendre son histoire militaire et voir comment sa configuration tr\u00e8s sp\u00e9ciale est aujourd&rsquo;hui au service de la science.<\/p>\n<p>Publi\u00e9 le<\/p>\n<p>20<\/p>\n<p>\/<\/p>\n<p>11<\/p>\n<p>\/<\/p>\n<p>2025<\/p>\n","protected":false},"excerpt":{"rendered":"Sciences &amp; Technologies Sciences Salut, pour ce nouvel \u00e9pisode des explorations de Flo, je vous emm\u00e8ne dans un&hellip;\n","protected":false},"author":2,"featured_media":547017,"comment_status":"","ping_status":"","sticky":false,"template":"","format":"standard","meta":{"footnotes":""},"categories":[1586],"tags":[11,1777,674,1011,27,12,25],"class_list":{"0":"post-547016","1":"post","2":"type-post","3":"status-publish","4":"format-standard","5":"has-post-thumbnail","7":"category-europe","8":"tag-actualites","9":"tag-eu","10":"tag-europe","11":"tag-fr","12":"tag-france","13":"tag-news","14":"tag-republique-francaise"},"share_on_mastodon":{"url":"https:\/\/pubeurope.com\/@fr\/115582528706719304","error":""},"_links":{"self":[{"href":"https:\/\/www.europesays.com\/fr\/wp-json\/wp\/v2\/posts\/547016","targetHints":{"allow":["GET"]}}],"collection":[{"href":"https:\/\/www.europesays.com\/fr\/wp-json\/wp\/v2\/posts"}],"about":[{"href":"https:\/\/www.europesays.com\/fr\/wp-json\/wp\/v2\/types\/post"}],"author":[{"embeddable":true,"href":"https:\/\/www.europesays.com\/fr\/wp-json\/wp\/v2\/users\/2"}],"replies":[{"embeddable":true,"href":"https:\/\/www.europesays.com\/fr\/wp-json\/wp\/v2\/comments?post=547016"}],"version-history":[{"count":0,"href":"https:\/\/www.europesays.com\/fr\/wp-json\/wp\/v2\/posts\/547016\/revisions"}],"wp:featuredmedia":[{"embeddable":true,"href":"https:\/\/www.europesays.com\/fr\/wp-json\/wp\/v2\/media\/547017"}],"wp:attachment":[{"href":"https:\/\/www.europesays.com\/fr\/wp-json\/wp\/v2\/media?parent=547016"}],"wp:term":[{"taxonomy":"category","embeddable":true,"href":"https:\/\/www.europesays.com\/fr\/wp-json\/wp\/v2\/categories?post=547016"},{"taxonomy":"post_tag","embeddable":true,"href":"https:\/\/www.europesays.com\/fr\/wp-json\/wp\/v2\/tags?post=547016"}],"curies":[{"name":"wp","href":"https:\/\/api.w.org\/{rel}","templated":true}]}}