{"id":547018,"date":"2025-11-20T14:36:19","date_gmt":"2025-11-20T14:36:19","guid":{"rendered":"https:\/\/www.europesays.com\/fr\/547018\/"},"modified":"2025-11-20T14:36:19","modified_gmt":"2025-11-20T14:36:19","slug":"la-bulgarie-va-t-elle-trebucher-dans-la-derniere-ligne-droite","status":"publish","type":"post","link":"https:\/\/www.europesays.com\/fr\/547018\/","title":{"rendered":"la Bulgarie va-t-elle tr\u00e9bucher dans la derni\u00e8re ligne droite ?"},"content":{"rendered":"\n<p>Les partisans bulgares de la monnaie unique n\u2019avaient pas besoin de \u00e7a. Un peu plus d\u2019un mois avant l\u2019entr\u00e9e officielle de la Bulgarie dans la zone euro, et alors que ses d\u00e9tracteurs semblaient avoir d\u00e9j\u00e0 rendu les armes, une d\u00e9cision de la Cour constitutionnelle relance le d\u00e9bat. \u201cLe r\u00e9f\u00e9rendum demand\u00e9 par le pr\u00e9sident Roumen Radev revient \u00e0 l\u2019ordre du jour\u201d, <a class=\"ithalc\" data-ithal=\"lien_externe\" data-ithalc=\"[nav_article]\" target=\"_blank\" href=\"https:\/\/www.mediapool.bg\/mesets-predi-evrozonata-referendumat-na-radev-pak-izleze-na-dneven-red-news377428.html\" rel=\"noopener\">titrait ainsi le journal en ligne <strong>Mediapool<\/strong><\/a><strong>,<\/strong> mercredi 19\u00a0novembre.<\/p>\n<p>Mardi 18\u00a0octobre, la Cour constitutionnelle a jug\u00e9 que le rejet de sa demande formul\u00e9e au mois de mai \u00e9tait ill\u00e9gal. \u00c0 l\u2019\u00e9poque, la pr\u00e9sidente du Parlement bulgare, Natalia Kisselova, l\u2019avait class\u00e9e sans suite. Or, selon les juges constitutionnels, elle n\u2019avait pas ce droit-l\u00e0.<\/p>\n<p>Radev avait \u00e0 plusieurs reprises qualifi\u00e9 l\u2019adoption de l\u2019euro par la Bulgarie, pr\u00e9vue pour le 1er\u00a0janvier, de \u201cpr\u00e9matur\u00e9e\u201d. Le gouvernement actuel, dirig\u00e9 par Rossen Jeliazkov, un ancien lieutenant de l\u2019ex-Premier ministre conservateur Bo\u00efko Borissov, plaide en revanche pour l\u2019introduction de la monnaie unique et b\u00e9n\u00e9ficie d\u2019un consensus au Parlement sur cette question. Seul le parti prorusse Vazrajdan\u00e9 s\u2019\u00e9tait fait l\u2019avocat de la demande de Roumen Radev. \u00c0 la suite de la d\u00e9cision des juges constitutionnels, Radev invite d\u00e9sormais les d\u00e9put\u00e9s \u00e0 remettre \u00e0 l\u2019ordre du jour la questio<\/p>\n","protected":false},"excerpt":{"rendered":"Les partisans bulgares de la monnaie unique n\u2019avaient pas besoin de \u00e7a. Un peu plus d\u2019un mois avant&hellip;\n","protected":false},"author":2,"featured_media":547019,"comment_status":"","ping_status":"","sticky":false,"template":"","format":"standard","meta":{"footnotes":""},"categories":[1586],"tags":[11,9043,1777,450,674,1779,1011,27,32824,12,316,25,2542,1778,364,2475],"class_list":{"0":"post-547018","1":"post","2":"type-post","3":"status-publish","4":"format-standard","5":"has-post-thumbnail","7":"category-europe","8":"tag-actualites","9":"tag-bulgarie","10":"tag-eu","11":"tag-euro","12":"tag-europe","13":"tag-european-union","14":"tag-fr","15":"tag-france","16":"tag-monnaies","17":"tag-news","18":"tag-politique","19":"tag-republique-francaise","20":"tag-u00e9conomie","21":"tag-ue","22":"tag-union-europeenne","23":"tag-union-europu00e9enne"},"share_on_mastodon":{"url":"https:\/\/pubeurope.com\/@fr\/115582532731695713","error":""},"_links":{"self":[{"href":"https:\/\/www.europesays.com\/fr\/wp-json\/wp\/v2\/posts\/547018","targetHints":{"allow":["GET"]}}],"collection":[{"href":"https:\/\/www.europesays.com\/fr\/wp-json\/wp\/v2\/posts"}],"about":[{"href":"https:\/\/www.europesays.com\/fr\/wp-json\/wp\/v2\/types\/post"}],"author":[{"embeddable":true,"href":"https:\/\/www.europesays.com\/fr\/wp-json\/wp\/v2\/users\/2"}],"replies":[{"embeddable":true,"href":"https:\/\/www.europesays.com\/fr\/wp-json\/wp\/v2\/comments?post=547018"}],"version-history":[{"count":0,"href":"https:\/\/www.europesays.com\/fr\/wp-json\/wp\/v2\/posts\/547018\/revisions"}],"wp:featuredmedia":[{"embeddable":true,"href":"https:\/\/www.europesays.com\/fr\/wp-json\/wp\/v2\/media\/547019"}],"wp:attachment":[{"href":"https:\/\/www.europesays.com\/fr\/wp-json\/wp\/v2\/media?parent=547018"}],"wp:term":[{"taxonomy":"category","embeddable":true,"href":"https:\/\/www.europesays.com\/fr\/wp-json\/wp\/v2\/categories?post=547018"},{"taxonomy":"post_tag","embeddable":true,"href":"https:\/\/www.europesays.com\/fr\/wp-json\/wp\/v2\/tags?post=547018"}],"curies":[{"name":"wp","href":"https:\/\/api.w.org\/{rel}","templated":true}]}}