{"id":547024,"date":"2025-11-20T14:39:14","date_gmt":"2025-11-20T14:39:14","guid":{"rendered":"https:\/\/www.europesays.com\/fr\/547024\/"},"modified":"2025-11-20T14:39:14","modified_gmt":"2025-11-20T14:39:14","slug":"la-france-a-cinq-mois-pour-demontrer-que-les-citoyens-ont-ete-suffisamment-informes-et-consultes-ram05","status":"publish","type":"post","link":"https:\/\/www.europesays.com\/fr\/547024\/","title":{"rendered":"la France a cinq mois pour d\u00e9montrer que les citoyens ont \u00e9t\u00e9 suffisamment inform\u00e9s et consult\u00e9s \u2014 ram05"},"content":{"rendered":"<p>          <img decoding=\"async\" loading=\"lazy\" class=\"img--post img--duplicate-one\" width=\"900\" height=\"599\" alt=\"\" src=\"https:\/\/www.europesays.com\/fr\/wp-content\/uploads\/2025\/11\/Resized_IMG-20251119-WA0002-900x599.jpg\" \/><br \/>\n          <a class=\"lightbox-link reset\" href=\"https:\/\/ram05.fr\/wp-content\/uploads\/2025\/11\/Resized_IMG-20251119-WA0002.jpg\" data-fancybox=\"gallery1105278639\" data-caption=\"&lt;div&gt;Des citoyens participent en musique \u00e0 la mobilisation du 18 novembre devant l&#039;un des b\u00e2timent des Nations Unies \u00e0 Gen\u00e8ve \u00a9 Colectif citoyen JOP 2030&lt;\/div&gt;\" rel=\"nofollow noopener\" target=\"_blank\"><img decoding=\"async\" loading=\"lazy\" class=\"img--post img--duplicate-two\" width=\"900\" height=\"599\" alt=\"\" src=\"https:\/\/www.europesays.com\/fr\/wp-content\/uploads\/2025\/11\/Resized_IMG-20251119-WA0002-900x599.jpg\" \/><\/a><\/p>\n<p>Des citoyens participent en musique \u00e0 la mobilisation du 18 novembre devant l&rsquo;un des b\u00e2timent des Nations Unies \u00e0 Gen\u00e8ve \u00a9 Colectif citoyen JOP 2030<\/p>\n<p><strong>Mercredi 19 novembre, le comit\u00e9 de contr\u00f4le du respect de la convention d\u2019Aarhus a jug\u00e9 recevable le recours d\u2019associations et de collectifs contre les Jeux Olympiques de 2030 dans les Alpes fran\u00e7aises.<\/strong> <strong>Les requ\u00e9rants estimaient que la population n\u2019avait pas \u00e9t\u00e9 suffisamment inform\u00e9e et consult\u00e9e sur la tenue de cet \u00e9v\u00e9nement.<\/strong><\/p>\n<p>Le comit\u00e9 d\u2019Aarhus, une institution onusienne rarement saisie, et donn\u00e9 raison aux associations et collectifs qui avait l\u2019avait saisie. Dans les cinq prochains mois, la France va devoir justifier qu\u2019elle a effectivement men\u00e9 un d\u00e9bat public autour des jeux d\u2019hiver de 2030.<\/p>\n<p>Ratifi\u00e9e par la France, cette convention garantit la bonne information et participation du public pour les projets pr\u00e9sentant potentiellement un fort impact environnemental. Les d\u00e9cisions du comit\u00e9 ne sont pas juridiquement contraignantes, en revanche, ses conclusions et recommandations \u00ab\u00a0servent de r\u00e9f\u00e9rence aux cours et tribunaux\u00a0\u00bb analyse le site sp\u00e9cialis\u00e9 <a href=\"https:\/\/latribune.avocats.be\/fr\/acces-a-la-justice-en-matiere-d-environnement\" data-type=\"link\" data-id=\"https:\/\/latribune.avocats.be\/fr\/acces-a-la-justice-en-matiere-d-environnement\" rel=\"nofollow noopener\" target=\"_blank\">La Tribune<\/a>. Cette d\u00e9cision ouvre une premi\u00e8re \u00e9tape, pendant laquelle la France va devoir faire part de ses observations et \u00e0 l\u2019issue de laquelle un jeu d\u2019\u00e9change s\u2019ouvrira avec les requ\u00e9rants.<\/p>\n<p>Parmi eux , <a href=\"https:\/\/ram05.fr\/podcasts\/la-vie-publique\/le-collectif-jop-2030-examine-les-enjeux-institutionnels-juridiques-et-financiers-des-jo-2030\" rel=\"nofollow noopener\" target=\"_blank\">le collectif citoyen JOP 2030<\/a>, qui a fait de la concertation son principal fer de lance. Delphine Larat, juriste et membre du collectif a accueilli la nouvelle avec \u00ab beaucoup de joie \u00bb. Pas parce que le collectif a gagn\u00e9 mais car la \u00ab la d\u00e9mocratie environnementale l\u2019a emport\u00e9 \u00bb. La participation, ce n\u2019est pas juste pour valider le projet, anticipe Delphine Larat, mais pour r\u00e9fl\u00e9chir \u00e0 sa pertinence \u00bb.<\/p>\n<p style=\"font-size:18px\"><strong>\u00ab L\u2019attribution des jeux n\u2019est pas encore effective \u00bb<\/strong><\/p>\n<p>Si la France a cinq mois pour prouver qu\u2019elle a respect\u00e9 la convention, \u00ab\u00a0rien ne lui interdit de lancer rapidement une consultation. Non projet par projet, mais sur l\u2019ensemble \u00bb estime Francis Charpentier, vice-pr\u00e9sident de Mountain Wilderness qui a \u00e9galement particip\u00e9 au recours. Une s\u00e9ance de rattrapage en mati\u00e8re de consultation aurait encore un sens selon Delphine Larat, d\u2019autant plus que sur le plan l\u00e9gislatif \u00ab l\u2019attribution des jeux n\u2019est pas effective [dans la mesure o\u00f9] ni la loi olympique, ni le budget 2026 qui int\u00e8gre la troisi\u00e8me garantie qui est suspensive pour l\u2019attribution n\u2019ont \u00e9t\u00e9 vot\u00e9s \u00bb. Le collectif JOP 2030 demande la suspension du projet de loi olympique et appelle les organisateurs \u00e0 saisir la Commission Nationale du D\u00e9bat Public pour mener une concertation, ce qu\u2019il a refus\u00e9 de faire jusqu\u2019\u00e0 pr\u00e9sent.<\/p>\n","protected":false},"excerpt":{"rendered":"Des citoyens participent en musique \u00e0 la mobilisation du 18 novembre devant l&rsquo;un des b\u00e2timent des Nations Unies&hellip;\n","protected":false},"author":2,"featured_media":547025,"comment_status":"","ping_status":"","sticky":false,"template":"","format":"standard","meta":{"footnotes":""},"categories":[4],"tags":[11,1011,27,12,25],"class_list":{"0":"post-547024","1":"post","2":"type-post","3":"status-publish","4":"format-standard","5":"has-post-thumbnail","7":"category-france","8":"tag-actualites","9":"tag-fr","10":"tag-france","11":"tag-news","12":"tag-republique-francaise"},"share_on_mastodon":{"url":"https:\/\/pubeurope.com\/@fr\/115582545319694013","error":""},"_links":{"self":[{"href":"https:\/\/www.europesays.com\/fr\/wp-json\/wp\/v2\/posts\/547024","targetHints":{"allow":["GET"]}}],"collection":[{"href":"https:\/\/www.europesays.com\/fr\/wp-json\/wp\/v2\/posts"}],"about":[{"href":"https:\/\/www.europesays.com\/fr\/wp-json\/wp\/v2\/types\/post"}],"author":[{"embeddable":true,"href":"https:\/\/www.europesays.com\/fr\/wp-json\/wp\/v2\/users\/2"}],"replies":[{"embeddable":true,"href":"https:\/\/www.europesays.com\/fr\/wp-json\/wp\/v2\/comments?post=547024"}],"version-history":[{"count":0,"href":"https:\/\/www.europesays.com\/fr\/wp-json\/wp\/v2\/posts\/547024\/revisions"}],"wp:featuredmedia":[{"embeddable":true,"href":"https:\/\/www.europesays.com\/fr\/wp-json\/wp\/v2\/media\/547025"}],"wp:attachment":[{"href":"https:\/\/www.europesays.com\/fr\/wp-json\/wp\/v2\/media?parent=547024"}],"wp:term":[{"taxonomy":"category","embeddable":true,"href":"https:\/\/www.europesays.com\/fr\/wp-json\/wp\/v2\/categories?post=547024"},{"taxonomy":"post_tag","embeddable":true,"href":"https:\/\/www.europesays.com\/fr\/wp-json\/wp\/v2\/tags?post=547024"}],"curies":[{"name":"wp","href":"https:\/\/api.w.org\/{rel}","templated":true}]}}