{"id":547028,"date":"2025-11-20T14:43:11","date_gmt":"2025-11-20T14:43:11","guid":{"rendered":"https:\/\/www.europesays.com\/fr\/547028\/"},"modified":"2025-11-20T14:43:11","modified_gmt":"2025-11-20T14:43:11","slug":"federer-pret-a-trinquer-avec-djokovic-sports","status":"publish","type":"post","link":"https:\/\/www.europesays.com\/fr\/547028\/","title":{"rendered":"Federer pr\u00eat \u00e0 trinquer avec Djokovic : Sports"},"content":{"rendered":"<p class=\"date\">\n                                                            Thomas Siniecki, Media365 : publi\u00e9 le jeudi 20 novembre 2025 \u00e0 12h05\n                                                    <\/p>\n<p>Novak Djokovic reste l&rsquo;ultime repr\u00e9sentant en activit\u00e9 du fameux \u00ab\u00a0Big Three\u00a0\u00bb. Ensuite, il sera temps de se rem\u00e9morer \u00ab\u00a0le bon vieux temps\u00a0\u00bb, comme dit Roger Federer.<\/p>\n<p>O\u00f9 en est la relation entre les trois monstres sacr\u00e9s Roger Federer, Rafael Nadal et Novak Djokovic ? On sait que le Suisse, au moment de l&rsquo;av\u00e8nement du Serbe, <a href=\"https:\/\/sports.orange.fr\/tennis\/atp\/article\/atp-quand-federer-et-nadal-etaient-froids-avec-djokovic-exclu-CNT000002j8XUJ.html\" rel=\"nofollow noopener\" target=\"_blank\">toisait assez clairement son jeune adversaire naissant et il s&rsquo;en est d\u00e9j\u00e0 excus\u00e9<\/a> (ou presque). D\u00e9sormais, \u00ab\u00a0Rodgeur\u00a0\u00bb juge que \u00ab\u00a0ce genre de rivalit\u00e9 cr\u00e9e des liens tr\u00e8s forts\u00a0\u00bb et qu&rsquo;il aimerait acc\u00e9der \u00e0 la requ\u00eate d\u00e9j\u00e0 \u00e9nonc\u00e9e par \u00ab\u00a0Djoko\u00a0\u00bb, \u00e0 savoir que les trois monstres aux 66 titres du Grand Chelem cumul\u00e9s prennent un verre ensemble et discutent de tout, une fois leurs carri\u00e8res termin\u00e9es &#8211; et il ne manque donc plus que Novak Djokovic.<\/p>\n<p>\u00ab\u00a0Quelqu&rsquo;un a peut-\u00eatre mal pris quelque chose, et vous, vous ne vous en souvenez m\u00eame plus\u00a0\u00bb<\/p>\n<p>\u00ab\u00a0Je vois les choses diff\u00e9remment, avec beaucoup plus de recul\u00a0\u00bb, certifie Roger Federer (44 ans, contre 39 ans pour Rafael Nadal et 38 ans pour Novak Djokovic) dans un long entretien accord\u00e9 \u00e0 nos confr\u00e8res suisses du Tages-Anzeiger : \u00ab\u00a0Il ne sait pas encore ce que \u00e7a fait. &lsquo;Rafa&rsquo;, lui, s&rsquo;en approche petit \u00e0 petit. Quand on est encore en activit\u00e9, on ne peut pas y penser comme je le fais. Plus le temps passe, moins on s&rsquo;identifie \u00e0 un joueur individuel et plus on a une vision d&rsquo;ensemble. Ce qui est dr\u00f4le, c&rsquo;est que quelqu&rsquo;un a peut-\u00eatre mal pris quelque chose, et vous, vous ne vous en souvenez m\u00eame plus. Je suis tout \u00e0 fait partant pour qu&rsquo;on se retrouve et qu&rsquo;on \u00e9voque le bon vieux temps.\u00a0\u00bb<\/p>\n<p>Roger Federer pr\u00e9cise \u00e9galement que <a href=\"https:\/\/sports.orange.fr\/tennis\/wimbledon\/article\/roger-federer-a-recu-un-bel-hommage-a-wimbledon-exclu-CNT0000025jlde.html\" rel=\"nofollow noopener\" target=\"_blank\">sa d\u00e9faite m\u00e9morable en finale de Wimbledon 2019<\/a> face au \u00ab\u00a0Djoker\u00a0\u00bb, 13-12 au tie-break du cinqui\u00e8me set, est imm\u00e9diatement apparue pour lui comme un \u00e9v\u00e9nement positif : \u00ab\u00a0Curieusement, \u00e7a ne m&rsquo;a pas perturb\u00e9 longtemps. Je ne sais pas du tout pourquoi, peut-\u00eatre \u00e0 cause des enfants, peut-\u00eatre parce que j&rsquo;avais battu &lsquo;Rafa&rsquo; en demi-finales. Mais je passais \u00e0 autre chose, j&rsquo;ai analys\u00e9 la situation avec beaucoup de d\u00e9tachement.\u00a0\u00bb Il sera temps d&rsquo;en reparler autour d&rsquo;un bon ap\u00e9ro.<\/p>\n","protected":false},"excerpt":{"rendered":"Thomas Siniecki, Media365 : publi\u00e9 le jeudi 20 novembre 2025 \u00e0 12h05 Novak Djokovic reste l&rsquo;ultime repr\u00e9sentant en&hellip;\n","protected":false},"author":2,"featured_media":547029,"comment_status":"","ping_status":"","sticky":false,"template":"","format":"standard","meta":{"footnotes":""},"categories":[1415],"tags":[1011,27,60,1467],"class_list":{"0":"post-547028","1":"post","2":"type-post","3":"status-publish","4":"format-standard","5":"has-post-thumbnail","7":"category-tennis","8":"tag-fr","9":"tag-france","10":"tag-sports","11":"tag-tennis"},"share_on_mastodon":{"url":"https:\/\/pubeurope.com\/@fr\/115582560046320213","error":""},"_links":{"self":[{"href":"https:\/\/www.europesays.com\/fr\/wp-json\/wp\/v2\/posts\/547028","targetHints":{"allow":["GET"]}}],"collection":[{"href":"https:\/\/www.europesays.com\/fr\/wp-json\/wp\/v2\/posts"}],"about":[{"href":"https:\/\/www.europesays.com\/fr\/wp-json\/wp\/v2\/types\/post"}],"author":[{"embeddable":true,"href":"https:\/\/www.europesays.com\/fr\/wp-json\/wp\/v2\/users\/2"}],"replies":[{"embeddable":true,"href":"https:\/\/www.europesays.com\/fr\/wp-json\/wp\/v2\/comments?post=547028"}],"version-history":[{"count":0,"href":"https:\/\/www.europesays.com\/fr\/wp-json\/wp\/v2\/posts\/547028\/revisions"}],"wp:featuredmedia":[{"embeddable":true,"href":"https:\/\/www.europesays.com\/fr\/wp-json\/wp\/v2\/media\/547029"}],"wp:attachment":[{"href":"https:\/\/www.europesays.com\/fr\/wp-json\/wp\/v2\/media?parent=547028"}],"wp:term":[{"taxonomy":"category","embeddable":true,"href":"https:\/\/www.europesays.com\/fr\/wp-json\/wp\/v2\/categories?post=547028"},{"taxonomy":"post_tag","embeddable":true,"href":"https:\/\/www.europesays.com\/fr\/wp-json\/wp\/v2\/tags?post=547028"}],"curies":[{"name":"wp","href":"https:\/\/api.w.org\/{rel}","templated":true}]}}