{"id":547034,"date":"2025-11-20T14:49:14","date_gmt":"2025-11-20T14:49:14","guid":{"rendered":"https:\/\/www.europesays.com\/fr\/547034\/"},"modified":"2025-11-20T14:49:14","modified_gmt":"2025-11-20T14:49:14","slug":"amanda-seyfried-reclame-ces-deux-stars-au-casting-de-mamma-mia-3","status":"publish","type":"post","link":"https:\/\/www.europesays.com\/fr\/547034\/","title":{"rendered":"Amanda Seyfried r\u00e9clame ces deux stars au casting de \u00ab\u00a0Mamma Mia 3\u00a0\u00bb"},"content":{"rendered":"<p>Amanda Seyfried est partante pour Mamma Mia 3\u00a0! Mieux encore, l\u2019actrice de 39 ans, qui incarne la fille de Donna Sheridan (Meryl Streep), Sophie, depuis la sortie du premier film en\u00a02008 de la saga musicale faisant honneur \u00e0 <a href=\"https:\/\/www.20minutes.fr\/arts-stars\/culture\/2313151-20180725-mamma-mia-2-comment-fait-abba-toujours-summum-hype\" target=\"_blank\" class=\"c-link c-link--is-underlined\" rel=\"noopener\">ABBA<\/a>, a son propre avis sur les stars qui devraient int\u00e9grer le prochain casting. Alors que les rumeurs d\u2019un troisi\u00e8me volet vont bon train depuis\u00a02020, Amanda Seyfried imagine bien donner la r\u00e9plique \u00e0 Sabrina Carpenter.<\/p>\n<p>La star de Lolita malgr\u00e9 moi n\u2019est toutefois pas la premi\u00e8re \u00e0 mentionner la chanteuse de Please Please Please dans ce contexte. Quelques mois plus t\u00f4t, la productrice Judy Craymer a laiss\u00e9 entendre que la pop star se fondrait bien dans l\u2019univers de la franchise. \u00ab\u00a0Elle serait une d\u00e9esse ou une proche qui ressemblerait beaucoup \u00e0 Meryl Streep\u00a0\u00bb, avait-elle imagin\u00e9 \u00e0 la demande de <a href=\"https:\/\/deadline.com\/2025\/05\/as-mamma-mia-returns-to-broadway-talk-turns-to-sabrina-carpenter-joining-cast-of-third-movie-amp-a-tv-versions-in-the-future-1236411906\/\" rel=\"nofollow noopener\" target=\"_blank\" class=\"c-link c-link--is-underlined\">Deadline<\/a>, sans pour autant confirmer la date de sortie du troisi\u00e8me volet ou la participation de la chanteuse.<\/p>\n<p>Une proche \u00e9loign\u00e9e<\/p>\n<p>Mais <a href=\"https:\/\/www.20minutes.fr\/arts-stars\/people\/4142214-20250308-apres-amanda-seyfried-suite-jennifer-body-megan-fox-discussion\" target=\"_blank\" class=\"c-link c-link--is-underlined\" rel=\"noopener\">Amanda Seyfried<\/a> garde espoir. \u00ab\u00a0Je suis peut-\u00eatre na\u00efve, mais je suis presque s\u00fbr que Mamma Mia 3 est dans la poche\u00a0\u00bb, a-t-elle r\u00e9cemment d\u00e9clar\u00e9 \u00e0 <a href=\"https:\/\/www.etonline.com\/media\/videos\/amanda-seyfried-wants-sabrina-carpenter-and-sydney-sweeney-to-join-mamma-mia-3\" rel=\"nofollow noopener\" target=\"_blank\" class=\"c-link c-link--is-underlined\">Entertainment Tonight<\/a>. L\u2019actrice est aussi curieuse de voir \u00e9voluer son personnage, qui a d\u00e9couvert dans le pr\u00e9c\u00e8dent volet, Mamma Mia\u00a0: Here We Go Again (2018), qu\u2019elle \u00e9tait enceinte. \u00ab\u00a0J\u2019adore incarner une maman, alors j\u2019aimerais beaucoup voir Sophie avec ses enfants\u00a0\u00bb, a-t-elle admis. \u00ab\u00a0Peut-\u00eatre qu\u2019elle a une cousine qu\u2019elle n\u2019a pas vue depuis longtemps, et \u00e7a pourrait \u00eatre Sabrina Carpenter\u00a0\u00bb.<\/p>\n<p>Amanda Seyfried aimerait aussi accueillir Sydney Sweeney, avec qui elle partage la vedette dans l\u2019adaptation cin\u00e9matographique du roman de Freida McFadden, <a href=\"https:\/\/www.20minutes.fr\/arts-stars\/people\/4168891-20250821-realisateur-the-housemaid-salue-professionnalisme-sydney-sweeney-pendant-rupture\" target=\"_blank\" class=\"c-link c-link--is-underlined\" rel=\"noopener\">La femme de m\u00e9nage<\/a>, attendue le mois prochain. \u00ab\u00a0Puis Sydney Sweeney pourrait faire une apparition\u00a0\u00bb, a-t-elle propos\u00e9. \u00ab\u00a0Il y a plein de filles qui veulent vraiment en faire partie, et je suis tout \u00e0 fait partante\u00a0\u00bb. Sydney Sweeney a elle aussi confirm\u00e9 son int\u00e9r\u00eat pour la franchise en\u00a02023, d\u00e9clarant \u00e0 <a href=\"https:\/\/www.youtube.com\/watch?v=h4osnVjrLyk\" rel=\"nofollow noopener\" target=\"_blank\" class=\"c-link c-link--is-underlined\">Variety<\/a> qu\u2019elle a \u00ab\u00a0toujours voulu aller en Gr\u00e8ce\u00a0\u00bb, o\u00f9 Mamma Mia se d\u00e9roule, et que faire partie du projet \u00ab\u00a0serait cool\u00a0\u00bb.<\/p>\n<p>D\u2019autres membres du casting original, comme Pierce Brosnan et Christine Baranski (Tanya), ont confirm\u00e9 l\u2019an dernier qu\u2019ils s\u2019\u00e9taient entretenus avec la productrice de la saga, qui a elle-m\u00eame assur\u00e9 \u00e0 Deadline qu\u2019un nouveau Mamma Mia verrait bien le jour\u00a0!<\/p>\n","protected":false},"excerpt":{"rendered":"Amanda Seyfried est partante pour Mamma Mia 3\u00a0! Mieux encore, l\u2019actrice de 39 ans, qui incarne la fille&hellip;\n","protected":false},"author":2,"featured_media":547035,"comment_status":"","ping_status":"","sticky":false,"template":"","format":"standard","meta":{"footnotes":""},"categories":[1359],"tags":[49437,58,59,1011,27,24032,8906,40528,973,3051,31477,41445,133],"class_list":{"0":"post-547034","1":"post","2":"type-post","3":"status-publish","4":"format-standard","5":"has-post-thumbnail","7":"category-people","8":"tag-amanda-seyfried","9":"tag-divertissement","10":"tag-entertainment","11":"tag-fr","12":"tag-france","13":"tag-freida-mcfadden","14":"tag-grece","15":"tag-meryl-streep","16":"tag-people","17":"tag-premiere","18":"tag-sabrina-carpenter","19":"tag-sydney-sweeney","20":"tag-video"},"share_on_mastodon":{"url":"https:\/\/pubeurope.com\/@fr\/115582583716020562","error":""},"_links":{"self":[{"href":"https:\/\/www.europesays.com\/fr\/wp-json\/wp\/v2\/posts\/547034","targetHints":{"allow":["GET"]}}],"collection":[{"href":"https:\/\/www.europesays.com\/fr\/wp-json\/wp\/v2\/posts"}],"about":[{"href":"https:\/\/www.europesays.com\/fr\/wp-json\/wp\/v2\/types\/post"}],"author":[{"embeddable":true,"href":"https:\/\/www.europesays.com\/fr\/wp-json\/wp\/v2\/users\/2"}],"replies":[{"embeddable":true,"href":"https:\/\/www.europesays.com\/fr\/wp-json\/wp\/v2\/comments?post=547034"}],"version-history":[{"count":0,"href":"https:\/\/www.europesays.com\/fr\/wp-json\/wp\/v2\/posts\/547034\/revisions"}],"wp:featuredmedia":[{"embeddable":true,"href":"https:\/\/www.europesays.com\/fr\/wp-json\/wp\/v2\/media\/547035"}],"wp:attachment":[{"href":"https:\/\/www.europesays.com\/fr\/wp-json\/wp\/v2\/media?parent=547034"}],"wp:term":[{"taxonomy":"category","embeddable":true,"href":"https:\/\/www.europesays.com\/fr\/wp-json\/wp\/v2\/categories?post=547034"},{"taxonomy":"post_tag","embeddable":true,"href":"https:\/\/www.europesays.com\/fr\/wp-json\/wp\/v2\/tags?post=547034"}],"curies":[{"name":"wp","href":"https:\/\/api.w.org\/{rel}","templated":true}]}}