{"id":547038,"date":"2025-11-20T14:52:12","date_gmt":"2025-11-20T14:52:12","guid":{"rendered":"https:\/\/www.europesays.com\/fr\/547038\/"},"modified":"2025-11-20T14:52:12","modified_gmt":"2025-11-20T14:52:12","slug":"joey-apres-plus-de-20-ans-dattente-les-derniers-episodes-du-spin-off-de-friends-sont-enfin-disponibles","status":"publish","type":"post","link":"https:\/\/www.europesays.com\/fr\/547038\/","title":{"rendered":"\u00ab\u00a0Joey\u00a0\u00bb: apr\u00e8s plus de 20 ans d&rsquo;attente, les derniers \u00e9pisodes du spin-off de \u00ab\u00a0Friends\u00a0\u00bb sont enfin disponibles"},"content":{"rendered":"<p class=\"mb-4 text-lg md:leading-8 break-words\">Les fans inconditionnels de <a data-i13n=\"cpos:1;pos:1\" href=\"https:\/\/fr.news.yahoo.com\/soulag%C3%A9e-quil-ait-fini-souffrance-104644709.html\" data-ylk=\"slk:Friends;cpos:1;pos:1;elm:context_link;itc:0;sec:content-canvas;outcm:mb_qualified_link;_E:mb_qualified_link;ct:story;\" class=\"link  yahoo-link\" target=\"_blank\" rel=\"noopener\">Friends<\/a>\u00a0peuvent enfin regarder le final de Joey, spin-off de la sitcom culte. Apr\u00e8s pr\u00e8s de 20 ans d&rsquo;attente, les huit derniers \u00e9pisodes de la saison 2 de cette s\u00e9rie &#8211; jamais diffus\u00e9s auparavant &#8211; ont \u00e9t\u00e9 mis en ligne gratuitement sur la <a data-i13n=\"cpos:2;pos:1\" href=\"https:\/\/www.youtube.com\/playlist?list=PL7PQp2APUAPIWW_j4kWYiUQM3UR8g_yvk\" rel=\"nofollow noopener\" target=\"_blank\" data-ylk=\"slk:cha\u00eene YouTube de Friends;cpos:2;pos:1;elm:context_link;itc:0;sec:content-canvas\" class=\"link \">cha\u00eene YouTube de Friends<\/a>.<\/p>\n<p class=\"mb-4 text-lg md:leading-8 break-words\">Diffus\u00e9e entre 2004 et 2006 sur NBC, Joey relate la vie du personnage culte de Friends, incarn\u00e9 par <a data-i13n=\"cpos:3;pos:1\" href=\"https:\/\/www.bfmtv.com\/people\/friends-matt-le-blanc-et-courteney-cox-rendent-hommage-a-matthew-perry_VN-202311150188.html\" rel=\"nofollow noopener\" target=\"_blank\" data-ylk=\"slk:Matt LeBlanc;cpos:3;pos:1;elm:context_link;itc:0;sec:content-canvas\" class=\"link \">Matt LeBlanc<\/a>, alors qu&rsquo;il d\u00e9cide de quitter New York pour Hollywood afin de donner un nouvel \u00e9lan \u00e0 sa carri\u00e8re d&rsquo;acteur.<\/p>\n<p class=\"mb-4 text-lg md:leading-8 break-words\">\u00c0 Los Angeles, il retrouve notemment sa s\u0153ur Gina (Drea de Matteo) et son neveu de 20 ans, Michael (Paulo Costanzo). Matt LeBlanc y donne \u00e9galement la r\u00e9plique \u00e0 <a data-i13n=\"cpos:4;pos:1\" href=\"https:\/\/fr.news.yahoo.com\/jennifer-coolidge-devenue-culte-145842358.html\" data-ylk=\"slk:Jennifer Coolidge;cpos:4;pos:1;elm:context_link;itc:0;sec:content-canvas;outcm:mb_qualified_link;_E:mb_qualified_link;ct:story;\" class=\"link  yahoo-link\" target=\"_blank\" rel=\"noopener\">Jennifer Coolidge<\/a> (La Revanche d&rsquo;une blonde, The White Lotus), qui joue le r\u00f4le de l&rsquo;agente de Joey.<\/p>\n<p>Annul\u00e9 avant la fin de la diffusion<\/p>\n<p class=\"mb-4 text-lg md:leading-8 break-words\">Cr\u00e9\u00e9e par deux sc\u00e9naristes de <a data-i13n=\"cpos:5;pos:1\" href=\"https:\/\/fr.news.yahoo.com\/friends-c%C3%A9l%C3%A8bre-caf%C3%A9-central-perk-063639523.html\" data-ylk=\"slk:Friends;cpos:5;pos:1;elm:context_link;itc:0;sec:content-canvas;outcm:mb_qualified_link;_E:mb_qualified_link;ct:story;\" class=\"link  yahoo-link\" target=\"_blank\" rel=\"noopener\">Friends<\/a>, Shana Goldberg-Meehan et Scott Silveri, la s\u00e9rie Joey a connu un carton d&rsquo;audience \u00e0 ses d\u00e9buts r\u00e9unissant 18,6 millions de t\u00e9l\u00e9spectateurs pour son \u00e9pisode pilote. Mais, l&rsquo;engouement s&rsquo;est rapidement estomp\u00e9 avec 10,2 millions de t\u00e9l\u00e9spectateurs en moyenne pour la saison 1, et 7,1 millions pour la seconde.<\/p>\n<p class=\"mb-4 text-lg md:leading-8 break-words\">Face \u00e0 cette \u00e9rosion, la s\u00e9rie avait \u00e9t\u00e9 annul\u00e9e avant la fin de la deuxi\u00e8me saison. NBC a pris la d\u00e9cision alors qu&rsquo;il restait huit \u00e9pisodes \u00e0 diffuser aux Etats-Unis. D&rsquo;autres pays dont l&rsquo;Irlande et la Norv\u00e8ge ont cependant pu les voir.<\/p>\n<p class=\"mb-4 text-lg md:leading-8 break-words\">Si Joey est d\u00e9sormais disponible en int\u00e9gralit\u00e9 sur YouTube, on ignore toutefois si la s\u00e9rie sera par la suite mise en ligne sur la plateforme Max, o\u00f9 Friends est diffus\u00e9 en exclusivit\u00e9.<\/p>\n<p class=\"mb-4 text-lg md:leading-8 break-words\"><a data-i13n=\"cpos:6;pos:1\" href=\"https:\/\/www.bfmtv.com\/people\/series\/joey-apres-plus-de-20-ans-d-attente-les-derniers-episodes-du-spin-off-de-friends-sont-enfin-disponibles_AN-202511200330.html#xtor=AL-68\" rel=\"nofollow noopener\" target=\"_blank\" data-ylk=\"slk:Article original publi\u00e9 sur BFMTV.com;cpos:6;pos:1;elm:context_link;itc:0;sec:content-canvas\" class=\"link \">Article original publi\u00e9 sur BFMTV.com<\/a><\/p>\n","protected":false},"excerpt":{"rendered":"Les fans inconditionnels de Friends\u00a0peuvent enfin regarder le final de Joey, spin-off de la sitcom culte. Apr\u00e8s pr\u00e8s&hellip;\n","protected":false},"author":2,"featured_media":547039,"comment_status":"","ping_status":"","sticky":false,"template":"","format":"standard","meta":{"footnotes":""},"categories":[1356],"tags":[58,66501,59,1011,27,37639,66502,66499,66498,66500,252,1364,2784],"class_list":{"0":"post-547038","1":"post","2":"type-post","3":"status-publish","4":"format-standard","5":"has-post-thumbnail","7":"category-television","8":"tag-divertissement","9":"tag-drea-de-matteo","10":"tag-entertainment","11":"tag-fr","12":"tag-france","13":"tag-friends","14":"tag-jennifer-coolidge","15":"tag-matt-leblanc","16":"tag-paulo-costanzo","17":"tag-serie-joey","18":"tag-television","19":"tag-tv","20":"tag-youtube"},"share_on_mastodon":{"url":"","error":""},"_links":{"self":[{"href":"https:\/\/www.europesays.com\/fr\/wp-json\/wp\/v2\/posts\/547038","targetHints":{"allow":["GET"]}}],"collection":[{"href":"https:\/\/www.europesays.com\/fr\/wp-json\/wp\/v2\/posts"}],"about":[{"href":"https:\/\/www.europesays.com\/fr\/wp-json\/wp\/v2\/types\/post"}],"author":[{"embeddable":true,"href":"https:\/\/www.europesays.com\/fr\/wp-json\/wp\/v2\/users\/2"}],"replies":[{"embeddable":true,"href":"https:\/\/www.europesays.com\/fr\/wp-json\/wp\/v2\/comments?post=547038"}],"version-history":[{"count":0,"href":"https:\/\/www.europesays.com\/fr\/wp-json\/wp\/v2\/posts\/547038\/revisions"}],"wp:featuredmedia":[{"embeddable":true,"href":"https:\/\/www.europesays.com\/fr\/wp-json\/wp\/v2\/media\/547039"}],"wp:attachment":[{"href":"https:\/\/www.europesays.com\/fr\/wp-json\/wp\/v2\/media?parent=547038"}],"wp:term":[{"taxonomy":"category","embeddable":true,"href":"https:\/\/www.europesays.com\/fr\/wp-json\/wp\/v2\/categories?post=547038"},{"taxonomy":"post_tag","embeddable":true,"href":"https:\/\/www.europesays.com\/fr\/wp-json\/wp\/v2\/tags?post=547038"}],"curies":[{"name":"wp","href":"https:\/\/api.w.org\/{rel}","templated":true}]}}