{"id":547042,"date":"2025-11-20T14:54:37","date_gmt":"2025-11-20T14:54:37","guid":{"rendered":"https:\/\/www.europesays.com\/fr\/547042\/"},"modified":"2025-11-20T14:54:37","modified_gmt":"2025-11-20T14:54:37","slug":"le-film-dhorreur-clayface-sinspirera-du-meilleur-batman","status":"publish","type":"post","link":"https:\/\/www.europesays.com\/fr\/547042\/","title":{"rendered":"le film d&rsquo;horreur Clayface s&rsquo;inspirera du meilleur Batman"},"content":{"rendered":"<p><strong>Alors que DCU orchestr\u00e9 par <a href=\"https:\/\/www.ecranlarge.com\/personnalite\/652864-james-gunn-ii\" data-type=\"people\" data-id=\"304984\" rel=\"nofollow noopener\" target=\"_blank\">James Gunn<\/a> et <a href=\"https:\/\/www.ecranlarge.com\/personnalite\/703078-peter-safran\" data-type=\"people\" data-id=\"350491\" rel=\"nofollow noopener\" target=\"_blank\">Peter Safran<\/a> va avancer \u00e0 coups de blockbusters calibr\u00e9s, le myst\u00e9rieux <a href=\"https:\/\/www.ecranlarge.com\/films\/clayface\" data-type=\"films\" data-id=\"1254587\" rel=\"nofollow noopener\" target=\"_blank\">Clayface <\/a>avance avec une promesse : celle d\u2019un vrai film d\u2019horreur nourri du meilleur des Batman.<\/strong><\/p>\n<p>Apr\u00e8s <a href=\"https:\/\/www.ecranlarge.com\/films\/news\/superman-streaming-vod-succes-echec-box-office\" data-type=\"link\" data-id=\"https:\/\/www.ecranlarge.com\/films\/news\/superman-streaming-vod-succes-echec-box-office\" rel=\"nofollow noopener\" target=\"_blank\">le semi-succ\u00e8s du <strong>Superman <\/strong>de James Gunn<\/a>, la grosse machine de com\u2019 de DC\/Warner a d\u00e9j\u00e0 d\u00e9gain\u00e9 ses rouleaux compresseurs. Pour 2026, <a href=\"https:\/\/www.ecranlarge.com\/films\/news\/apres-superman-supergirl-nouveaux-details-film-dc\" data-type=\"link\" data-id=\"https:\/\/www.ecranlarge.com\/films\/news\/apres-superman-supergirl-nouveaux-details-film-dc\" rel=\"nofollow noopener\" target=\"_blank\"><strong>Supergirl <\/strong>s\u2019annonce comme un road-trip cosmique muscl\u00e9<\/a>, avec <a href=\"https:\/\/www.ecranlarge.com\/films\/news\/supergirl-jason-momoa-dc-aquaman-lobo\" data-type=\"link\" data-id=\"https:\/\/www.ecranlarge.com\/films\/news\/supergirl-jason-momoa-dc-aquaman-lobo\" rel=\"nofollow noopener\" target=\"_blank\">un Jason Momoa en Lobo pour invit\u00e9 de marque<\/a>. En 2027, ce sera <strong><a href=\"https:\/\/www.ecranlarge.com\/films\/superman-man-of-tomorrow\" data-type=\"films\" data-id=\"1334972\" rel=\"nofollow noopener\" target=\"_blank\">Superman 2 : Man of Tomorrow<\/a><\/strong> qui tentera de rassembler les foules avec Brainiac en super vilain assez costaud pour obliger l\u2019Homme d\u2019Acier et Lex Luthor \u00e0 serrer les coudes.<\/p>\n<p>                    <img decoding=\"async\" alt=\"\" class=\"wp-image-518375\" style=\"object-fit:cover;width:25px;height:25px\" src=\"https:\/\/www.ecranlarge.com\/content\/uploads\/2023\/09\/arrow-right-circle.svg\"\/><\/p>\n<p>Mais \u00e0 c\u00f4t\u00e9 de ces mastodontes, deux projets intriguent bien davantage. D\u2019abord <strong><a href=\"https:\/\/www.ecranlarge.com\/series\/1353606-green-lantern\" data-type=\"series\" data-id=\"695630\" rel=\"nofollow noopener\" target=\"_blank\">Lanterns <\/a><\/strong>sur HBO, vendu comme un <strong>True Detective<\/strong> galactique pour le corps des Green Lanterns, et au cin\u00e9ma, <strong>Clayface<\/strong>, confi\u00e9 \u00e0 <a href=\"https:\/\/www.ecranlarge.com\/personnalite\/685518-james-watkins-v\" data-type=\"people\" data-id=\"334633\" rel=\"nofollow noopener\" target=\"_blank\">James Watkins<\/a> (La Dame en noir) \u00e0 la r\u00e9alisation et <a href=\"https:\/\/www.ecranlarge.com\/personnalite\/959008-mike-flanagan\" data-type=\"people\" data-id=\"472835\" rel=\"nofollow noopener\" target=\"_blank\">Mike Flanagan<\/a> (<strong>Doctor Sleep, The Life of Chuck<\/strong>) au sc\u00e9nario. <strong>Un projet \u00e9nigmatique dont on a d\u00e9couvert quelques d\u00e9tails<\/strong>, qui nous font clairement tr\u00e9pigner d\u2019impatience.<\/p>\n<\/p>\n<p>Clayface, made in 90\u2019s<\/p>\n<p>Lors d\u2019un panel Midnight Mass organis\u00e9 par ScreenRant au Motor City Comic Con 2025, Mike Flanagan a livr\u00e9 quelques \u00e9claircissements sur la gen\u00e8se de <strong>Clayface<\/strong>. Celui-ci n\u2019aura aucun lien avec le <strong>Batman <\/strong>de Matt Reeves, log\u00e9 dans l\u2019univers Elseworlds \u00e0 part du DCU principal, celui o\u00f9 gambade le <strong>Superman <\/strong>de Gunn. Mais surtout, Flanagan a confirm\u00e9 qu\u2019il s\u2019est replong\u00e9 dans <a href=\"https:\/\/www.ecranlarge.com\/series\/871129-batman-la-serie-animee\" data-type=\"series\" data-id=\"693998\" rel=\"nofollow noopener\" target=\"_blank\"><strong>Batman, la s\u00e9rie anim\u00e9e<\/strong><\/a> de Paul Dini, le Graal absolu pour tout Bat-fan dot\u00e9 d\u2019un minimum de bon go\u00fbt, pour cr\u00e9er <strong>Clayface<\/strong>.<\/p>\n<blockquote class=\"wp-block-quote is-layout-flow wp-block-quote-is-layout-flow\">\n<p><strong>\u00ab Quand on a commenc\u00e9 \u00e0 parler de Clayface, je n\u2019avais pas encore vu ce que Matt [Reeves] pr\u00e9parait. Donc je suis directement revenu \u00e0 Feat of Clay [Bas les Masques en VF], cet incroyable diptyque avec Ron Perlman qui double le personnage principal, qui m\u2019a \u00e9norm\u00e9ment marqu\u00e9 quand j\u2019\u00e9tais<\/strong> <strong>enfant. \u00bb<\/strong><\/p>\n<\/blockquote>\n<p><img loading=\"lazy\" decoding=\"async\" width=\"1000\" height=\"752\" alt=\"\" src=\"https:\/\/www.europesays.com\/fr\/wp-content\/uploads\/2025\/11\/mv5bztmwnzbizgmtnmrkmc00mtlmltliyzatowm0ztq0yzjjytzixkeyxkfqcgc._v1_f_jpg_ux1000_.jpg.jpg\"  \/><\/p>\n<p>Ron Perlman en Matt Hagen, le meilleur casting possible<\/p>\n<p><strong>Flanagan a pr\u00e9cis\u00e9 qu\u2019il avait d\u2019abord commenc\u00e9 \u00e0 d\u00e9velopper le personnage aux c\u00f4t\u00e9s de Matt Reeves<\/strong>, avec l\u2019intention de r\u00e9aliser lui-m\u00eame le film <strong>Clayface<\/strong>. Mais le projet a finalement bascul\u00e9 de l\u2019ancien DCEU au nouveau DCU de Gunn\/Safran en 2024. Et lorsqu\u2019il a fallu enclencher la production tambour battant, Flanagan, d\u00e9j\u00e0 embarqu\u00e9 sur la s\u00e9rie <strong>Carrie<\/strong>, n\u2019a pas r\u00e9ussi \u00e0 s\u2019arracher \u00e0 son planning, et a d\u00fb confier la r\u00e9alisation \u00e0 James Watkins d\u00e9but 2025.<\/p>\n<blockquote class=\"wp-block-quote is-layout-flow wp-block-quote-is-layout-flow\">\n<p><strong>\u00ab Clayface\u2026 J\u2019ai pris tellement de plaisir \u00e0 d\u00e9velopper [ce personnage] avec Matt [Reeves], puis avec James [Gunn] et Peter [Safran]. C\u2019est l\u2019une des grandes tristesses de ma carri\u00e8re : quand il a fallu le lancer, et qu\u2019ils voulaient faire le film tout de suite, je n\u2019\u00e9tais pas disponible. \u00bb<\/strong><\/p>\n<\/blockquote>\n<p><a href=\"https:\/\/www.ecranlarge.com\/content\/uploads\/2025\/11\/clayfacee-vs-batman-tas_webp.jpg\" rel=\"nofollow noopener\" target=\"_blank\"><\/p>\n<p><img loading=\"lazy\" decoding=\"async\" alt=\"\" src=\"https:\/\/www.europesays.com\/fr\/wp-content\/uploads\/2025\/11\/clayfacee-vs-batman-tas_webp-1260x630.jpg\" width=\"1260\" height=\"630\"  \/><\/p>\n<p><\/a>Un combat qui a terrifi\u00e9 pas mal de gosses<\/p>\n<p>Flanagan a conclu en r\u00e9v\u00e9lant que <strong>le tournage du film s\u2019est achev\u00e9 le 1er novembre 2025<\/strong>, sans qu\u2019il n\u2019ait encore pu le d\u00e9couvrir. Et, une fois encore, il a rappel\u00e9 d\u2019o\u00f9 vient le socle cr\u00e9atif de <strong>Clayface<\/strong>. <\/p>\n<blockquote class=\"wp-block-quote is-layout-flow wp-block-quote-is-layout-flow\">\n<p><strong>\u00ab Je ne l\u2019ai pas vu. Ils viennent juste de finir, je meurs d\u2019envie de d\u00e9couvrir \u00e7a. J\u2019ai h\u00e2te de voir ce qu\u2019ils en ont fait. Mais pour moi, tout remonte \u00e0 la s\u00e9rie anim\u00e9e. Batman<\/strong>,<strong> la s\u00e9rie anim\u00e9e, c\u2019est de l\u2019art. \u00bb<\/strong><\/p>\n<\/blockquote>\n<p>                    <img decoding=\"async\" alt=\"\" class=\"wp-image-518375\" style=\"object-fit:cover;width:25px;height:25px\" src=\"https:\/\/www.ecranlarge.com\/content\/uploads\/2023\/09\/arrow-right-circle.svg\"\/><\/p>\n<p><strong>Clayface <\/strong>pourrait bien servir de rampe d\u2019acc\u00e8s au Chevalier Noir version DCU. Sans annoncer frontalement la couleur, le film ferait office de premier jalon vers <strong>The Brave and the Bold<\/strong>, futur long-m\u00e9trage cens\u00e9 introduire le Batman \u201cofficiel\u201d du nouvel univers, \u00e9paul\u00e9 par un Robin-Damian Wayne, fils biologique de Bruce Wayne et de Talia Al\u2019Ghul.<\/p>\n<p><strong inert=\"true\">DC Studios a programm\u00e9 Clayface pour une sortie fran\u00e7aise le 9 septembre 2026<\/strong>. Tom Rhys Harries y incarnera la cr\u00e9ature tragique en personne, tandis que Naomi Ackie, Max Minghella et Eddie Marsan compl\u00e9teront la distribution.<\/p>\n","protected":false},"excerpt":{"rendered":"Alors que DCU orchestr\u00e9 par James Gunn et Peter Safran va avancer \u00e0 coups de blockbusters calibr\u00e9s, le&hellip;\n","protected":false},"author":2,"featured_media":547043,"comment_status":"","ping_status":"","sticky":false,"template":"","format":"standard","meta":{"footnotes":""},"categories":[1354],"tags":[58,59,1346,1011,27,1360],"class_list":{"0":"post-547042","1":"post","2":"type-post","3":"status-publish","4":"format-standard","5":"has-post-thumbnail","7":"category-films","8":"tag-divertissement","9":"tag-entertainment","10":"tag-films","11":"tag-fr","12":"tag-france","13":"tag-movies"},"share_on_mastodon":{"url":"https:\/\/pubeurope.com\/@fr\/115582603941426895","error":""},"_links":{"self":[{"href":"https:\/\/www.europesays.com\/fr\/wp-json\/wp\/v2\/posts\/547042","targetHints":{"allow":["GET"]}}],"collection":[{"href":"https:\/\/www.europesays.com\/fr\/wp-json\/wp\/v2\/posts"}],"about":[{"href":"https:\/\/www.europesays.com\/fr\/wp-json\/wp\/v2\/types\/post"}],"author":[{"embeddable":true,"href":"https:\/\/www.europesays.com\/fr\/wp-json\/wp\/v2\/users\/2"}],"replies":[{"embeddable":true,"href":"https:\/\/www.europesays.com\/fr\/wp-json\/wp\/v2\/comments?post=547042"}],"version-history":[{"count":0,"href":"https:\/\/www.europesays.com\/fr\/wp-json\/wp\/v2\/posts\/547042\/revisions"}],"wp:featuredmedia":[{"embeddable":true,"href":"https:\/\/www.europesays.com\/fr\/wp-json\/wp\/v2\/media\/547043"}],"wp:attachment":[{"href":"https:\/\/www.europesays.com\/fr\/wp-json\/wp\/v2\/media?parent=547042"}],"wp:term":[{"taxonomy":"category","embeddable":true,"href":"https:\/\/www.europesays.com\/fr\/wp-json\/wp\/v2\/categories?post=547042"},{"taxonomy":"post_tag","embeddable":true,"href":"https:\/\/www.europesays.com\/fr\/wp-json\/wp\/v2\/tags?post=547042"}],"curies":[{"name":"wp","href":"https:\/\/api.w.org\/{rel}","templated":true}]}}