{"id":547048,"date":"2025-11-20T14:57:17","date_gmt":"2025-11-20T14:57:17","guid":{"rendered":"https:\/\/www.europesays.com\/fr\/547048\/"},"modified":"2025-11-20T14:57:17","modified_gmt":"2025-11-20T14:57:17","slug":"justine-et-patrice-sont-ils-encore-en-couple-aujourdhui-je-commence-a-paniquer","status":"publish","type":"post","link":"https:\/\/www.europesays.com\/fr\/547048\/","title":{"rendered":"Justine et Patrice sont-ils encore en couple aujourd\u2019hui ? \u00ab\u00a0Je commence \u00e0 paniquer\u00a0\u00bb"},"content":{"rendered":"<p>Vingt ans apr\u00e8s son lancement, <a href=\"https:\/\/www.mariefrance.fr\/tele\/amour-dans-pre-exigence-evelyne-totalement-refroidi-anthony-pret-spoiler-1220945.html\" target=\"_blank\" rel=\"noopener\">L\u2019Amour est dans le pr\u00e9<\/a><br \/>\ns\u2019appr\u00eate \u00e0 c\u00e9l\u00e9brer son anniversaire lors d\u2019une grande \u00e9mission.<br \/>\nOn y retrouvera les agriculteurs embl\u00e9matiques qui ont marqu\u00e9<br \/>\nl\u2019histoire du programme. D&rsquo;ailleurs, beaucoup s\u2019attendaient \u00e0<br \/>\n<strong>revoir Justine et Patrice, couple phare de la saison<br \/>\n18<\/strong>. Seulement voil\u00e0, leur absence de l&rsquo;\u00e9pisode diffus\u00e9 le<br \/>\n8 d\u00e9cembre prochain a interpell\u00e9 les t\u00e9l\u00e9spectateurs.<\/p>\n<p>En effet, selon les informations de <a href=\"https:\/\/www.voici.fr\/tele-realite\/l-amour-est-dans-le-pre-justine-et-patrice-ont-ils-rompu-la-production-explique-pourquoi-on-ne-les-verra-pas-pour-les-20-ans-de-l-emission-815172\" target=\"_blank\" rel=\"nofollow noopener\">Voici<\/a>, la<br \/>\nproduction a confirm\u00e9 qu\u2019<strong>ils ne figureront pas dans cette<br \/>\n\u00e9mission anniversaire<\/strong>. Les fid\u00e8les du programme se<br \/>\ndemandent alors o\u00f9 ils en sont aujourd\u2019hui. Et, si leur histoire,<br \/>\nautant m\u00e9diatis\u00e9e que critiqu\u00e9e, a r\u00e9sist\u00e9 au temps.<\/p>\n<p>Un couple n\u00e9 dans L\u2019Amour est dans le pr\u00e9<\/p>\n<p>La saison 18 de L\u2019Amour est dans le pr\u00e9 restera l\u2019une<br \/>\ndes plus mouvement\u00e9es. <strong>C\u2019est en effet cette ann\u00e9e-l\u00e0 qu\u2019un<br \/>\nfait in\u00e9dit s\u2019\u00e9tait produit<\/strong> : Charles, recal\u00e9 faute<br \/>\nd\u2019avoir re\u00e7u du courrier, est reparti avec l\u2019une des pr\u00e9tendantes<br \/>\nde son ami Patrice, la p\u00e9tillante V\u00e9ronique. Mais pendant que leur<br \/>\nromance \u00e9clair s\u2019effondrait, Patrice se rapprochait de Justine, sa<br \/>\nconcurrente directe lors du s\u00e9jour \u00e0 la ferme. Leur relation,<br \/>\ncritiqu\u00e9e, scrut\u00e9e et parfois moqu\u00e9e, a pourtant tenu bon jusqu\u2019au<br \/>\nbilan.<\/p>\n<p>Donc \u00e0 l\u2019heure de f\u00eater les vingt ans de l\u2019\u00e9mission, beaucoup<br \/>\nimaginaient les retrouver dans le prime anniversaire. Mais<br \/>\n<strong>la production a r\u00e9v\u00e9l\u00e9 pourquoi leur absence est finalement<br \/>\nact\u00e9e<\/strong>. \u00ab Ils ne souhaitent plus passer \u00e0 la t\u00e9l\u00e9 \u00e0<br \/>\ncause du harc\u00e8lement subi par Justine. Ils ne souhaitent plus<br \/>\ns\u2019exposer, ce que je peux comprendre \u00bb, a confi\u00e9 Gabriella<br \/>\nMather. Anne, la \u00ab nounou \u00bb qui encadre les participants,<br \/>\na confirm\u00e9 : \u00ab Justine a eu tellement de souffrance apr\u00e8s la<br \/>\ndiffusion de sa saison, qu\u2019on avait pr\u00e9venu en disant qu\u2019on<br \/>\nn\u2019allait pas l\u2019inviter pour qu\u2019elle soit \u00e9pargn\u00e9e. \u00bb<\/p>\n<p><img loading=\"lazy\" decoding=\"async\" aria-describedby=\"caption-attachment-1197007\" itemprop=\"thumbnailUrl\" class=\"size-full wp-image-1197007 img-responsive\" src=\"https:\/\/www.europesays.com\/fr\/wp-content\/uploads\/2025\/11\/3-23.jpg\" alt=\"Justine (L\u2019amour est dans le pr\u00e9) : 2 ans apr\u00e8s sa rencontre avec Patrice, cette vid\u00e9o s\u00e8me le doute sur ce changement de vie\" width=\"1280\" height=\"720\"\/> \u00a9 M6<\/p>\n<p id=\"caption-attachment-1197007\" class=\"wp-caption-text\">Patrice<br \/>\net Justine se sont rencontr\u00e9s dans l&rsquo;\u00e9mission \u00ab\u00a0L&rsquo;amour est dans le<br \/>\npr\u00e9\u00a0\u00bb en 2023.<\/p>\n<p>Un couple de L\u2019Amour est dans le pr\u00e9 qui tient bon malgr\u00e9 les<br \/>\n\u00e9preuves<\/p>\n<p>Si les t\u00e9l\u00e9spectateurs pouvaient craindre une s\u00e9paration, la<br \/>\ndirectrice de casting, Louise Horellou, a tenu \u00e0 rassurer :<br \/>\n<strong>Patrice et Justine sont toujours ensemble<\/strong>. Elle<br \/>\ns\u2019est m\u00eame rendue \u00e0 la ferme de Patrice pour le constater. \u00ab<br \/>\nIls ont tellement souffert de la m\u00e9diatisation, des moqueries<br \/>\net des critiques qu\u2019ils pr\u00e9f\u00e8rent aujourd\u2019hui \u00eatre tranquilles. Ils<br \/>\nsont toujours ensemble, tout va bien \u00bb, a-t-elle expliqu\u00e9. Une<br \/>\ntranquillit\u00e9 n\u00e9cessaire, tant les attaques dont le couple a \u00e9t\u00e9 la<br \/>\ncible ont laiss\u00e9 des traces profondes.<\/p>\n<p>Dans un entretien accord\u00e9 \u00e0 L\u2019\u00c9veil de Pont-Audemer en<br \/>\n2024, <strong>Justine s\u2019est livr\u00e9e avec une rare<br \/>\nsinc\u00e9rit\u00e9<\/strong>. Elle y r\u00e9v\u00e8le avoir song\u00e9 au pire. \u00ab J\u2019ai<br \/>\npeur de sortir, peur d\u2019aller faire les courses. Je souffre<br \/>\nd\u2019insomnie, de troubles alimentaires \u00bb, confiait-elle. Elle a<br \/>\n\u00e9galement \u00e9voqu\u00e9 lors du <a href=\"https:\/\/www.mariefrance.fr\/actualite\/l-amour-est-dans-le-pre-karine-le-marchand-leche-bombe-patrice-justine-881249.html\" target=\"_blank\" rel=\"noopener\">bilan de L&rsquo;Amour est dans le pr\u00e9<\/a><br \/>\nune \u00ab maladie invisible \u00bb : \u00ab La d\u00e9pression, mes TOC,<br \/>\nmon manque de confiance en moi et mon besoin de contr\u00f4le et de<br \/>\ncadre font partie de mon handicap psychique que j\u2019ai d\u00e9velopp\u00e9<br \/>\ndepuis le Covid. Ce sont en fait des troubles, pas forc\u00e9ment du<br \/>\ncomportement. Je peux \u00eatre super bien. Mais en p\u00e9riode de stress<br \/>\nintense, je peux vite fatiguer, perdre mes moyens, \u00e7a se voit sur<br \/>\nmon visage, je commence \u00e0 paniquer. \u00bb Une s\u00e9quence forte, mais<br \/>\nqui n\u2019a jamais \u00e9t\u00e9 diffus\u00e9e \u00e0 l\u2019antenne.<\/p>\n<p><img loading=\"lazy\" decoding=\"async\" aria-describedby=\"caption-attachment-1064712\" class=\"size-full wp-image-1064712 img-responsive\" src=\"https:\/\/www.europesays.com\/fr\/wp-content\/uploads\/2025\/11\/1-217.jpg\" alt=\"Patrice et Justine\" width=\"1280\" height=\"720\"\/><br \/>\n\u00a9<br \/>\nM6<\/p>\n<p id=\"caption-attachment-1064712\" class=\"wp-caption-text\">Justine<br \/>\na parl\u00e9 de sa maladie invisible lors du bilan de L&rsquo;Amour est<br \/>\ndans le pr\u00e9.<\/p>\n<p>Une histoire d\u2019amour discr\u00e8te malgr\u00e9<br \/>\nl\u2019\u00e9mission L\u2019Amour est dans le pr\u00e9<\/p>\n<p>En souhaitant s\u2019\u00e9loigner d\u00e9finitivement de la lumi\u00e8re, <a href=\"https:\/\/www.mariefrance.fr\/news-people\/patrice-lamour-est-dans-le-pre-separe-de-justine-cette-ex-pretendante-quil-revoit-il-a-ete-apercu-avec-1061480.html?utm_source=Twitter_Nonli&amp;utm_medium=Social&amp;utm_campaign=Nonli\" target=\"_blank\" rel=\"noopener\">Justine et Patrice ont fait un<br \/>\nchoix<\/a> rare parmi les anciens participants de L\u2019Amour est dans<br \/>\nle pr\u00e9. Celui de pr\u00e9server leur couple avant toute exposition<br \/>\nm\u00e9diatique. Donc, <strong>leur absence au prime anniversaire n\u2019est<br \/>\nni une rupture, ni une distance<\/strong>, mais un acte de<br \/>\nprotection. \u00c9prouv\u00e9s par la violence des r\u00e9actions, ils poursuivent<br \/>\nleur vie loin des cam\u00e9ras, soud\u00e9s par ce qu\u2019ils ont travers\u00e9.<\/p>\n<blockquote class=\"twitter-tweet\"><p><a class=\"twitter-link\" rel=\"noindex, nofollow noopener\" href=\"https:\/\/twitter.com\/mariefrancemag\/status\/1812354730070364320\" target=\"_blank\"><\/p><\/blockquote>\n<p>S\u2019ils ne souffleront pas les vingt bougies de l\u2019\u00e9mission en<br \/>\ndirect, <strong>leur histoire, parfois malmen\u00e9e, mais profond\u00e9ment<br \/>\nauthentique<\/strong>, reste l\u2019une des plus marquantes des derni\u00e8res<br \/>\nsaisons. Une histoire qui continue \u00e0 l\u2019abri des regards, loin des<br \/>\nplateaux. Et elle rappelle qu\u2019au-del\u00e0 du divertissement, les<br \/>\nsentiments, eux, ne se jouent pas sous les feux des<br \/>\nprojecteurs.<\/p>\n<p><script async src=\"https:\/\/platform.twitter.com\/widgets.js\" charset=\"utf-8\"><\/script><\/p>\n","protected":false},"excerpt":{"rendered":"Vingt ans apr\u00e8s son lancement, L\u2019Amour est dans le pr\u00e9 s\u2019appr\u00eate \u00e0 c\u00e9l\u00e9brer son anniversaire lors d\u2019une grande&hellip;\n","protected":false},"author":2,"featured_media":547049,"comment_status":"","ping_status":"","sticky":false,"template":"","format":"standard","meta":{"footnotes":""},"categories":[8],"tags":[21303,58,59,1011,27,9307],"class_list":{"0":"post-547048","1":"post","2":"type-post","3":"status-publish","4":"format-standard","5":"has-post-thumbnail","7":"category-divertissement","8":"tag-buzz_nonli","9":"tag-divertissement","10":"tag-entertainment","11":"tag-fr","12":"tag-france","13":"tag-lamour-est-dans-le-pre"},"share_on_mastodon":{"url":"https:\/\/pubeurope.com\/@fr\/115582615952851810","error":""},"_links":{"self":[{"href":"https:\/\/www.europesays.com\/fr\/wp-json\/wp\/v2\/posts\/547048","targetHints":{"allow":["GET"]}}],"collection":[{"href":"https:\/\/www.europesays.com\/fr\/wp-json\/wp\/v2\/posts"}],"about":[{"href":"https:\/\/www.europesays.com\/fr\/wp-json\/wp\/v2\/types\/post"}],"author":[{"embeddable":true,"href":"https:\/\/www.europesays.com\/fr\/wp-json\/wp\/v2\/users\/2"}],"replies":[{"embeddable":true,"href":"https:\/\/www.europesays.com\/fr\/wp-json\/wp\/v2\/comments?post=547048"}],"version-history":[{"count":0,"href":"https:\/\/www.europesays.com\/fr\/wp-json\/wp\/v2\/posts\/547048\/revisions"}],"wp:featuredmedia":[{"embeddable":true,"href":"https:\/\/www.europesays.com\/fr\/wp-json\/wp\/v2\/media\/547049"}],"wp:attachment":[{"href":"https:\/\/www.europesays.com\/fr\/wp-json\/wp\/v2\/media?parent=547048"}],"wp:term":[{"taxonomy":"category","embeddable":true,"href":"https:\/\/www.europesays.com\/fr\/wp-json\/wp\/v2\/categories?post=547048"},{"taxonomy":"post_tag","embeddable":true,"href":"https:\/\/www.europesays.com\/fr\/wp-json\/wp\/v2\/tags?post=547048"}],"curies":[{"name":"wp","href":"https:\/\/api.w.org\/{rel}","templated":true}]}}